{"id":142045,"date":"2025-09-27T10:38:06","date_gmt":"2025-09-27T10:38:06","guid":{"rendered":"https:\/\/www.europesays.com\/es\/142045\/"},"modified":"2025-09-27T10:38:06","modified_gmt":"2025-09-27T10:38:06","slug":"en-el-futuro-me-gustaria-ver-menos-tecnologia-y-mas-humanidad","status":"publish","type":"post","link":"https:\/\/www.europesays.com\/es\/142045\/","title":{"rendered":"En el futuro me gustar\u00eda ver menos tecnolog\u00eda y m\u00e1s humanidad"},"content":{"rendered":"<p class=\"paragraph\">Con m\u00e1s de 20 a\u00f1os de experiencia, Elisa Conte, desde su estudio de fotograf\u00eda, Vanity Estudio, se ha especializado en una amplia gama de servicios fotogr\u00e1ficos sociales, entre los que destacan bodas, comuniones, embarazos, newborn, mascotas&#8230; <b>Reconoce que el contacto con la gente, las sesiones y los eventos les dan muy buenas vibraciones y le mantienen activa<\/b>. Una pasi\u00f3n que naci\u00f3, casi a la par que el coleccionismo, un perfecto complemento en su trabajo. \u00bfSi no tuviera una c\u00e1mara a qu\u00e9 se habr\u00eda dedicado?<\/p>\n<p class=\"paragraph\">\u2014Desde peque\u00f1a me gustaba la peluquer\u00eda y la moda. As\u00ed que me hubiera dedicado a alguna rama de este tipo. Tambi\u00e9n hubo una \u00e9poca en la que quer\u00eda ser veterinaria. Fueron mis dos pasiones infantiles hasta que empec\u00e9.<\/p>\n<p class=\"paragraph\"><b>\u00bfRecuerda cu\u00e1l fue la primera instant\u00e1nea que realiz\u00f3?<\/b><\/p>\n<p class=\"paragraph\">\u2014Seguramente ser\u00eda a alg\u00fan familiar m\u00edo y con una c\u00e1mara compacta que ten\u00edamos en casa, que me encantaba llevar e ir con mi madre a ver c\u00f3mo la revelaban y qu\u00e9 sal\u00eda.<\/p>\n<p class=\"paragraph\"><b>\u00bfY aquella que lament\u00f3 haber realizado?<\/b><\/p>\n<p class=\"paragraph\">\u2014Lamentar, no recuerdo lamentar ninguna foto, la verdad. S\u00ed que ha habido \u00e9pocas en las que ha habido fotos que me ha costado m\u00e1s volver a mirar, porque son cosas que me han pasado a lo largo de la vida pero, al final, la fotograf\u00eda siempre est\u00e1 ah\u00ed para darnos un recuerdo fiel sin adornos.<\/p>\n<p class=\"paragraph\"><b>\u00bfQu\u00e9 fotograf\u00edas cuelgan de las paredes de su casa?<\/b><\/p>\n<p class=\"paragraph\">\u2014El dicho que dice \u201cEn casa de herrero, cuchillo de palo\u201d, es la t\u00f3nica en mi casa. Hay algunas fotos puestas con imanes en la nevera de mis hijos y alg\u00fan marquito peque\u00f1o de alguna foto m\u00eda de cuando era peque\u00f1a, pero me gusta tener cuadros, cuadros de \u00f3leos, antiguos.., que van cambiando a lo largo de del tiempo. A lo mejor me encuentro alguna otra cosa que me llama la atenci\u00f3n y cambio el cuadro por un espejo.<\/p>\n<p class=\"paragraph\"><b>\u00bfAlguna vez se plante\u00f3 probar con otro tipo de fotograf\u00eda (fotoperiodismo, fotograf\u00eda deportiva\u2026)?<\/b><\/p>\n<p class=\"paragraph\">\u2014Siempre me ha gustado fotografiar personas. El contacto con la gente me aporta, porque noto que me da buenas vibraciones. Cuando acabo las sesiones, sobre todo el estar con gente, me hace activarme y me encanta conocer gente y que pase por delante de mi c\u00e1mara. Normalmente, adem\u00e1s, son momentos felices de la vida y con los que disfruto realizando mi trabajo. No me interesa la fotograf\u00eda de fotoperiodismo, ni de bodeg\u00f3n, ni naturaleza muerta, soy m\u00e1s de acci\u00f3n.<\/p>\n<p class=\"paragraph\"><b>\u00bfLas c\u00e1maras de m\u00f3vil son duras competidoras?<\/b><\/p>\n<p class=\"paragraph\">\u2014Me parece una ventaja en cuanto a inmediatez de poder captar momentos que no siempre tienes por qu\u00e9 ir cargado con la c\u00e1mara. Profesionalmente, no he tenido ning\u00fan problema porque la gente lleve sus m\u00f3viles. Es tan sencillo como tener respeto por la gente que est\u00e1 desempe\u00f1ando su trabajo. Normalmente cuando estoy en los eventos, no he tenido ning\u00fan problema, as\u00ed que no las veo como duras competidoras. Tambi\u00e9n cuenta la persona que hay detr\u00e1s.<\/p>\n<p class=\"paragraph\"><b>Tambi\u00e9n es una amante del coleccionismo, \u00bfc\u00f3mo empez\u00f3 con esta afici\u00f3n?<\/b><\/p>\n<p class=\"paragraph\">\u2014Empez\u00f3 a la par que la fotograf\u00eda. A m\u00ed me gusta hacer mis escenarios con objetos inusuales y crear a ra\u00edz de cosas que ya est\u00e1n o que han sido usadas o que voy encontrando. Las ferias de antig\u00fcedades, los mercados, los rastros son sitios de inspiraci\u00f3n para m\u00ed y a ra\u00edz de ah\u00ed empez\u00f3 mi otra gran pasi\u00f3n, que que son las antig\u00fcedades.<\/p>\n<p class=\"paragraph\"><b>Si pudiera rebobinar en su vida. \u00bfCambiar\u00eda algo?<\/b><\/p>\n<p class=\"paragraph\">\u2014Para algunos suena como un t\u00f3pico, pero cambiar, cambiar&#8230;Ha habido cosas que me han salido mejor y peor, con las que he sufrido y he aprendido. Todo lo que he vivido es lo que lo que me ha hecho ser tal como soy. Han sido elecciones m\u00e1s acertadas, menos acertadas, pero todo es un aprendizaje y gracias a todo eso soy esta persona.<\/p>\n<p class=\"paragraph\"><b>\u00bfC\u00f3mo se define en una frase?<\/b><\/p>\n<p class=\"paragraph\">\u2014Una persona con mucha energ\u00eda, muy curiosa y con mucha ilusi\u00f3n por la vida en general.<\/p>\n<p class=\"paragraph\"><b>\u00bfQu\u00e9 es lo que m\u00e1s aprecia en los dem\u00e1s?<\/b><\/p>\n<p class=\"paragraph\">\u2014La lealtad y la transparencia.<\/p>\n<p class=\"paragraph\"><b>\u00bfY un defecto que no soporta?<\/b><\/p>\n<p class=\"paragraph\">La traici\u00f3n.<\/p>\n<p class=\"paragraph\"><b>\u00bfQu\u00e9 es lo que m\u00e1s disfruta en su tiempo libre?<\/b><\/p>\n<p class=\"paragraph\">\u2014Cuando no estoy realizando el trabajo de fot\u00f3grafa, quedo con mi gente, me puede gustar restaurar un mueble, me puedo poner a ordenar el local y ver todas las cositas que tengo por ah\u00ed y, quiz\u00e1s, un plan loco que me propongan, si en ese momento me apetece.<\/p>\n<p class=\"paragraph\"><b>Diga una pasi\u00f3n frustrada&#8230;<\/b><\/p>\n<p class=\"paragraph\">\u2014De unos a\u00f1os aqu\u00ed ha sido estudiar Psicolog\u00eda. Me hubiera encantado, pero me cuesta mucho volverme a sentarme a estudiar.<\/p>\n<p class=\"paragraph\"><b>\u00bfQui\u00e9nes son sus grandes h\u00e9roes o hero\u00ednas?<\/b><\/p>\n<p class=\"paragraph\">\u2014Los h\u00e9roes o hero\u00ednas no est\u00e1n en los libros, es gente que tengo cercana que ha superado muchos obst\u00e1culos en la vida y para m\u00ed son referentes.<\/p>\n<p class=\"paragraph\"><b>Si hablamos de pol\u00edtica, \u00bfse mojar\u00eda?<\/b><\/p>\n<p class=\"paragraph\">\u2014Si hablamos de pol\u00edtica no acabamos pero, vamos, tampoco llegar\u00edamos a ning\u00fan sitio. Pienso que el sistema no funciona en general.<\/p>\n<p class=\"paragraph\"><b>\u00bfSe atrever\u00eda a confesar un secreto a nuestros lectores?<\/b><\/p>\n<p class=\"paragraph\">\u2014No soy rubia, jeje<\/p>\n<p class=\"paragraph\"><b>\u00bfQu\u00e9 desear\u00eda ver en el futuro?<\/b><\/p>\n<p class=\"paragraph\">\u2014Me gustar\u00eda ver menos tecnolog\u00eda y m\u00e1s humanidad. No soy una persona catastr\u00f3fica, pero pienso que, algunos valores se est\u00e1n perdiendo, y que es complicado encauzar todo esto sin que se nos vaya de las manos.\u00a0<\/p>\n","protected":false},"excerpt":{"rendered":"Con m\u00e1s de 20 a\u00f1os de experiencia, Elisa Conte, desde su estudio de fotograf\u00eda, Vanity Estudio, se ha&hellip;\n","protected":false},"author":2,"featured_media":142046,"comment_status":"","ping_status":"","sticky":false,"template":"","format":"standard","meta":{"footnotes":""},"categories":[173],"tags":[229,233,231,230,44102,232,234,146,147,25,24,2848,20638,19400,23,120],"class_list":{"0":"post-142045","1":"post","2":"type-post","3":"status-publish","4":"format-standard","5":"has-post-thumbnail","7":"category-arte-y-diseno","8":"tag-arte","9":"tag-arte-y-diseno","10":"tag-arts","11":"tag-arts-and-design","12":"tag-conte","13":"tag-design","14":"tag-diseno","15":"tag-entertainment","16":"tag-entretenimiento","17":"tag-es","18":"tag-espana","19":"tag-futuro","20":"tag-gustaria","21":"tag-humanidad","22":"tag-spain","23":"tag-tecnologia"},"share_on_mastodon":{"url":"","error":""},"_links":{"self":[{"href":"https:\/\/www.europesays.com\/es\/wp-json\/wp\/v2\/posts\/142045","targetHints":{"allow":["GET"]}}],"collection":[{"href":"https:\/\/www.europesays.com\/es\/wp-json\/wp\/v2\/posts"}],"about":[{"href":"https:\/\/www.europesays.com\/es\/wp-json\/wp\/v2\/types\/post"}],"author":[{"embeddable":true,"href":"https:\/\/www.europesays.com\/es\/wp-json\/wp\/v2\/users\/2"}],"replies":[{"embeddable":true,"href":"https:\/\/www.europesays.com\/es\/wp-json\/wp\/v2\/comments?post=142045"}],"version-history":[{"count":0,"href":"https:\/\/www.europesays.com\/es\/wp-json\/wp\/v2\/posts\/142045\/revisions"}],"wp:featuredmedia":[{"embeddable":true,"href":"https:\/\/www.europesays.com\/es\/wp-json\/wp\/v2\/media\/142046"}],"wp:attachment":[{"href":"https:\/\/www.europesays.com\/es\/wp-json\/wp\/v2\/media?parent=142045"}],"wp:term":[{"taxonomy":"category","embeddable":true,"href":"https:\/\/www.europesays.com\/es\/wp-json\/wp\/v2\/categories?post=142045"},{"taxonomy":"post_tag","embeddable":true,"href":"https:\/\/www.europesays.com\/es\/wp-json\/wp\/v2\/tags?post=142045"}],"curies":[{"name":"wp","href":"https:\/\/api.w.org\/{rel}","templated":true}]}}