{"id":142065,"date":"2025-09-27T10:49:14","date_gmt":"2025-09-27T10:49:14","guid":{"rendered":"https:\/\/www.europesays.com\/es\/142065\/"},"modified":"2025-09-27T10:49:14","modified_gmt":"2025-09-27T10:49:14","slug":"el-psoe-insiste-en-que-el-parlamento-de-andalucia-se-ocupe-de-gaza","status":"publish","type":"post","link":"https:\/\/www.europesays.com\/es\/142065\/","title":{"rendered":"El PSOE insiste en que el Parlamento de Andaluc\u00eda se ocupe de Gaza"},"content":{"rendered":"<p class=\"voc-p\" style=\"\">El PSOE sigue con Gaza como eje principal de su discurso en Andaluc\u00eda y tambi\u00e9n en el Parlamento andaluz. El Grupo Socialista ha registrado una proposici\u00f3n no de ley (PNL) para su debate en la comisi\u00f3n de Presidencia, Interior, Di\u00e1logo Social y Simplificaci\u00f3n Administrativa del Parlamento andaluz que plantea pedir a la Junta que no formalice patrocinios de eventos en los que <strong>\u00abparticipen entidades, empresas, artistas<\/strong>, deportistas o equipos que representen al Estado de Israel o a empresas israel\u00edes\u00ab por el \u00bbgenocidio\u00ab que se est\u00e1 produciendo en Gaza.<\/p>\n<p class=\"voc-p\" style=\"\">As\u00ed se plantea en esta iniciativa socialista,  que tiene como asunto principal la reclamaci\u00f3n de \u00ab<strong>retirada del patrocinio a eventos con participaci\u00f3n<\/strong> de representantes del Estado de Israel\u00ab, y que est\u00e1 previsto que se debata el pr\u00f3ximo jueves, 2 de octubre, en la citada comisi\u00f3n de Presidencia.<\/p>\n<p class=\"voc-p\" style=\"\">No obstante, la iniciativa original ha tenido que ser modificada tras su paso por la Mesa del Parlamento el pasado mi\u00e9rcoles, ya que el \u00f3rgano de gobierno de la C\u00e1mara <strong>no admiti\u00f3 a tr\u00e1mite dos de sus cuatro puntos,<\/strong> seg\u00fan han explicado a Europa Press fuentes del Grupo Socialista.<\/p>\n<p class=\"voc-p\" style=\"\">En concreto, la PNL original comenzaba reclamando que el Parlamento instase al Consejo de Gobierno de la Junta de Andaluc\u00eda a \u00abcondenar expresamente el genocidio cometido por el Estado de Israel contra la <strong>poblaci\u00f3n palestina en la Franja de Gaza,<\/strong> en l\u00ednea con el pronunciamiento de Naciones Unidas de 16 de septiembre de 2025\u00ab, si bien este punto no ha sido admitido a tr\u00e1mite por la Mesa.<\/p>\n<p class=\"voc-p\" style=\"\">Adem\u00e1s, la iniciativa del PSOE-A planteaba que el Parlamento instase a la Junta a \u00abadoptar un compromiso p\u00fablico de coherencia institucional con la Agenda 2030 y los principios de paz, justicia e instituciones s\u00f3lidas (ODS 16), incorporando la defensa activa de los derechos humanos y la condena <strong>de los cr\u00edmenes de lesa humanidad<\/strong> en todas las actuaciones internacionales de la Junta de Andaluc\u00eda con referencia expresa al genocidio cometido en Gaza\u00ab, un punto que tampoco ha admitido a tr\u00e1mite la Mesa.<\/p>\n<p>\nEventos deportivos\n<\/p>\n<p class=\"voc-p\" style=\"\">En cambio, s\u00ed han superado el examen de la Mesa los otros dos puntos incluidos en la PNL, con los que, por un lado, el Grupo Socialista propone que el Parlamento inste al Gobierno andaluz a \u00absuspender y no formalizar ning\u00fan patrocinio, subvenci\u00f3n o colaboraci\u00f3n institucional de la Junta de Andaluc\u00eda para eventos deportivos, culturales, empresariales o de cualquier otro tipo en los que participen entidades, empresas, artistas, deportistas o equipos que representen al Estado de Israel o a empresas israel\u00edes\u00bb.<\/p>\n<p class=\"voc-p\" style=\"\">De igual modo, el Grupo Socialista quiere con esta iniciativa que el Parlamento<strong> inste al Consejo de Gobierno a \u00abcancelar de inmediato l<\/strong>os patrocinios o colaboraciones ya concedidos, en aplicaci\u00f3n de la obligaci\u00f3n internacional de no contribuir, directa o indirectamente, al sostenimiento de cr\u00edmenes de genocidio\u00ab.<\/p>\n<p class=\"voc-p\" style=\"\">En la exposici\u00f3n de motivos para justificar esta proposici\u00f3n no de ley, el Grupo Socialista parte del reciente informe<strong> \u00abde extrema gravedad\u00bb<\/strong> elaborado por la Comisi\u00f3n Internacional Independiente de Investigaci\u00f3n sobre los Territorios Palestinos Ocupados, \u00f3rgano de Naciones Unidas, que ha concluido \u00abque Israel ha cometido actos de genocidio contra el pueblo palestino en la Franja de Gaza\u00bb.<\/p>\n<p class=\"voc-p\" style=\"\">\u00abLos comisionados de Naciones Unidas subrayan que Israel no ha cumplido sus obligaciones internacionales al no prevenir ni castigar tales cr\u00edmenes, lo que constituye <strong>una violaci\u00f3n flagrante del derecho internacional,<\/strong> de la Carta de las Naciones Unidas y de la Convenci\u00f3n para la Prevenci\u00f3n y Sanci\u00f3n del Delito de Genocidio de 1948, de la que Espa\u00f1a es parte\u00ab, subraya la iniciativa socialista.<\/p>\n<p class=\"voc-p\" style=\"\">En este marco, \u00abAndaluc\u00eda no puede permanecer ajena\u00bb, contin\u00faa la exposici\u00f3n de motivos, que subraya que esta comunidad aut\u00f3noma \u00abcuenta con una profunda tradici\u00f3n de solidaridad internacional, expresada en iniciativas de cooperaci\u00f3n, ayuda humanitaria y hermanamiento con pueblos en situaci\u00f3n de conflicto, impulsadas tanto por instituciones p\u00fablicas como por organizaciones sociales y ciudadanas\u00bb.<\/p>\n<p class=\"voc-p\" style=\"\">Adem\u00e1s, desde el PSOE-A remarcan que \u00abel propio Parlamento de Andaluc\u00eda ha aprobado <strong>en diversas ocasiones resoluciones<\/strong> y declaraciones de solidaridad con Palestina, el S\u00e1hara Occidental, Ucrania y otros territorios en los que se han visto vulnerados los derechos humanos\u00ab.<\/p>\n<p class=\"voc-p\" style=\"\">En esa l\u00ednea, la iniciativa socialista sostiene que \u00abAndaluc\u00eda, como sociedad comprometida con los valores democr\u00e1ticos, los derechos humanos y la paz, no puede permanecer impasible ante este exterminio premeditado, ejecutado con extrema crueldad y frialdad, ni puede tolerar el silencio c\u00f3mplice de las instituciones andaluzas\u00bb.<\/p>\n<p class=\"voc-p\" style=\"\">Tambi\u00e9n consideran desde el Grupo Socialista \u00abespecialmente grave que el presidente de la Junta de Andaluc\u00eda\u00bb, Juanma Moreno, \u00aby el consejero de la Presidencia, Interior, Di\u00e1logo Social y Simplificaci\u00f3n Administrativa\u00bb, Antonio Sanz, <strong>\u00abm\u00e1ximo responsable de las relaciones institucionales<\/strong> de la Junta y de la Agenda 2030 para el Desarrollo Sostenible y la Paz, hayan evitado pronunciarse sobre este informe de Naciones Unidas, neg\u00e1ndose a condenar expl\u00edcitamente lo que ha sido calificado como genocidio\u00ab.<\/p>\n<p class=\"voc-p\" style=\"\">Adem\u00e1s, la iniciativa subraya que \u00aba la Consejer\u00eda de la Presidencia le corresponde la coordinaci\u00f3n de la publicidad institucional de la Junta de Andaluc\u00eda, incluyendo la decisi\u00f3n sobre los patrocinios en eventos deportivos, culturales y de cualquier \u00edndole\u00bb.<\/p>\n<p class=\"voc-p\" style=\"\">\u00abNo resulta moral ni pol\u00edticamente aceptable que se destinen recursos p\u00fablicos andaluces a apoyar, directa o indirectamente, actividades vinculadas con empresas<strong>, entidades, artistas o deportistas<\/strong> que representen al Estado de Israel mientras este mantiene una campa\u00f1a genocida contra el pueblo palestino\u00ab, sostiene el Grupo Socialista para justificar la presentaci\u00f3n de esta PNL.<\/p>\n<p class=\"voc-p\" style=\"\">De esta forma, para el PSOE-A \u00abresulta pertinente que el Gobierno andaluz adopte medidas que garanticen que la Junta de Andaluc\u00eda no financie, apoye ni participe en actividades de car\u00e1cter deportivo, cultural o empresarial<strong> que impliquen colaboraci\u00f3n con entidades<\/strong> representativas del Estado de Israel o con empresas israel\u00edes, en coherencia con las obligaciones derivadas del derecho internacional y de la Agenda 2030\u00ab.<\/p>\n<p class=\"voc-p\" style=\"\">Finalmente, desde el PSOE-A llaman con esta proposici\u00f3n no de ley a que el Gobierno del PP-A en la Junta act\u00fae \u00aben coherencia con el compromiso de Andaluc\u00eda con los derechos humanos, con la paz y con la Agenda 2030 de Naciones Unidas, y en sinton\u00eda con la sensibilidad solidaria que hist\u00f3ricamente ha mostrado el pueblo andaluz ante las causas de justicia y dignidad de los pueblos\u00bb, para lo que \u00abresulta inaplazable adoptar medidas institucionales claras que expresen nuestro rechazo a este genocidio y nuestra solidaridad activa con el pueblo palestino\u00bb, concluye el razonamiento socialista.<\/p>\n<p>Reportar un error<\/p>\n","protected":false},"excerpt":{"rendered":"El PSOE sigue con Gaza como eje principal de su discurso en Andaluc\u00eda y tambi\u00e9n en el Parlamento&hellip;\n","protected":false},"author":2,"featured_media":142066,"comment_status":"","ping_status":"","sticky":false,"template":"","format":"standard","meta":{"footnotes":""},"categories":[8],"tags":[259,17,18,25,24,13,14,694,11,715,19,20,9,10,15,16,44104,14863,1699,23,12,21,22],"class_list":{"0":"post-142065","1":"post","2":"type-post","3":"status-publish","4":"format-standard","5":"has-post-thumbnail","7":"category-espana","8":"tag-andalucia","9":"tag-breaking-news","10":"tag-breakingnews","11":"tag-es","12":"tag-espana","13":"tag-featured-news","14":"tag-featurednews","15":"tag-gaza","16":"tag-headlines","17":"tag-insiste","18":"tag-latest-news","19":"tag-latestnews","20":"tag-news","21":"tag-noticias","22":"tag-noticias-destacadas","23":"tag-noticiasdestacadas","24":"tag-ocupe","25":"tag-parlamento","26":"tag-psoe","27":"tag-spain","28":"tag-titulares","29":"tag-ultimas-noticias","30":"tag-ultimasnoticias"},"share_on_mastodon":{"url":"","error":""},"_links":{"self":[{"href":"https:\/\/www.europesays.com\/es\/wp-json\/wp\/v2\/posts\/142065","targetHints":{"allow":["GET"]}}],"collection":[{"href":"https:\/\/www.europesays.com\/es\/wp-json\/wp\/v2\/posts"}],"about":[{"href":"https:\/\/www.europesays.com\/es\/wp-json\/wp\/v2\/types\/post"}],"author":[{"embeddable":true,"href":"https:\/\/www.europesays.com\/es\/wp-json\/wp\/v2\/users\/2"}],"replies":[{"embeddable":true,"href":"https:\/\/www.europesays.com\/es\/wp-json\/wp\/v2\/comments?post=142065"}],"version-history":[{"count":0,"href":"https:\/\/www.europesays.com\/es\/wp-json\/wp\/v2\/posts\/142065\/revisions"}],"wp:featuredmedia":[{"embeddable":true,"href":"https:\/\/www.europesays.com\/es\/wp-json\/wp\/v2\/media\/142066"}],"wp:attachment":[{"href":"https:\/\/www.europesays.com\/es\/wp-json\/wp\/v2\/media?parent=142065"}],"wp:term":[{"taxonomy":"category","embeddable":true,"href":"https:\/\/www.europesays.com\/es\/wp-json\/wp\/v2\/categories?post=142065"},{"taxonomy":"post_tag","embeddable":true,"href":"https:\/\/www.europesays.com\/es\/wp-json\/wp\/v2\/tags?post=142065"}],"curies":[{"name":"wp","href":"https:\/\/api.w.org\/{rel}","templated":true}]}}