{"id":142069,"date":"2025-09-27T10:51:04","date_gmt":"2025-09-27T10:51:04","guid":{"rendered":"https:\/\/www.europesays.com\/es\/142069\/"},"modified":"2025-09-27T10:51:04","modified_gmt":"2025-09-27T10:51:04","slug":"el-balonmano-abulense-honra-a-anselmo-gonzalez-con-un-memorial-que-apuesta-por-los-jovenes","status":"publish","type":"post","link":"https:\/\/www.europesays.com\/es\/142069\/","title":{"rendered":"El balonmano abulense honra a Anselmo Gonz\u00e1lez con un memorial que apuesta por los j\u00f3venes"},"content":{"rendered":"<p>&#13;<br \/>\n\t\t    &#13;<br \/>\n&#13;<\/p>\n<p>\t\t\t    <a href=\"https:\/\/deportesavila.es\/wp-content\/uploads\/2025\/09\/DSC_8082-copia.jpg\" data-caption=\"\" rel=\"nofollow noopener\" target=\"_blank\"><img loading=\"lazy\" decoding=\"async\" width=\"696\" height=\"522\" class=\"entry-thumb td-modal-image\" src=\"https:\/\/www.europesays.com\/es\/wp-content\/uploads\/2025\/09\/DSC_8082-copia-696x522.jpg\"   alt=\"\" title=\"DSC_8082 copia\"\/><\/a><br \/>\n<b>@deportesavila \/ El balonmano abulense se prepara para una cita especial con la celebraci\u00f3n del IV Memorial Anselmo Gonz\u00e1lez del R\u00edo ma\u00f1ana domingo 28 de septiembre. El torneo no solo rinde tributo a un hist\u00f3rico del balonmano de \u00c1vila, sino que tambi\u00e9n busca promocionar este deporte entre los j\u00f3venes de la ciudad.<\/b><\/p>\n<p class=\"p1\" style=\"text-align: justify;\">El encuentro central del memorial enfrentar\u00e1 al <b>Balonmano \u00c1vila 7 Metros<\/b> contra el <b>Club de Balonmano Arroyo<\/b>, de Arroyo de la Encomienda (Valladolid). Ambos equipos militan en la Segunda Divisi\u00f3n B de Castilla y Le\u00f3n y disputar\u00e1n el partido a partir de las <b>12:30 horas en el CUM Carlos Sastre<\/b>.<\/p>\n<p><b>Una ma\u00f1ana dedicada a la promoci\u00f3n del balonmano<\/b><\/p>\n<p class=\"p1\" style=\"text-align: justify;\">De forma previa al partido, y con el objetivo de acercar la disciplina a los m\u00e1s peque\u00f1os, se llevar\u00e1n a cabo <b>actividades para j\u00f3venes a partir de las 10:30 horas<\/b>. El club ha destacado que, gracias a su trabajo, el balonmano ha regresado a los patios de los colegios, llegando a m\u00e1s de <b>2.500 escolares<\/b>.<\/p>\n<p class=\"p1\" style=\"text-align: justify;\">Este memorial se enmarca dentro de la <b>Semana Europea del Deporte<\/b> programada por el Ayuntamiento de \u00c1vila, que incluye jornadas de puertas abiertas para el balonmano en el pabell\u00f3n Carlos Soria. Adem\u00e1s, forma parte de la veintena de actividades deportivas organizadas con motivo de las <b>Fiestas de Santa Teresa<\/b>, que este fin de semana tambi\u00e9n contar\u00e1n con los partidos de la Divisi\u00f3n B de la Liga de Naciones de F\u00fatbol para Amputados y la cuarta edici\u00f3n del Trofeo de Tenis Fiestas de Santa Teresa.<\/p>\n<p>\t\t    &#13;<br \/>\n&#13;<br \/>\n\t\t    &#13;<br \/>\n\t\t\t    \t\t\t    &#13;<br \/>\n\t\t\t    &#13;<br \/>\n&#13;<br \/>\n\t\t\t    \t\t\t    Previous article<a href=\"https:\/\/deportesavila.es\/tres-karatecas-del-shotokan-tora-se-preparan-para-brillar-en-la-liga-nacional-de-pontevedra\" rel=\"nofollow noopener\" target=\"_blank\">Tres karatecas del Shotokan Tora se preparan para brillar en la Liga Nacional de Pontevedra<\/a>\t\t\t    \t\t\t    \t\t    &#13;<br \/>\n&#13;<\/p>\n","protected":false},"excerpt":{"rendered":"&#13; &#13; &#13; @deportesavila \/ El balonmano abulense se prepara para una cita especial con la celebraci\u00f3n del&hellip;\n","protected":false},"author":2,"featured_media":142070,"comment_status":"","ping_status":"","sticky":false,"template":"","format":"standard","meta":{"footnotes":""},"categories":[278],"tags":[376,168,25,24,375,23,167],"class_list":{"0":"post-142069","1":"post","2":"type-post","3":"status-publish","4":"format-standard","5":"has-post-thumbnail","7":"category-balonmano","8":"tag-balonmano","9":"tag-deportes","10":"tag-es","11":"tag-espana","12":"tag-handball","13":"tag-spain","14":"tag-sports"},"share_on_mastodon":{"url":"","error":""},"_links":{"self":[{"href":"https:\/\/www.europesays.com\/es\/wp-json\/wp\/v2\/posts\/142069","targetHints":{"allow":["GET"]}}],"collection":[{"href":"https:\/\/www.europesays.com\/es\/wp-json\/wp\/v2\/posts"}],"about":[{"href":"https:\/\/www.europesays.com\/es\/wp-json\/wp\/v2\/types\/post"}],"author":[{"embeddable":true,"href":"https:\/\/www.europesays.com\/es\/wp-json\/wp\/v2\/users\/2"}],"replies":[{"embeddable":true,"href":"https:\/\/www.europesays.com\/es\/wp-json\/wp\/v2\/comments?post=142069"}],"version-history":[{"count":0,"href":"https:\/\/www.europesays.com\/es\/wp-json\/wp\/v2\/posts\/142069\/revisions"}],"wp:featuredmedia":[{"embeddable":true,"href":"https:\/\/www.europesays.com\/es\/wp-json\/wp\/v2\/media\/142070"}],"wp:attachment":[{"href":"https:\/\/www.europesays.com\/es\/wp-json\/wp\/v2\/media?parent=142069"}],"wp:term":[{"taxonomy":"category","embeddable":true,"href":"https:\/\/www.europesays.com\/es\/wp-json\/wp\/v2\/categories?post=142069"},{"taxonomy":"post_tag","embeddable":true,"href":"https:\/\/www.europesays.com\/es\/wp-json\/wp\/v2\/tags?post=142069"}],"curies":[{"name":"wp","href":"https:\/\/api.w.org\/{rel}","templated":true}]}}