{"id":142073,"date":"2025-09-27T10:54:04","date_gmt":"2025-09-27T10:54:04","guid":{"rendered":"https:\/\/www.europesays.com\/es\/142073\/"},"modified":"2025-09-27T10:54:04","modified_gmt":"2025-09-27T10:54:04","slug":"ryder-cup-2025-en-directo-estados-unidos-vs-europa-dia-2-con-jon-rahm-hoy-en-vivo-online","status":"publish","type":"post","link":"https:\/\/www.europesays.com\/es\/142073\/","title":{"rendered":"Ryder Cup 2025, en directo: Estados Unidos vs Europa, d\u00eda 2 con Jon Rahm hoy, en vivo online"},"content":{"rendered":"<p>Los emparejamientos para la primera sesi\u00f3n del d\u00eda. Luke Donald repite exactamente los mismos emparejamientos que en la ma\u00f1ana de ayer, aunque manda a Aberg y Fitzpatrick en el primer turno y deja a Rahm y Hatton para el tercero. En Estados Unidos, Bradley sienta a Justin Thomas para que sea Cam Young, de lo mejorcito ayer, quien acompa\u00f1e esta vez a DeChambeau.\u00a0<\/p>\n","protected":false},"excerpt":{"rendered":"Los emparejamientos para la primera sesi\u00f3n del d\u00eda. Luke Donald repite exactamente los mismos emparejamientos que en la&hellip;\n","protected":false},"author":2,"featured_media":142074,"comment_status":"","ping_status":"","sticky":false,"template":"","format":"standard","meta":{"footnotes":""},"categories":[275],"tags":[168,25,24,329,23,167],"class_list":{"0":"post-142073","1":"post","2":"type-post","3":"status-publish","4":"format-standard","5":"has-post-thumbnail","7":"category-golf","8":"tag-deportes","9":"tag-es","10":"tag-espana","11":"tag-golf","12":"tag-spain","13":"tag-sports"},"share_on_mastodon":{"url":"","error":""},"_links":{"self":[{"href":"https:\/\/www.europesays.com\/es\/wp-json\/wp\/v2\/posts\/142073","targetHints":{"allow":["GET"]}}],"collection":[{"href":"https:\/\/www.europesays.com\/es\/wp-json\/wp\/v2\/posts"}],"about":[{"href":"https:\/\/www.europesays.com\/es\/wp-json\/wp\/v2\/types\/post"}],"author":[{"embeddable":true,"href":"https:\/\/www.europesays.com\/es\/wp-json\/wp\/v2\/users\/2"}],"replies":[{"embeddable":true,"href":"https:\/\/www.europesays.com\/es\/wp-json\/wp\/v2\/comments?post=142073"}],"version-history":[{"count":0,"href":"https:\/\/www.europesays.com\/es\/wp-json\/wp\/v2\/posts\/142073\/revisions"}],"wp:featuredmedia":[{"embeddable":true,"href":"https:\/\/www.europesays.com\/es\/wp-json\/wp\/v2\/media\/142074"}],"wp:attachment":[{"href":"https:\/\/www.europesays.com\/es\/wp-json\/wp\/v2\/media?parent=142073"}],"wp:term":[{"taxonomy":"category","embeddable":true,"href":"https:\/\/www.europesays.com\/es\/wp-json\/wp\/v2\/categories?post=142073"},{"taxonomy":"post_tag","embeddable":true,"href":"https:\/\/www.europesays.com\/es\/wp-json\/wp\/v2\/tags?post=142073"}],"curies":[{"name":"wp","href":"https:\/\/api.w.org\/{rel}","templated":true}]}}