{"id":142077,"date":"2025-09-27T10:56:07","date_gmt":"2025-09-27T10:56:07","guid":{"rendered":"https:\/\/www.europesays.com\/es\/142077\/"},"modified":"2025-09-27T10:56:07","modified_gmt":"2025-09-27T10:56:07","slug":"ayuso-y-valverde-son-distintos-pero-pueden-tener-trayectorias-parecidas","status":"publish","type":"post","link":"https:\/\/www.europesays.com\/es\/142077\/","title":{"rendered":"\u201cAyuso y Valverde son distintos, pero pueden tener trayectorias parecidas\u201d"},"content":{"rendered":"<p data-mrf-recirculation=\"Links P\u00e1rrafos\" class=\"ue-c-article__paragraph paragraph ue-c-article--first-letter-highlighted\">Carlos Canal vivir\u00e1 en Ruanda un momento inolvidable: su primer Campeonato del Mundo con la Selecci\u00f3n absoluta. A sus 24 a\u00f1os, afronta el reto con la ilusi\u00f3n de un debutante, consciente de que su papel ser\u00e1 clave en el trabajo de equipo para proteger a <strong>Juan Ayuso<\/strong> y pelear por una medalla. Desde la concentraci\u00f3n en una casa rural de Navacerrada, el gallego comparte con <strong>MARCA<\/strong> sus sensaciones, el ambiente de convivencia y la confianza en el potencial de Espa\u00f1a.<\/p>\n<p>La conjura de Valverde para repetir lo de Innsbruck: \u00abEsto es Gran Hermano\u00bb<\/p>\n<p data-mrf-recirculation=\"Links P\u00e1rrafos\" class=\"ue-c-article__paragraph paragraph\"><strong>\u00bfC\u00f3mo ha sido este primer Mundial con la Selecci\u00f3n absoluta?<\/strong><\/p>\n<p data-mrf-recirculation=\"Links P\u00e1rrafos\" class=\"ue-c-article__paragraph paragraph\">Muy ilusionante. Es mi primer Mundial y siempre es especial. Adem\u00e1s, lo vivo rodeado de compa\u00f1eros excepcionales y con much\u00edsimas ganas de disfrutar de una cita diferente. No me lo esperaba, pero cuando me confirmaron con tiempo antes de la Vuelta me hizo much\u00edsima ilusi\u00f3n. Desde entonces me mentalic\u00e9 para llegar en buena condici\u00f3n.<\/p>\n<p data-mrf-recirculation=\"Links P\u00e1rrafos\" class=\"ue-c-article__paragraph paragraph\"><strong>\u00bfQu\u00e9 papel tiene dentro del equipo?<\/strong><\/p>\n<p data-mrf-recirculation=\"Links P\u00e1rrafos\" class=\"ue-c-article__paragraph paragraph\">El objetivo es ayudar a Juan lo m\u00e1ximo posible, que vaya siempre protegido y que no ocurra nada extra\u00f1o. Se trata de acompa\u00f1arlo hasta donde podamos.<\/p>\n<p data-mrf-recirculation=\"Links P\u00e1rrafos\" class=\"ue-c-article__paragraph paragraph\"><strong>\u00bfQu\u00e9 aspectos t\u00e1cticos se han trabajado m\u00e1s?<\/strong><\/p>\n<p data-mrf-recirculation=\"Links P\u00e1rrafos\" class=\"ue-c-article__paragraph paragraph\">De momento no se nos ha insistido demasiado, pero todos sabemos que en un circuito hay m\u00e1s nervios, tensi\u00f3n y puntos calientes donde se pueden hacer las selecciones. Tenemos claro que hay que estar atentos, bien colocados y dar la cara.<\/p>\n<p data-mrf-recirculation=\"Links P\u00e1rrafos\" class=\"ue-c-article__paragraph paragraph\"><strong>\u00bfC\u00f3mo ve a Ayuso en este momento?<\/strong><\/p>\n<p data-mrf-recirculation=\"Links P\u00e1rrafos\" class=\"ue-c-article__paragraph paragraph\">Le veo muy bien. Creo que le ha venido bien olvidarse de la general en la Vuelta porque le ha permitido llegar fresco. Se le nota mentalizado y con ganas de dar un paso adelante. Confiamos plenamente en \u00e9l, es un corredor capacitado para luchar por una medalla.<\/p>\n<p data-mrf-recirculation=\"Links P\u00e1rrafos\" class=\"ue-c-article__paragraph paragraph\"><strong>\u00bfEl circuito se adapta a sus caracter\u00edsticas?<\/strong><\/p>\n<p data-mrf-recirculation=\"Links P\u00e1rrafos\" class=\"ue-c-article__paragraph paragraph\">Much\u00edsimo. Es un recorrido que le viene muy bien. Ya es uno de los mejores corredores a nivel mundial y tiene piernas suficientes para pelear por todo.<\/p>\n<p data-mrf-recirculation=\"Links P\u00e1rrafos\" class=\"ue-c-article__paragraph paragraph\"><strong>\u00bfQu\u00e9 supone para usted viajar a \u00c1frica por primera vez?<\/strong><\/p>\n<p data-mrf-recirculation=\"Links P\u00e1rrafos\" class=\"ue-c-article__paragraph paragraph\">La novedad siempre genera cierta incertidumbre. Como deportistas profesionales somos un poco hipocondr\u00edacos y tenemos miedo a las enfermedades, a las picaduras de mosquitos\u2026 pero la ilusi\u00f3n est\u00e1 por encima. Es mi primera vez en \u00c1frica y, aunque siempre te da respeto estar lejos de casa, lo afronto con muchas ganas.<\/p>\n<p data-mrf-recirculation=\"Links P\u00e1rrafos\" class=\"ue-c-article__paragraph paragraph\"><strong>Despu\u00e9s de lo vivido en LaVuelta, \u00bfle preocupa la seguridad?<\/strong><\/p>\n<p data-mrf-recirculation=\"Links P\u00e1rrafos\" class=\"ue-c-article__paragraph paragraph\">No. Creo que el Mundial se disputar\u00e1 sin problemas. All\u00ed tienen sus propias prioridades y estoy convencido de que la competici\u00f3n se celebrar\u00e1 con normalidad. Lo de la Vuelta fue surrealista, una situaci\u00f3n de incertidumbre, pero por suerte no hubo que lamentar da\u00f1os mayores.<\/p>\n<p data-mrf-recirculation=\"Links P\u00e1rrafos\" class=\"ue-c-article__paragraph paragraph\"><strong>\u00bfQu\u00e9 significa para usted representar a Espa\u00f1a?<\/strong><\/p>\n<p data-mrf-recirculation=\"Links P\u00e1rrafos\" class=\"ue-c-article__paragraph paragraph\">Es un orgullo enorme. Vestir los colores de tu pa\u00eds en un Mundial \u00c9lite siempre conlleva una presi\u00f3n extra, pero la afronto con responsabilidad. Mi labor es ayudar a Juan y al equipo en todo lo que pueda.<\/p>\n<p data-mrf-recirculation=\"Links P\u00e1rrafos\" class=\"ue-c-article__paragraph paragraph\"><strong>\u00bfC\u00f3mo valora la figura de Valverde como seleccionador?<\/strong><\/p>\n<p data-mrf-recirculation=\"Links P\u00e1rrafos\" class=\"ue-c-article__paragraph paragraph\">Es diferente porque sigue saliendo a entrenar con nosotros y casi est\u00e1 al mismo nivel que cuando compet\u00eda. Eso nos da un plus. Puede medirnos de cerca y mantener la motivaci\u00f3n dentro del grupo. Adem\u00e1s, aporta tranquilidad y genera muy buen ambiente.<\/p>\n<p data-mrf-recirculation=\"Links P\u00e1rrafos\" class=\"ue-c-article__paragraph paragraph\"><strong>La convivencia estos d\u00edas ha sido especial. \u00bfC\u00f3mo la ha vivido?<\/strong><\/p>\n<p data-mrf-recirculation=\"Links P\u00e1rrafos\" class=\"ue-c-article__paragraph paragraph\">Estamos todos juntos en una casa y me parece una gran idea. Es como un campamento que nos ayuda a conocernos mejor. Durante el a\u00f1o somos rivales, pero aqu\u00ed aprendemos a leer al compa\u00f1ero sin necesidad de palabras. Eso nos dar\u00e1 un extra de confianza para la carrera.<\/p>\n<p data-mrf-recirculation=\"Links P\u00e1rrafos\" class=\"ue-c-article__paragraph paragraph\"><strong>\u00bfSe puede comparar a Ayuso con Valverde?<\/strong><\/p>\n<p data-mrf-recirculation=\"Links P\u00e1rrafos\" class=\"ue-c-article__paragraph paragraph\">Cada uno tiene su identidad. Valverde ten\u00eda un punto m\u00e1s de velocidad y Ayuso es m\u00e1s escalador y de generales. S\u00ed que son parecidos en muchos aspectos, pero cada uno con su sello propio. Quiz\u00e1s Ayuso pueda seguir una carrera similar, siendo ya presente y promesa del ciclismo espa\u00f1ol.<\/p>\n","protected":false},"excerpt":{"rendered":"Carlos Canal vivir\u00e1 en Ruanda un momento inolvidable: su primer Campeonato del Mundo con la Selecci\u00f3n absoluta. A&hellip;\n","protected":false},"author":2,"featured_media":142078,"comment_status":"","ping_status":"","sticky":false,"template":"","format":"standard","meta":{"footnotes":""},"categories":[273],"tags":[313,312,168,25,24,23,167],"class_list":{"0":"post-142077","1":"post","2":"type-post","3":"status-publish","4":"format-standard","5":"has-post-thumbnail","7":"category-ciclismo","8":"tag-ciclismo","9":"tag-cycling","10":"tag-deportes","11":"tag-es","12":"tag-espana","13":"tag-spain","14":"tag-sports"},"share_on_mastodon":{"url":"","error":""},"_links":{"self":[{"href":"https:\/\/www.europesays.com\/es\/wp-json\/wp\/v2\/posts\/142077","targetHints":{"allow":["GET"]}}],"collection":[{"href":"https:\/\/www.europesays.com\/es\/wp-json\/wp\/v2\/posts"}],"about":[{"href":"https:\/\/www.europesays.com\/es\/wp-json\/wp\/v2\/types\/post"}],"author":[{"embeddable":true,"href":"https:\/\/www.europesays.com\/es\/wp-json\/wp\/v2\/users\/2"}],"replies":[{"embeddable":true,"href":"https:\/\/www.europesays.com\/es\/wp-json\/wp\/v2\/comments?post=142077"}],"version-history":[{"count":0,"href":"https:\/\/www.europesays.com\/es\/wp-json\/wp\/v2\/posts\/142077\/revisions"}],"wp:featuredmedia":[{"embeddable":true,"href":"https:\/\/www.europesays.com\/es\/wp-json\/wp\/v2\/media\/142078"}],"wp:attachment":[{"href":"https:\/\/www.europesays.com\/es\/wp-json\/wp\/v2\/media?parent=142077"}],"wp:term":[{"taxonomy":"category","embeddable":true,"href":"https:\/\/www.europesays.com\/es\/wp-json\/wp\/v2\/categories?post=142077"},{"taxonomy":"post_tag","embeddable":true,"href":"https:\/\/www.europesays.com\/es\/wp-json\/wp\/v2\/tags?post=142077"}],"curies":[{"name":"wp","href":"https:\/\/api.w.org\/{rel}","templated":true}]}}