{"id":142079,"date":"2025-09-27T10:57:07","date_gmt":"2025-09-27T10:57:07","guid":{"rendered":"https:\/\/www.europesays.com\/es\/142079\/"},"modified":"2025-09-27T10:57:07","modified_gmt":"2025-09-27T10:57:07","slug":"james-vowles-y-su-emotivo-mensaje-a-carlos-sainz-tras-su-redencion-con-williams-f1-recordare-toda-la-vida","status":"publish","type":"post","link":"https:\/\/www.europesays.com\/es\/142079\/","title":{"rendered":"James Vowles y su emotivo mensaje a Carlos Sainz tras su redenci\u00f3n con Williams F1: \u00abRecordar\u00e9 toda la vida\u00bb"},"content":{"rendered":"<p data-journey-content=\"true\" data-node-id=\"3\" class=\"css-6wxqfj emevuu60\">Tras conocer el fichaje de Lewis Hamilton por Ferrari de cara a la temporada 2025, Carlos Sainz comenz\u00f3 a buscar nuevas oportunidades m\u00e1s all\u00e1 de la Scuderia, y se top\u00f3 con Williams, un proyecto liderado por James Vowles que ten\u00eda como objetivo volver a revivir su \u00e9poca dorada en la que estaba peleando por campeonatos. Esta ambici\u00f3n, sumado al ambiente del equipo y el potencial deportivo que ten\u00edan los de Grove, fueron los motivos que, seg\u00fan el propio \u201855\u2019, le llevaron a fichar por los brit\u00e1nicos.<\/p>\n<p>James Vowles y su emotivo mensaje a Carlos Sainz<\/p>\n<p data-journey-content=\"true\" data-node-id=\"7\" class=\"css-6wxqfj emevuu60\">La temporada no comenzaba con mal pie para el espa\u00f1ol, que durante los test de pretemporada hab\u00eda sido la revelaci\u00f3n en parrilla. <strong data-node-id=\"7.1\">Sin embargo, con el paso de las carreras, Carlos Sainz empez\u00f3 a sentirse cada vez m\u00e1s inc\u00f3modo a los mandos del FW47,<\/strong> llegando incluso a llevar una racha de seis Grandes Premios consecutivos sin sumar puntos, antes del GP de Azerbaiy\u00e1n, donde esa tendencia negativa <a href=\"https:\/\/www.caranddriver.com\/es\/formula-1\/a67960632\/carlos-sainz-recupera-sonrisa-williams-f1-gp-azerbaiyan-ritmo-bueno\/\" target=\"_blank\" data-vars-ga-outbound-link=\"https:\/\/www.caranddriver.com\/es\/formula-1\/a67960632\/carlos-sainz-recupera-sonrisa-williams-f1-gp-azerbaiyan-ritmo-bueno\/\" data-vars-ga-ux-element=\"Hyperlink\" data-vars-ga-call-to-action=\"se ha visto erradicada por un podio.\" data-node-id=\"7.3\" class=\"body-link css-168zq96 emevuu60\" rel=\"nofollow noopener\">se ha visto erradicada por un podio.<\/a><\/p>\n<p data-journey-content=\"true\" data-node-id=\"9\" class=\"css-6wxqfj emevuu60\">Desde que comenz\u00f3 el fin de semana, el madrile\u00f1o ya apuntaba a los puestos altos de la parrilla, asegurando que el monoplaza ten\u00eda un buen ritmo de carrera. En clasificaci\u00f3n logr\u00f3 terminar 2\u00ba,<strong data-node-id=\"9.1\"> y en carrera, pudo materializar su primer podio vestido de azul, el primer top 3 para muchos integrantes de la propia escuder\u00eda.<\/strong> Uno de ellos, al menos como jefe de Williams, ha sido James Vowles, quien a pesar de vivir muchas victorias junto al equipo Mercedes, <a href=\"https:\/\/www.caranddriver.com\/es\/formula-1\/a67979272\/carlos-sainz-pletorico-hazana-williams-f1-gp-azerbaiyan-podio-carrera\/\" target=\"_blank\" data-vars-ga-outbound-link=\"https:\/\/www.caranddriver.com\/es\/formula-1\/a67979272\/carlos-sainz-pletorico-hazana-williams-f1-gp-azerbaiyan-podio-carrera\/\" data-vars-ga-ux-element=\"Hyperlink\" data-vars-ga-call-to-action=\"ha asegurado que este podio es especial para \u00e9l.\" data-node-id=\"9.3\" class=\"body-link css-168zq96 emevuu60\" rel=\"nofollow noopener\">ha asegurado que este podio es especial para \u00e9l.<\/a><\/p>\n<p data-journey-content=\"true\" data-node-id=\"14\" class=\"css-6wxqfj emevuu60\">\u201cHe tenido la suerte de conseguir varios podios en mi carrera, pero este es uno que recordar\u00e9 para siempre. Lo ganamos juntos como equipo: un equipo que, en los \u00faltimos a\u00f1os, <strong data-node-id=\"14.1\">ha estado atr\u00e1s, luchando por sobrevivir, y ahora ha luchado para volver a esta posici\u00f3n<\/strong>\u201d, dec\u00eda el jefe de Williams F1.<\/p>\n<p data-journey-content=\"true\" data-node-id=\"16\" class=\"css-6wxqfj emevuu60\">\u201c<strong data-node-id=\"16.1\">Carlos Sainz realiz\u00f3 una carrera fenomenal: una conducci\u00f3n excepcional de principio a fin, y un placer verlo<\/strong>\u201d, prosigui\u00f3.<\/p>\n<p data-journey-content=\"true\" data-node-id=\"18\" class=\"css-6wxqfj emevuu60\">\u201c<strong data-node-id=\"18.1\">Pude notar y o\u00edr lo mucho que significaba para \u00e9l. Creo en el impulso positivo, y esto le da a Carlos Sainz una base s\u00f3lida para construir sobre ella<\/strong>\u201d, concluy\u00f3 James Vowles.<\/p>\n<p data-journey-content=\"true\" data-node-id=\"20\" class=\"css-6wxqfj emevuu60\">Es as\u00ed como el <a href=\"https:\/\/www.caranddriver.com\/es\/formula-1\/equipos\/a3486\/williams\/\" target=\"_blank\" data-vars-ga-outbound-link=\"https:\/\/www.caranddriver.com\/es\/formula-1\/equipos\/a3486\/williams\/\" data-vars-ga-ux-element=\"Hyperlink\" data-vars-ga-call-to-action=\"jefe de Williams\" data-node-id=\"20.1\" class=\"body-link css-168zq96 emevuu60\" rel=\"nofollow noopener\">jefe de Williams<\/a> ha asegurado que el podio de Carlos Sainz en el GP de Azerbaiy\u00e1n, ser\u00e1 uno de los que m\u00e1s recordar\u00e1 en su vida profesional. <\/p>\n<p>Contenidos relacionados<\/p>\n","protected":false},"excerpt":{"rendered":"Tras conocer el fichaje de Lewis Hamilton por Ferrari de cara a la temporada 2025, Carlos Sainz comenz\u00f3&hellip;\n","protected":false},"author":2,"featured_media":142080,"comment_status":"","ping_status":"","sticky":false,"template":"","format":"standard","meta":{"footnotes":""},"categories":[270],"tags":[168,253,25,24,306,271,272,23,167],"class_list":{"0":"post-142079","1":"post","2":"type-post","3":"status-publish","4":"format-standard","5":"has-post-thumbnail","7":"category-formula-1","8":"tag-deportes","9":"tag-discover","10":"tag-es","11":"tag-espana","12":"tag-f1","13":"tag-formula-1","14":"tag-formula1","15":"tag-spain","16":"tag-sports"},"share_on_mastodon":{"url":"","error":""},"_links":{"self":[{"href":"https:\/\/www.europesays.com\/es\/wp-json\/wp\/v2\/posts\/142079","targetHints":{"allow":["GET"]}}],"collection":[{"href":"https:\/\/www.europesays.com\/es\/wp-json\/wp\/v2\/posts"}],"about":[{"href":"https:\/\/www.europesays.com\/es\/wp-json\/wp\/v2\/types\/post"}],"author":[{"embeddable":true,"href":"https:\/\/www.europesays.com\/es\/wp-json\/wp\/v2\/users\/2"}],"replies":[{"embeddable":true,"href":"https:\/\/www.europesays.com\/es\/wp-json\/wp\/v2\/comments?post=142079"}],"version-history":[{"count":0,"href":"https:\/\/www.europesays.com\/es\/wp-json\/wp\/v2\/posts\/142079\/revisions"}],"wp:featuredmedia":[{"embeddable":true,"href":"https:\/\/www.europesays.com\/es\/wp-json\/wp\/v2\/media\/142080"}],"wp:attachment":[{"href":"https:\/\/www.europesays.com\/es\/wp-json\/wp\/v2\/media?parent=142079"}],"wp:term":[{"taxonomy":"category","embeddable":true,"href":"https:\/\/www.europesays.com\/es\/wp-json\/wp\/v2\/categories?post=142079"},{"taxonomy":"post_tag","embeddable":true,"href":"https:\/\/www.europesays.com\/es\/wp-json\/wp\/v2\/tags?post=142079"}],"curies":[{"name":"wp","href":"https:\/\/api.w.org\/{rel}","templated":true}]}}