{"id":142081,"date":"2025-09-27T10:58:11","date_gmt":"2025-09-27T10:58:11","guid":{"rendered":"https:\/\/www.europesays.com\/es\/142081\/"},"modified":"2025-09-27T10:58:11","modified_gmt":"2025-09-27T10:58:11","slug":"scariolo-pone-a-rodar-al-nuevo-real-madrid","status":"publish","type":"post","link":"https:\/\/www.europesays.com\/es\/142081\/","title":{"rendered":"Scariolo pone a rodar al nuevo Real Madrid"},"content":{"rendered":"<p style=\"\">El baloncesto espa\u00f1ol levanta el tel\u00f3n de la nueva temporada. El curso se inaugura en M\u00e1laga, con la Supercopa y un cartel de lujo: Unicaja, Valencia Basket, Real Madrid y Tenerife. La cita llega con un aliciente principal, el estreno oficial de Sergio Scariolo en  &#8230; el banquillo blanco solo 23 d\u00edas despu\u00e9s de cerrar su etapa como <a href=\"https:\/\/www.abc.es\/deportes\/baloncesto\/chus-mateo-mejor-momento-seguro-ira-bien-20250923133443-nt.html\" target=\"_self\" data-voc-vtm-id=\"in-text-traffic\" title=\"seleccionador espa\u00f1ol\" rel=\"nofollow noopener\">seleccionador espa\u00f1ol<\/a> en un Eurobasket aciago.<\/p>\n<p class=\"voc-p\" style=\"\">El italiano no esconde la ilusi\u00f3n por el nuevo reto, aunque asegura que esta Supercopa les llega pronto. \u00abEl equipo tiene ganas de competir y trabajan bien en el d\u00eda a d\u00eda, por lo que tener un partido oficial con la Supercopa es un premio. Estamos verdes en muchas \u00e1reas a\u00fan. Ning\u00fan entrenador le har\u00eda asco a un par de semanas m\u00e1s de preparaci\u00f3n porque hoy ha sido el primer entrenamiento sin limitaciones. Lo primero es lo f\u00edsico, lo t\u00e1ctico llegar\u00e1 con repeticiones y v\u00eddeo\u00bb.<\/p>\n<p class=\"voc-p\" style=\"\">El estreno ser\u00e1 contra el Tenerife en el Mart\u00edn Carpena, un escenario especial para Scariolo. All\u00ed estuvo en 2006 con Unicaja, cuando acarici\u00f3 un t\u00edtulo que a\u00fan se le resiste. \u00abM\u00e1laga y el Carpena son im\u00e1genes \u00fanicas para m\u00ed, pero mi mente est\u00e1 en ese partido, en el del Tenerife, no pienso m\u00e1s all\u00e1\u00bb, apunt\u00f3.<\/p>\n<p class=\"voc-p\" style=\"\">El Real Madrid llega tras una pretemporada con cinco partidos y conclusiones dispares. Gan\u00f3 con solvencia a Alba Berl\u00edn, Unicaja y Zaragoza, cay\u00f3 ante R\u00edo Breog\u00e1n tras dilapidar 19 puntos de renta y cerr\u00f3 con victoria frente al Baskonia. En ese trayecto, Scariolo empez\u00f3 a integrar a fichajes como David Kramer, que debutar\u00e1 oficialmente ante su exequipo, adem\u00e1s de Chuma Okeke, Th\u00e9o Maledon, Gabriele Procida y Trey Lyles. Medio equipo es nuevo y Scariolo deber\u00e1 encontrar el equilibrio: \u00abNo podemos priorizar a los que estaban antes para competir, hay que buscar un balance\u00bb, dijo el t\u00e9cnico de Brescia en la previa.<\/p>\n<p class=\"voc-p\" style=\"\">Enfrente estar\u00e1 un Tenerife s\u00f3lido, con Marcelinho Huertas al frente a sus 42 a\u00f1os y Txus Vidorreta en el banquillo. Ambos entrenadores compartieron \u00e9xitos en la selecci\u00f3n espa\u00f1ola y ahora se miden en un cruce con antecedentes recientes: en 2020 y 2021 el Madrid elimin\u00f3 a los aurinegros en semifinales antes de proclamarse campe\u00f3n.<\/p>\n<p class=\"voc-p\" style=\"\">Entre los tocados del Real Madrid figuran Gaby Deck, Th\u00e9o Maledon, <a href=\"https:\/\/www.abc.es\/deportes\/baloncesto\/oro-claves-caida-espana-eurobasket-20250905115938-nt.html\" target=\"_self\" data-voc-vtm-id=\"in-text-traffic\" title=\"Alberto Abalde\" rel=\"nofollow noopener\">Alberto Abalde<\/a> y Mario Hezonja. Podr\u00e1n vestirse de corto, asegur\u00f3 Scariolo, pero ninguno \u00abest\u00e1 al cien por cien\u00bb.<\/p>\n<p class=\"voc-p\" style=\"\">La primera semifinal enfrentar\u00e1 a Unicaja con el Valencia Basket. Los malague\u00f1os defienden el t\u00edtulo que le ganaron al Madrid en la final del a\u00f1o pasado y aspiran a romper la maldici\u00f3n del anfitri\u00f3n, que nunca ha ganado la Supercopa. El Valencia llega con el recuerdo de 2017, la \u00faltima edici\u00f3n sin el Real Madrid en la final. Despu\u00e9s, los blancos encadenaron seis coronas consecutivas, cuatro de ellas a un Bar\u00e7a que es el gran ausente esta vez. Habr\u00e1 ambientazo en el Carpena, y la vuelta de Scariolo es la guinda a un inicio de curso de alto voltaje.<\/p>\n","protected":false},"excerpt":{"rendered":"El baloncesto espa\u00f1ol levanta el tel\u00f3n de la nueva temporada. El curso se inaugura en M\u00e1laga, con la&hellip;\n","protected":false},"author":2,"featured_media":142082,"comment_status":"","ping_status":"","sticky":false,"template":"","format":"standard","meta":{"footnotes":""},"categories":[269],"tags":[299,298,168,25,24,205,524,1150,798,2830,2873,23,167],"class_list":{"0":"post-142081","1":"post","2":"type-post","3":"status-publish","4":"format-standard","5":"has-post-thumbnail","7":"category-baloncesto","8":"tag-baloncesto","9":"tag-basketball","10":"tag-deportes","11":"tag-es","12":"tag-espana","13":"tag-madrid","14":"tag-nuevo","15":"tag-pone","16":"tag-real","17":"tag-rodar","18":"tag-scariolo","19":"tag-spain","20":"tag-sports"},"share_on_mastodon":{"url":"","error":""},"_links":{"self":[{"href":"https:\/\/www.europesays.com\/es\/wp-json\/wp\/v2\/posts\/142081","targetHints":{"allow":["GET"]}}],"collection":[{"href":"https:\/\/www.europesays.com\/es\/wp-json\/wp\/v2\/posts"}],"about":[{"href":"https:\/\/www.europesays.com\/es\/wp-json\/wp\/v2\/types\/post"}],"author":[{"embeddable":true,"href":"https:\/\/www.europesays.com\/es\/wp-json\/wp\/v2\/users\/2"}],"replies":[{"embeddable":true,"href":"https:\/\/www.europesays.com\/es\/wp-json\/wp\/v2\/comments?post=142081"}],"version-history":[{"count":0,"href":"https:\/\/www.europesays.com\/es\/wp-json\/wp\/v2\/posts\/142081\/revisions"}],"wp:featuredmedia":[{"embeddable":true,"href":"https:\/\/www.europesays.com\/es\/wp-json\/wp\/v2\/media\/142082"}],"wp:attachment":[{"href":"https:\/\/www.europesays.com\/es\/wp-json\/wp\/v2\/media?parent=142081"}],"wp:term":[{"taxonomy":"category","embeddable":true,"href":"https:\/\/www.europesays.com\/es\/wp-json\/wp\/v2\/categories?post=142081"},{"taxonomy":"post_tag","embeddable":true,"href":"https:\/\/www.europesays.com\/es\/wp-json\/wp\/v2\/tags?post=142081"}],"curies":[{"name":"wp","href":"https:\/\/api.w.org\/{rel}","templated":true}]}}