{"id":142083,"date":"2025-09-27T10:59:12","date_gmt":"2025-09-27T10:59:12","guid":{"rendered":"https:\/\/www.europesays.com\/es\/142083\/"},"modified":"2025-09-27T10:59:12","modified_gmt":"2025-09-27T10:59:12","slug":"escoge-al-mejor-jugador-del-espanyol-en-montilivi","status":"publish","type":"post","link":"https:\/\/www.europesays.com\/es\/142083\/","title":{"rendered":"Escoge al mejor jugador del Espanyol en Montilivi"},"content":{"rendered":"<p class=\"tdm-descr\"><b>pericos.es<\/b> referente de la informaci\u00f3n del Espanyol. Forma parte del grupo Pericos en Radio Marca.<\/p>\n<p>Somos adem\u00e1s referencia dentro de la ondas blanquiazules con el programa de radio Pericos en Radio Marca que se emite todos los d\u00edas de 13:30 a 14:30 horas, dirigido por Jos\u00e9 Manuel Oliv\u00e1n.<\/p>\n<p>Adem\u00e1s tambi\u00e9n somos el programa m\u00e1s escuchado en las retransmisiones de todos los partidos del Espanyol.<\/p>\n","protected":false},"excerpt":{"rendered":"pericos.es referente de la informaci\u00f3n del Espanyol. Forma parte del grupo Pericos en Radio Marca. Somos adem\u00e1s referencia&hellip;\n","protected":false},"author":2,"featured_media":142084,"comment_status":"","ping_status":"","sticky":false,"template":"","format":"standard","meta":{"footnotes":""},"categories":[268],"tags":[168,25,24,280,282,281,23,167],"class_list":{"0":"post-142083","1":"post","2":"type-post","3":"status-publish","4":"format-standard","5":"has-post-thumbnail","7":"category-futbol","8":"tag-deportes","9":"tag-es","10":"tag-espana","11":"tag-football","12":"tag-futbol","13":"tag-soccer","14":"tag-spain","15":"tag-sports"},"share_on_mastodon":{"url":"","error":""},"_links":{"self":[{"href":"https:\/\/www.europesays.com\/es\/wp-json\/wp\/v2\/posts\/142083","targetHints":{"allow":["GET"]}}],"collection":[{"href":"https:\/\/www.europesays.com\/es\/wp-json\/wp\/v2\/posts"}],"about":[{"href":"https:\/\/www.europesays.com\/es\/wp-json\/wp\/v2\/types\/post"}],"author":[{"embeddable":true,"href":"https:\/\/www.europesays.com\/es\/wp-json\/wp\/v2\/users\/2"}],"replies":[{"embeddable":true,"href":"https:\/\/www.europesays.com\/es\/wp-json\/wp\/v2\/comments?post=142083"}],"version-history":[{"count":0,"href":"https:\/\/www.europesays.com\/es\/wp-json\/wp\/v2\/posts\/142083\/revisions"}],"wp:featuredmedia":[{"embeddable":true,"href":"https:\/\/www.europesays.com\/es\/wp-json\/wp\/v2\/media\/142084"}],"wp:attachment":[{"href":"https:\/\/www.europesays.com\/es\/wp-json\/wp\/v2\/media?parent=142083"}],"wp:term":[{"taxonomy":"category","embeddable":true,"href":"https:\/\/www.europesays.com\/es\/wp-json\/wp\/v2\/categories?post=142083"},{"taxonomy":"post_tag","embeddable":true,"href":"https:\/\/www.europesays.com\/es\/wp-json\/wp\/v2\/tags?post=142083"}],"curies":[{"name":"wp","href":"https:\/\/api.w.org\/{rel}","templated":true}]}}