{"id":142090,"date":"2025-09-27T11:03:11","date_gmt":"2025-09-27T11:03:11","guid":{"rendered":"https:\/\/www.europesays.com\/es\/142090\/"},"modified":"2025-09-27T11:03:11","modified_gmt":"2025-09-27T11:03:11","slug":"iara-lombardi-de-la-voz-la-mirada-de-lali-fue-epica-me-enamore","status":"publish","type":"post","link":"https:\/\/www.europesays.com\/es\/142090\/","title":{"rendered":"Iara Lombardi, de La Voz: \u201cLa mirada de Lali fue \u00e9pica, me enamor\u00e9\u201d"},"content":{"rendered":"<p class=\"paragraph\">A los 25 a\u00f1os, <b>Iara Lombardi<\/b> logr\u00f3 conquistar tanto al jurado como al p\u00fablico argentino. Su presencia en el escenario, junto con la interpretaci\u00f3n de canciones en distintos idiomas \u2014con especial brillo en el italiano\u2014, la posicionaron como una de las voces m\u00e1s prodigiosas del certamen. Entre ovaciones y elogios, rob\u00f3 todas las miradas: incluso la de Lali Esp\u00f3sito.<\/p>\n<p class=\"paragraph\">La intensa mirada de la coach se volvi\u00f3 viral y gener\u00f3 miles de comentarios en redes. Iara lo record\u00f3 con humor y sorpresa: \u201c\u00c9pica la mirada de Lali. Una radiograf\u00eda. Me enamor\u00e9. Fue como \u2018Lali, par\u00e1 un poco\u2019. La verdad es que tambi\u00e9n me sorprendi\u00f3 mucho porque no la hab\u00eda visto. Yo intent\u00e9 no mirar mucho porque estaba muy concentrada en la perfo en ese momento, y me acuerdo que cuando la vi me sorprend\u00ed\u201d, record\u00f3 Iara.<\/p>\n<p class=\"paragraph\">Pero detr\u00e1s de ese presente luminoso, hubo un camino marcado por decisiones dif\u00edciles. Iara confes\u00f3 que el a\u00f1o pasado atraves\u00f3 situaciones que la empujaron a animarse a dar el salto y dejar atr\u00e1s los miedos: \u201cTuve una situaci\u00f3n muy dif\u00edcil con un integrante de mi familia, un momento donde ves por ah\u00ed la muerte un poco de cerca. Adem\u00e1s, tuve tambi\u00e9n una cuesti\u00f3n f\u00edsica m\u00eda que me tuvo una limitaci\u00f3n, un problema. Y fue como yo quiero, <b>quiero vivir mis sue\u00f1os en vida, \u00bfentend\u00e9s? Yo no me puedo permitir seguir procrastinando lo que deseo hacer\u201d<\/b>.<\/p>\n<p class=\"paragraph\">Con esa determinaci\u00f3n, hoy su voz no solo emociona, sino que tambi\u00e9n inspira. Gracias a su talento, el apoyo de su familia y la ayuda de los coaches.<\/p>\n<p><img alt=\"&quot;La vida me dio un\" class=\"global-image\" decoding=\"async\" fetchpriority=\"low\" height=\"1278\" loading=\"lazy\" src=\"https:\/\/www.europesays.com\/es\/wp-content\/uploads\/2025\/09\/ZTU2KNQHWZACPJ63BFBDJPUVQ4.jpg\" width=\"1920\"\/>\u00abLa vida me dio un cachetazo\u00bb Fotos: Jaime Olivos<\/p>\n<p class=\"paragraph\"><b>\u2014 \u00bfY por qu\u00e9 la elegiste a Lali como coach?<\/b><\/p>\n<p class=\"paragraph\">\u2014 Bueno, con Lali me pas\u00f3 que yo no sab\u00eda qui\u00e9n iba a elegir cuando hice la audici\u00f3n. Claramente, no me estaban viendo a m\u00ed, mi aspecto, solo escuchaban mi voz. Siento que un poco, Lali, como que me vio el alma antes de verme f\u00edsicamente, \u00bfviste? Entonces dije \u201cbueno, s\u00ed, quiero ir con vos\u201d. Ella es la reina del pop. O sea, ella es una eminencia hoy en d\u00eda. Y siempre lo fue. Yo de chiquita ya la admiraba un mont\u00f3n. Creo que verla en persona tambi\u00e9n me hizo sentir muy familiar. Siento que tiene tanta fuerza y es una mina tan, tan plantada, que por momentos me siento identificada con ella en ese sentido.<\/p>\n<p class=\"paragraph\"><b>\u2014 \u00bfY c\u00f3mo fue que llegaste al casting de La Voz?<\/b><\/p>\n<p class=\"paragraph\">\u2014 Al casting llegu\u00e9 porque primero ten\u00eda muchos amigos que me bombardeaban con que se ven\u00eda La Voz, y yo ya ven\u00eda a\u00f1os con eso, pero estaba un poco negada porque me daba mucho miedo la experiencia de que te est\u00e9n evaluando. Siento que eso a veces a m\u00ed me inhibe un poco.<\/p>\n<p class=\"paragraph\"><b>\u2014 \u00bfPor qu\u00e9 uno procrastina tanto un sue\u00f1o?<\/b><\/p>\n<p class=\"paragraph\">\u2014 Uf, qu\u00e9 buena pregunta. Yo creo que porque escuchamos mucho el exterior y no tanto el interior, \u00bfviste? Creo que a veces procrastinamos por miedo al \u00e9xito. Tambi\u00e9n a veces por no saber c\u00f3mo gestionar las cosas buenas, porque capaz est\u00e1s tan acostumbrado a vivir tantas cosas y en modo supervivencia, que despu\u00e9s no sab\u00e9s qu\u00e9 hacer con todo lo bueno. Tal vez sos re bueno gestionando lo malo, pero no te anim\u00e1s a ver qu\u00e9 onda con lo bueno. A veces es autoboicot.<\/p>\n<p class=\"paragraph\"><b>\u2014 Y cuando ten\u00e9s que traer emociones, \u00bfde d\u00f3nde las tra\u00e9s? \u00bfPens\u00e1s en experiencias tuyas?<\/b><\/p>\n<p class=\"paragraph\">\u2014 En el caso del knockout, ten\u00eda como cuestiones personales que si las tra\u00eda me romp\u00eda. No pod\u00eda romperme en el escenario porque ten\u00eda que dar una perfo\u2026 Al mismo tiempo, el consejo de la coach era pensar en qu\u00e9 cosas iba a estar pensando cuando me suba al escenario, porque es importante estar tranquila con lo que estoy haciendo. Fue tratar de encontrarme entre todo eso. La verdad, fue un desaf\u00edo complicado. Despu\u00e9s de eso logr\u00e9 romper un poco esas barreras, pero fue un proceso, la verdad, no fue de un d\u00eda para el otro. De todos esos momentitos, incluso de los errores, estoy orgullosa: los abrazo porque son pasos m\u00e1s para seguir conoci\u00e9ndome.<\/p>\n<p><img alt=\"&quot;Me anim\u00e9 a vivir mis\" class=\"global-image\" decoding=\"async\" fetchpriority=\"low\" height=\"1277\" loading=\"lazy\" src=\"https:\/\/www.europesays.com\/es\/wp-content\/uploads\/2025\/09\/7UATHRNSSVFUXMPOZUCIE4FBZU.jpg\" width=\"1920\"\/>\u00abMe anim\u00e9 a vivir mis sue\u00f1os\u00bb Fotos: Jaime Olivos<\/p>\n<p class=\"paragraph\"><b>\u2014 Mencionaste tu relaci\u00f3n con la ansiedad, \u00bfc\u00f3mo la viviste en todo este proceso?<\/b><\/p>\n<p class=\"paragraph\">\u2014 En un momento de mi vida tuve que gestionar mucha ansiedad y hoy en d\u00eda este debe ser el a\u00f1o que menos ataques de p\u00e1nico habr\u00e9 tenido en mi vida. Creo que es por haberme permitido vivir esto, que fue algo que me gustaba hacer. Pero tambi\u00e9n fue una monta\u00f1a rusa de emociones y hubo momentos en que me jug\u00f3 muy en contra.<\/p>\n<p class=\"paragraph\"><b>\u2014 \u00bfQu\u00e9 edad ten\u00edas cuando comenzaron los ataques de p\u00e1nico?<\/b><\/p>\n<p class=\"paragraph\">\u2014 Desde los 16, s\u00ed. En la secundaria, b\u00e1sicamente. Hubo un par de situaciones que lo dispararon. M\u00e1s personales, pero el ambiente de la escuela no era el mejor. No crec\u00ed en un lugar piola para tener amigos o confiar, era un ambiente bastante hostil. En ese sentido, se me merm\u00f3 un poco la seguridad en lo social. Hay cosas que me marcaron como piba\u2026 grupo de gente que se la agarraba con dos o tres personas y te hac\u00edan la vida imposible un a\u00f1o entero. Bullying, acoso, violencia f\u00edsica y verbal, amenazas\u2026<\/p>\n<p class=\"paragraph\"><b>\u2014 \u00bfTe llegaron a pegar?<\/b><\/p>\n<p class=\"paragraph\">\u2014 S\u00ed, me llegaron a pegar. Sufr\u00ed en un momento violencia f\u00edsica por parte de unas compa\u00f1eras. Ah\u00ed fue el momento m\u00e1s alto de violencia que soport\u00e9. Me cost\u00f3 un mont\u00f3n de a\u00f1os recuperarme porque hoy en d\u00eda no me relaciono igual con la gente y no s\u00e9 si alg\u00fan d\u00eda lo voy a volver a hacer. Igual, conservo dos o tres amistades de la secundaria.<\/p>\n<p class=\"paragraph\"><b>\u2014 \u00bfEn qu\u00e9 diferencias not\u00e1s entre la Iara del secundario y la de ahora?<\/b><\/p>\n<p class=\"paragraph\">\u2014 Soy una piba mucho m\u00e1s fuerte hoy en d\u00eda. Ya est\u00e1\u2026 ojal\u00e1 me hubiera sabido defender m\u00e1s antes, pero tampoco me voy a juzgar porque siempre fui respetuosa. Alguna que otra vez mand\u00e9 a alguien a la mierda porque tampoco me voy a callar toda la vida, pero muchas veces me las com\u00ed sola. Nunca perd\u00ed mi pasi\u00f3n, que era cantar. Fue lo \u00fanico que me sacaba a flote. <\/p>\n<p class=\"paragraph\"><b>\u2014 Y en los malos momentos, \u00bfsiempre estuvo la m\u00fasica?<\/b><\/p>\n<p class=\"paragraph\">\u2014 S\u00ed, en los malos momentos siempre estuvo la m\u00fasica. Hubo un tiempo, creo que fue la cuarentena, que me instal\u00e9 en casa y empec\u00e9 a armar mi estudio. Fue mi nichito para quedarme y aprender m\u00e1s. Hoy en d\u00eda es mi mundo, mi burbuja, mi lugar seguro.<\/p>\n<p><img alt=\"&quot;Tuve que gestionar mucha ansiedad&quot;\" class=\"global-image\" decoding=\"async\" fetchpriority=\"low\" height=\"1278\" loading=\"lazy\" src=\"https:\/\/www.europesays.com\/es\/wp-content\/uploads\/2025\/09\/7P3WCBMVQ5BNTJ56ZBE5MAHJ3A.jpg\" width=\"1920\"\/>\u00abTuve que gestionar mucha ansiedad\u00bb Fotos: Jaime Olivos<\/p>\n<p class=\"paragraph\"><b>\u2014 Vi que siempre est\u00e1s acompa\u00f1ada por tu mam\u00e1, tu hermano\u2026 \u00bfC\u00f3mo te apoya tu familia en estos momentos?<\/b><\/p>\n<p class=\"paragraph\">\u2014 Mi familia es mi pilar, as\u00ed que s\u00ed, a pie de ca\u00f1\u00f3n. Mi vieja es mi sol, es la persona que m\u00e1s cree en lo que hago desde que soy piba, muy chiquita. Mi viejo tambi\u00e9n, mi hermano, mi t\u00eda Vani&#8230; Ellas estuvieron en la audici\u00f3n; yo dec\u00eda \u201ctienen que estar ustedes\u201d, porque desde siempre me dejaban bailar y cantar, hacer todos los shows. Cuando empec\u00e9 a dar shows de forma seria, tambi\u00e9n estaban ah\u00ed. Es re lindo poder retribuir todo ese amor y acompa\u00f1amiento en algo tan lindo, de decir \u201ccompart\u00e1moslo juntas ahora\u201d. Estoy s\u00faper feliz y ellas tambi\u00e9n.<\/p>\n<p class=\"paragraph\"><b>\u2014 \u00bfEl apoyo es la clave del \u00e9xito?<\/b><\/p>\n<p class=\"paragraph\">\u2014 S\u00ed, es un pilar. La verdad, no ser\u00eda lo mismo si no tuviera ese acompa\u00f1amiento y buenos consejos. <\/p>\n","protected":false},"excerpt":{"rendered":"A los 25 a\u00f1os, Iara Lombardi logr\u00f3 conquistar tanto al jurado como al p\u00fablico argentino. Su presencia en&hellip;\n","protected":false},"author":2,"featured_media":142091,"comment_status":"","ping_status":"","sticky":false,"template":"","format":"standard","meta":{"footnotes":""},"categories":[171],"tags":[26544,5246,146,147,25,24,44109,44111,31015,31016,44117,44107,44110,44108,7731,9126,44112,185,25716,44116,23,44115,44114,44113,31017,214,4619],"class_list":{"0":"post-142090","1":"post","2":"type-post","3":"status-publish","4":"format-standard","5":"has-post-thumbnail","7":"category-tv","8":"tag-canto","9":"tag-certamen","10":"tag-entertainment","11":"tag-entretenimiento","12":"tag-es","13":"tag-espana","14":"tag-iara-lombardi","15":"tag-iaru-lombardi","16":"tag-la-voz","17":"tag-la-voz-argentina","18":"tag-lali","19":"tag-lali-esposito","20":"tag-luck-ra","21":"tag-milagros-labrada","22":"tag-mirada","23":"tag-miranda","24":"tag-mirando","25":"tag-musica","26":"tag-reality","27":"tag-sole-pastorutti","28":"tag-spain","29":"tag-team-la-sole","30":"tag-team-lali","31":"tag-team-luck-ra","32":"tag-team-miranda","33":"tag-tv","34":"tag-viral"},"share_on_mastodon":{"url":"","error":""},"_links":{"self":[{"href":"https:\/\/www.europesays.com\/es\/wp-json\/wp\/v2\/posts\/142090","targetHints":{"allow":["GET"]}}],"collection":[{"href":"https:\/\/www.europesays.com\/es\/wp-json\/wp\/v2\/posts"}],"about":[{"href":"https:\/\/www.europesays.com\/es\/wp-json\/wp\/v2\/types\/post"}],"author":[{"embeddable":true,"href":"https:\/\/www.europesays.com\/es\/wp-json\/wp\/v2\/users\/2"}],"replies":[{"embeddable":true,"href":"https:\/\/www.europesays.com\/es\/wp-json\/wp\/v2\/comments?post=142090"}],"version-history":[{"count":0,"href":"https:\/\/www.europesays.com\/es\/wp-json\/wp\/v2\/posts\/142090\/revisions"}],"wp:featuredmedia":[{"embeddable":true,"href":"https:\/\/www.europesays.com\/es\/wp-json\/wp\/v2\/media\/142091"}],"wp:attachment":[{"href":"https:\/\/www.europesays.com\/es\/wp-json\/wp\/v2\/media?parent=142090"}],"wp:term":[{"taxonomy":"category","embeddable":true,"href":"https:\/\/www.europesays.com\/es\/wp-json\/wp\/v2\/categories?post=142090"},{"taxonomy":"post_tag","embeddable":true,"href":"https:\/\/www.europesays.com\/es\/wp-json\/wp\/v2\/tags?post=142090"}],"curies":[{"name":"wp","href":"https:\/\/api.w.org\/{rel}","templated":true}]}}