{"id":142092,"date":"2025-09-27T11:04:08","date_gmt":"2025-09-27T11:04:08","guid":{"rendered":"https:\/\/www.europesays.com\/es\/142092\/"},"modified":"2025-09-27T11:04:08","modified_gmt":"2025-09-27T11:04:08","slug":"camilo-en-premios-juventud-2025-una-vida-pasada-suena-en-su-actuacion-premios-juventud","status":"publish","type":"post","link":"https:\/\/www.europesays.com\/es\/142092\/","title":{"rendered":"Camilo en Premios Juventud 2025: &#8216;Una Vida Pasada&#8217; suena en su actuaci\u00f3n | Premios Juventud"},"content":{"rendered":"<p>De regreso en la fiesta m\u00e1s hot del a\u00f1o, el colombiano logr\u00f3 nominaciones en las categor\u00edas Mejor Canci\u00f3n Pop Rock, Mejor Canci\u00f3n Pop, Tropical Mix y Mejor \u00c1lbum Tropical. Pero eso no fue todo, pues tambi\u00e9n subi\u00f3 a la tarima de Premios Juventud 2025 para entonar la canci\u00f3n que grab\u00f3 junto a Carin Le\u00f3n. <\/p>\n<p>Entra ya a <b><a href=\"https:\/\/vix.com\/es-es\/canales?utm_medium=internal_referral&amp;utm_source=univision&amp;utm_campaign=evergreen&amp;utm_content=ed_entertainment&amp;utm_term=video\" target=\"_blank\" link-data=\"{&quot;cms.content.publishDate&quot;:1716923178330,&quot;cms.content.publishUser&quot;:{&quot;_ref&quot;:&quot;0000018c-3ae2-d239-a7fe-beff3b5a0002&quot;,&quot;_type&quot;:&quot;6aa69ae1-35be-30dc-87e9-410da9e1cdcc&quot;},&quot;cms.content.updateDate&quot;:1716923178330,&quot;cms.content.updateUser&quot;:{&quot;_ref&quot;:&quot;0000018c-3ae2-d239-a7fe-beff3b5a0002&quot;,&quot;_type&quot;:&quot;6aa69ae1-35be-30dc-87e9-410da9e1cdcc&quot;},&quot;link&quot;:{&quot;target&quot;:&quot;NEW&quot;,&quot;attributes&quot;:[],&quot;url&quot;:&quot;https:\/\/vix.com\/es-es\/canales?utm_medium=internal_referral&amp;utm_source=univision&amp;utm_campaign=evergreen&amp;utm_content=ed_entertainment&amp;utm_term=video&quot;,&quot;_id&quot;:&quot;0000018f-c098-db48-a1ff-c69f81760000&quot;,&quot;_type&quot;:&quot;ff658216-e70f-39d0-b660-bdfe57a5599a&quot;},&quot;linkText&quot;:&quot;ViX&quot;,&quot;_id&quot;:&quot;0000018f-c098-db48-a1ff-c69f81720000&quot;,&quot;_type&quot;:&quot;809caec9-30e2-3666-8b71-b32ddbffc288&quot;}\" style=\"box-sizing: border-box; color: rgb(120, 79, 222) !important; text-decoration: none; background-color: transparent;\" rel=\"nofollow noopener\">ViX<\/a><\/b>, entretenimiento sin l\u00edmites, con m\u00e1s de 100 canales, gratis y en espa\u00f1ol.<\/p>\n","protected":false},"excerpt":{"rendered":"De regreso en la fiesta m\u00e1s hot del a\u00f1o, el colombiano logr\u00f3 nominaciones en las categor\u00edas Mejor Canci\u00f3n&hellip;\n","protected":false},"author":2,"featured_media":142093,"comment_status":"","ping_status":"","sticky":false,"template":"","format":"standard","meta":{"footnotes":""},"categories":[170],"tags":[43855,19316,146,147,25,24,34529,184,185,43857,43859,43858,33635,23,43856],"class_list":{"0":"post-142092","1":"post","2":"type-post","3":"status-publish","4":"format-standard","5":"has-post-thumbnail","7":"category-musica","8":"tag-agent-of-change","9":"tag-camilo","10":"tag-entertainment","11":"tag-entretenimiento","12":"tag-es","13":"tag-espana","14":"tag-exclusive","15":"tag-music","16":"tag-musica","17":"tag-performancespj2025","18":"tag-pj","19":"tag-pkgs-musicals","20":"tag-premios-juventud","21":"tag-spain","22":"tag-tributes"},"share_on_mastodon":{"url":"","error":""},"_links":{"self":[{"href":"https:\/\/www.europesays.com\/es\/wp-json\/wp\/v2\/posts\/142092","targetHints":{"allow":["GET"]}}],"collection":[{"href":"https:\/\/www.europesays.com\/es\/wp-json\/wp\/v2\/posts"}],"about":[{"href":"https:\/\/www.europesays.com\/es\/wp-json\/wp\/v2\/types\/post"}],"author":[{"embeddable":true,"href":"https:\/\/www.europesays.com\/es\/wp-json\/wp\/v2\/users\/2"}],"replies":[{"embeddable":true,"href":"https:\/\/www.europesays.com\/es\/wp-json\/wp\/v2\/comments?post=142092"}],"version-history":[{"count":0,"href":"https:\/\/www.europesays.com\/es\/wp-json\/wp\/v2\/posts\/142092\/revisions"}],"wp:featuredmedia":[{"embeddable":true,"href":"https:\/\/www.europesays.com\/es\/wp-json\/wp\/v2\/media\/142093"}],"wp:attachment":[{"href":"https:\/\/www.europesays.com\/es\/wp-json\/wp\/v2\/media?parent=142092"}],"wp:term":[{"taxonomy":"category","embeddable":true,"href":"https:\/\/www.europesays.com\/es\/wp-json\/wp\/v2\/categories?post=142092"},{"taxonomy":"post_tag","embeddable":true,"href":"https:\/\/www.europesays.com\/es\/wp-json\/wp\/v2\/tags?post=142092"}],"curies":[{"name":"wp","href":"https:\/\/api.w.org\/{rel}","templated":true}]}}