{"id":142100,"date":"2025-09-27T11:09:07","date_gmt":"2025-09-27T11:09:07","guid":{"rendered":"https:\/\/www.europesays.com\/es\/142100\/"},"modified":"2025-09-27T11:09:07","modified_gmt":"2025-09-27T11:09:07","slug":"un-fallo-en-el-ciclo-del-carbono-puede-devolvernos-a-la-edad-de-hielo-2","status":"publish","type":"post","link":"https:\/\/www.europesays.com\/es\/142100\/","title":{"rendered":"Un fallo en el ciclo del carbono puede devolvernos a la edad de hielo"},"content":{"rendered":"<p>El <a href=\"https:\/\/www.eleconomista.es\/salud-bienestar\/noticias\/13451200\/07\/25\/la-enfermedad-que-se-volvera-mas-comun-y-grave-en-los-proximos-anos-por-culpa-del-calentamiento-global-podria-duplicarse-para-el-ano-2100.html\" title=\"La enfermedad que se volver\u00e1 m\u00e1s com\u00fan y grave en los pr\u00f3ximos a\u00f1os por culpa del calentamiento global: &quot;Podr\u00eda duplicarse para el a\u00f1o 2100&quot;\" rel=\"nofollow noopener\" target=\"_blank\">calentamiento global<\/a> puede terminar por sobre corregirse y <b>dar lugar a una edad de hielo<\/b>, seg\u00fan un componente hasta ahora ausente en la comprensi\u00f3n de c\u00f3mo la Tierra recicla su carbono. Investigadores de la Universidad de California en Riverside han llegado a esta conclusi\u00f3n en un estudio publicado en la revista Science.<\/p>\n<p>En profundidad<\/p>\n<p>La opini\u00f3n tradicional entre los investigadores es que <b>el clima de la Tierra se mantiene bajo control <\/b>gracias a un sistema natural de erosi\u00f3n de las rocas, lento pero confiable.<\/p>\n<p>En este sistema, la lluvia captura el di\u00f3xido de carbono del aire, impacta las rocas expuestas en la tierra, especialmente las rocas de silicato como el granito, y las disuelve lentamente. Cuando este CO2 capturado llega al oc\u00e9ano, junto con el calcio disuelto de las rocas, se combinan para formar conchas marinas y arrecifes de piedra caliza, <b>reteniendo el carbono en el fondo marino durante cientos de millones de a\u00f1os.<\/b><\/p>\n<p>\u00abA medida que <a href=\"https:\/\/www.eleconomista.es\/actualidad\/noticias\/13559242\/09\/25\/un-nuevo-estudio-confirma-oficialmente-que-las-probabilidades-de-que-haya-vida-fuera-del-planeta-tierra-son-practicamente-nulas-este-escenario-no-es-posible.html\" title=\"Un nuevo estudio confirma oficialmente que las probabilidades de que haya vida fuera del planeta Tierra son pr\u00e1cticamente nulas: &quot;Este escenario no es posible&quot;\" rel=\"nofollow noopener\" target=\"_blank\">el planeta se calienta<\/a>, las rocas se erosionan m\u00e1s r\u00e1pido y absorben m\u00e1s CO2, <b>enfriando el planeta de nuevo\u00bb,<\/b> afirm\u00f3 Andy Ridgwell, ge\u00f3logo de la Universidad de California en Riverside y coautor del art\u00edculo publicado en Science.<\/p>\n<p>A tener en cuenta<\/p>\n<p>Sin embargo, la evidencia geol\u00f3gica sugiere que las edades de hielo anteriores a la vida en la Tierra fueron tan extremas que <b>toda la superficie del planeta estaba cubierta de nieve y hielo.<\/b> Por lo tanto, seg\u00fan los investigadores, una regulaci\u00f3n gradual de la temperatura planetaria no puede ser la soluci\u00f3n completa.<\/p>\n<p>La pieza faltante tambi\u00e9n implica el enterramiento de carbono en el oc\u00e9ano. A medida que el CO2 aumenta en la atm\u00f3sfera y el planeta se calienta, m\u00e1s nutrientes como el f\u00f3sforo llegan al mar. Estos nutrientes impulsan el crecimiento del plancton, que absorbe di\u00f3xido de carbono durante la fotos\u00edntesis. Luego, al morir, se hunden hasta el fondo marino, <b>llev\u00e1ndose consigo ese carbono.<\/b><\/p>\n<p>Sin embargo, en un mundo m\u00e1s c\u00e1lido con mayor actividad de algas,<b> los oc\u00e9anos pierden ox\u00edgeno<\/b>, lo que provoca que el f\u00f3sforo se recicle en lugar de enterrarse. Esto crea un ciclo de retroalimentaci\u00f3n donde m\u00e1s nutrientes en el agua crean m\u00e1s plancton, cuya descomposici\u00f3n elimina a\u00fan m\u00e1s ox\u00edgeno, y m\u00e1s nutrientes se reciclan. Al mismo tiempo, se entierran cantidades masivas de carbono y la Tierra se enfr\u00eda.<\/p>\n<p>Este sistema no estabiliza suavemente el clima, sino que se sobrepasa, enfriando la Tierra muy por debajo de su temperatura inicial. En el modelo inform\u00e1tico del estudio, <b>esto podr\u00eda desencadenar una edad de hielo.<\/b><\/p>\n<p>WhatsApp<a href=\"https:\/\/api.whatsapp.com\/send?text=https:\/\/www.eleconomista.es\/tecnologia\/noticias\/13565041\/09\/25\/aviso-de-los-cientificos-a-toda-la-poblacion-un-fallo-en-el-ciclo-del-carbono-puede-devolvernos-a-la-edad-de-hielo.html?utm_source%3Dwhatsapp%26utm_medium%3Dshare_button&amp;id=1648118629957_whatsapp\" target=\"_blank\" data-action=\"share\/whatsapp\/share\" aria-label=\"Compartir en Whatsapp\" rel=\"nofollow noopener\"><\/a>Facebook<a id=\"fb-share\" href=\"#\" target=\"_blank\" rel=\"noopener noreferrer\" aria-label=\"Compartir en Facebook\"><\/a>Twitter<a href=\"https:\/\/twitter.com\/share?text=Aviso+de+los+cient%C3%ADficos+a+toda+la+poblaci%C3%B3n%3A+%22Un+fallo+en+el+ciclo+del+carbono+puede+devolvernos+a+la+edad+de+hielo%22&amp;url=https:\/\/www.eleconomista.es\/tecnologia\/noticias\/13565041\/09\/25\/aviso-de-los-cientificos-a-toda-la-poblacion-un-fallo-en-el-ciclo-del-carbono-puede-devolvernos-a-la-edad-de-hielo.html&amp;via=elEconomistaes&amp;id=1648118839245_twitter\" target=\"_blank\" aria-label=\"Compartir en Twitter\" rel=\"nofollow noopener\"><\/a>Linkedin<a href=\"https:\/\/linkedin.com\/share?text=https:\/\/www.eleconomista.es\/tecnologia\/noticias\/13565041\/09\/25\/aviso-de-los-cientificos-a-toda-la-poblacion-un-fallo-en-el-ciclo-del-carbono-puede-devolvernos-a-la-edad-de-hielo.html&amp;via=elEconomistaes\" target=\"_blank\" aria-label=\"Compartir en linkedin\" rel=\"nofollow noopener\"><\/a>Beloud<a href=\"https:\/\/beloud.com\/share?text=Aviso+de+los+cient%C3%ADficos+a+toda+la+poblaci%C3%B3n%3A+%22Un+fallo+en+el+ciclo+del+carbono+puede+devolvernos+a+la+edad+de+hielo%22&amp;url=https:\/\/www.eleconomista.es\/tecnologia\/noticias\/13565041\/09\/25\/aviso-de-los-cientificos-a-toda-la-poblacion-un-fallo-en-el-ciclo-del-carbono-puede-devolvernos-a-la-edad-de-hielo.html&amp;via=elEconomistaes&amp;id=1648118839245_beloud\" target=\"_blank\" aria-label=\"Compartir en beloud\" rel=\"nofollow noopener\"><\/a>Bluesky<a href=\"https:\/\/bsky.app\/intent\/compose?text=https:\/\/bsky.app\/intent\/compose?text=https:\/\/www.eleconomista.es\/tecnologia\/noticias\/13565041\/09\/25\/aviso-de-los-cientificos-a-toda-la-poblacion-un-fallo-en-el-ciclo-del-carbono-puede-devolvernos-a-la-edad-de-hielo.html&amp;url=https:\/\/www.eleconomista.es\/tecnologia\/noticias\/13565041\/09\/25\/aviso-de-los-cientificos-a-toda-la-poblacion-un-fallo-en-el-ciclo-del-carbono-puede-devolvernos-a-la-edad-de-hielo.html&amp;via=elEconomistaes&amp;id=1648118839245_bluesky\" target=\"_blank\" aria-label=\"Compartir en bluesky\" rel=\"nofollow noopener\"><\/a><\/p>\n<p><script async src=\"https:\/\/platform.twitter.com\/widgets.js\" charset=\"utf-8\"><\/script><\/p>\n","protected":false},"excerpt":{"rendered":"El calentamiento global puede terminar por sobre corregirse y dar lugar a una edad de hielo, seg\u00fan un&hellip;\n","protected":false},"author":2,"featured_media":142101,"comment_status":"","ping_status":"","sticky":false,"template":"","format":"standard","meta":{"footnotes":""},"categories":[81],"tags":[119,123,124,25,24,117,121,122,23,118,3723,120],"class_list":{"0":"post-142100","1":"post","2":"type-post","3":"status-publish","4":"format-standard","5":"has-post-thumbnail","7":"category-ciencia-y-tecnologia","8":"tag-ciencia","9":"tag-ciencia-y-tecnologia","10":"tag-cienciaytecnologia","11":"tag-es","12":"tag-espana","13":"tag-science","14":"tag-science-and-technology","15":"tag-scienceandtechnology","16":"tag-spain","17":"tag-technology","18":"tag-tecnologaa","19":"tag-tecnologia"},"share_on_mastodon":{"url":"","error":""},"_links":{"self":[{"href":"https:\/\/www.europesays.com\/es\/wp-json\/wp\/v2\/posts\/142100","targetHints":{"allow":["GET"]}}],"collection":[{"href":"https:\/\/www.europesays.com\/es\/wp-json\/wp\/v2\/posts"}],"about":[{"href":"https:\/\/www.europesays.com\/es\/wp-json\/wp\/v2\/types\/post"}],"author":[{"embeddable":true,"href":"https:\/\/www.europesays.com\/es\/wp-json\/wp\/v2\/users\/2"}],"replies":[{"embeddable":true,"href":"https:\/\/www.europesays.com\/es\/wp-json\/wp\/v2\/comments?post=142100"}],"version-history":[{"count":0,"href":"https:\/\/www.europesays.com\/es\/wp-json\/wp\/v2\/posts\/142100\/revisions"}],"wp:featuredmedia":[{"embeddable":true,"href":"https:\/\/www.europesays.com\/es\/wp-json\/wp\/v2\/media\/142101"}],"wp:attachment":[{"href":"https:\/\/www.europesays.com\/es\/wp-json\/wp\/v2\/media?parent=142100"}],"wp:term":[{"taxonomy":"category","embeddable":true,"href":"https:\/\/www.europesays.com\/es\/wp-json\/wp\/v2\/categories?post=142100"},{"taxonomy":"post_tag","embeddable":true,"href":"https:\/\/www.europesays.com\/es\/wp-json\/wp\/v2\/tags?post=142100"}],"curies":[{"name":"wp","href":"https:\/\/api.w.org\/{rel}","templated":true}]}}