{"id":142112,"date":"2025-09-27T11:20:11","date_gmt":"2025-09-27T11:20:11","guid":{"rendered":"https:\/\/www.europesays.com\/es\/142112\/"},"modified":"2025-09-27T11:20:11","modified_gmt":"2025-09-27T11:20:11","slug":"como-la-actuacion-de-tsunoda-en-baku-le-da-oxigeno-para-pelear-por-su-asiento","status":"publish","type":"post","link":"https:\/\/www.europesays.com\/es\/142112\/","title":{"rendered":"C\u00f3mo la actuaci\u00f3n de Tsunoda en Bak\u00fa le da ox\u00edgeno para pelear por su asiento"},"content":{"rendered":"<p>El jefe del equipo Red Bull F1, Laurent Mekies, afirma que el alentador progreso de <a href=\"https:\/\/lat.motorsport.com\/driver\/yuki-tsunoda\/828556\/\" rel=\"nofollow noopener\" target=\"_blank\">Yuki Tsunoda<\/a> en Bak\u00fa demuestra por qu\u00e9 el equipo no tiene prisa por finalizar su alineaci\u00f3n de pilotos para 2026.<\/p>\n<p>Tsunoda se clasific\u00f3 y termin\u00f3 sexto en las calles de Bak\u00fa, su mejor resultado para el equipo hasta el momento, ya que el piloto japon\u00e9s obtuvo la \u00faltima especificaci\u00f3n de suelo de Red Bull.<\/p>\n<p>Y aunque tanto el s\u00e1bado como el domingo Tsunoda todav\u00eda languidec\u00eda a cierta distancia de su compa\u00f1ero de equipo <a href=\"https:\/\/lat.motorsport.com\/driver\/max-verstappen\/465982\/\" target=\"_blank\" rel=\"noopener nofollow\">Max Verstappen<\/a>, el fin de semana present\u00f3 el \u00abtama\u00f1o de muestra limpio\u00bb que Red Bull finalmente quer\u00eda ver de su segundo piloto mientras sopesa sus opciones para su alineaci\u00f3n de cuatro coches en 2026 entre Red Bull y <a href=\"https:\/\/lat.motorsport.com\/team\/alpha-tauri\/25729\/\" target=\"_blank\" rel=\"noopener nofollow\">Racing Bulls<\/a>.<\/p>\n<p><a href=\"https:\/\/lat.motorsport.com\/driver\/isack-hadjar\/945265\/\" target=\"_blank\" rel=\"noopener nofollow\">El<\/a> novato de Racing Bulls <a href=\"https:\/\/lat.motorsport.com\/driver\/isack-hadjar\/945265\/\" target=\"_blank\" rel=\"noopener nofollow\">, Isack Hadjar<\/a>, parece que ser\u00e1 promovido al equipo principal, pero la decisi\u00f3n final no se tomar\u00e1 antes de finales de octubre.<\/p>\n<p>\u00abEs una buena noticia ver que Yuki mantiene el nivel\u00bb, dijo Mekies. \u00abSe lo merece, por eso nos ves relajados al respecto, porque tenemos tiempo. \u00bfPor qu\u00e9 \u00edbamos a precipitarnos? Porque la velocidad no desaparece, los pilotos progresan.<\/p>\n<p>\u00abEs un asunto de confianza y ves que la confianza de Yuki era ciertamente alta. Y lo hizo muy, muy, fuerte.<\/p>\n<p>\u00abAs\u00ed que tenemos m\u00e1s tiempo. Como hemos dicho, no esperaremos hasta Abu Dhabi, pero seguro que tenemos algunas carreras m\u00e1s\u00bb.<\/p>\n<p>   <img decoding=\"async\" draggable=\"false\" src=\"https:\/\/www.europesays.com\/es\/wp-content\/uploads\/2025\/09\/1758972011_994_george-russell-mercedes-yuki-t.jpg\" alt=\"George Russell, Mercedes, Yuki Tsunoda, Red Bull Racing Team\" width=\"1200\" height=\"800\" loading=\"lazy\"\/> <\/p>\n<p class=\"photographer\">Foto de: Ozan Kose \/ AFP v\u00eda Getty Images<\/p>\n<p>Adem\u00e1s de un Red Bull actualizado, la clave del avance de Tsunoda ha sido el trabajo adicional en el simulador que el piloto de 25 a\u00f1os ha realizado con su grupo de ingenieros en la f\u00e1brica de Milton Keynes.<\/p>\n<p>\u00abEst\u00e1 trabajando muy duro. Nunca se ha echado atr\u00e1s\u00bb, a\u00f1adi\u00f3 Mekies. \u00abQuiero decir, hablamos despu\u00e9s de que fuera un momento dif\u00edcil en Budapest, vino directamente al simulador en lugar de irse de vacaciones, dijo: &#8216;No, no, volver\u00e9 al simulador con el equipo y trabajar\u00e9 al d\u00eda siguiente&#8217;.<\/p>\n<p>\u00abY ese es el enfoque que tiene. Todos los fines de semana, cuando no est\u00e1 corriendo, est\u00e1 trabajando en alg\u00fan sitio con sus ingenieros o en su pilotaje. Y me alegro mucho por \u00e9l porque est\u00e1 progresando.<\/p>\n<p>\u00abCreo que es su mejor carrera con nosotros este a\u00f1o. Lo m\u00e1s importante para nosotros es conseguir esa muestra limpia, como dijimos la \u00faltima vez. Creo que estaba escuchando y eso es bueno\u00bb.<\/p>\n<p>M\u00e1s de la F1:<\/p>\n","protected":false},"excerpt":{"rendered":"El jefe del equipo Red Bull F1, Laurent Mekies, afirma que el alentador progreso de Yuki Tsunoda en&hellip;\n","protected":false},"author":2,"featured_media":142113,"comment_status":"","ping_status":"","sticky":false,"template":"","format":"standard","meta":{"footnotes":""},"categories":[270],"tags":[37379,44118,168,25,24,306,271,272,1230,37378,2092,23,167,2105],"class_list":{"0":"post-142112","1":"post","2":"type-post","3":"status-publish","4":"format-standard","5":"has-post-thumbnail","7":"category-formula-1","8":"tag-baku-city-circuit","9":"tag-cu00f3mo-la-actuaciu00f3n-de-tsunoda-en-baku00fa-le-da-oxu00edgeno-para-pelear-por-su-asiento","10":"tag-deportes","11":"tag-es","12":"tag-espana","13":"tag-f1","14":"tag-formula-1","15":"tag-formula1","16":"tag-fu00f3rmula-1","17":"tag-gp-de-azerbaiyu00e1n","18":"tag-red-bull-racing","19":"tag-spain","20":"tag-sports","21":"tag-yuki-tsunoda"},"share_on_mastodon":{"url":"","error":""},"_links":{"self":[{"href":"https:\/\/www.europesays.com\/es\/wp-json\/wp\/v2\/posts\/142112","targetHints":{"allow":["GET"]}}],"collection":[{"href":"https:\/\/www.europesays.com\/es\/wp-json\/wp\/v2\/posts"}],"about":[{"href":"https:\/\/www.europesays.com\/es\/wp-json\/wp\/v2\/types\/post"}],"author":[{"embeddable":true,"href":"https:\/\/www.europesays.com\/es\/wp-json\/wp\/v2\/users\/2"}],"replies":[{"embeddable":true,"href":"https:\/\/www.europesays.com\/es\/wp-json\/wp\/v2\/comments?post=142112"}],"version-history":[{"count":0,"href":"https:\/\/www.europesays.com\/es\/wp-json\/wp\/v2\/posts\/142112\/revisions"}],"wp:featuredmedia":[{"embeddable":true,"href":"https:\/\/www.europesays.com\/es\/wp-json\/wp\/v2\/media\/142113"}],"wp:attachment":[{"href":"https:\/\/www.europesays.com\/es\/wp-json\/wp\/v2\/media?parent=142112"}],"wp:term":[{"taxonomy":"category","embeddable":true,"href":"https:\/\/www.europesays.com\/es\/wp-json\/wp\/v2\/categories?post=142112"},{"taxonomy":"post_tag","embeddable":true,"href":"https:\/\/www.europesays.com\/es\/wp-json\/wp\/v2\/tags?post=142112"}],"curies":[{"name":"wp","href":"https:\/\/api.w.org\/{rel}","templated":true}]}}