{"id":142132,"date":"2025-09-27T11:34:10","date_gmt":"2025-09-27T11:34:10","guid":{"rendered":"https:\/\/www.europesays.com\/es\/142132\/"},"modified":"2025-09-27T11:34:10","modified_gmt":"2025-09-27T11:34:10","slug":"kim-jong-un-ordeno-que-todos-los-recursos-de-corea-del-norte-sean-destinados-a-su-programa-nuclear","status":"publish","type":"post","link":"https:\/\/www.europesays.com\/es\/142132\/","title":{"rendered":"Kim Jong-un orden\u00f3 que todos los recursos de Corea del Norte sean destinados a su programa nuclear"},"content":{"rendered":"<p><img alt=\"El dictador norcoreano Kim Jong-un\" class=\"global-image\" decoding=\"async\" fetchpriority=\"high\" height=\"5202\" loading=\"eager\" src=\"https:\/\/www.europesays.com\/es\/wp-content\/uploads\/2025\/09\/LMALXMEJEZFUDAXI2B2S4LDLA4.JPG\" width=\"7803\"\/>El dictador norcoreano Kim Jong-un se reuni\u00f3 con cient\u00edficos y t\u00e9cnicos de campos relacionados con la energ\u00eda nuclear para debatir sobre la producci\u00f3n de materiales nucleares y armas nucleares, en Corea del Norte, el 26 de septiembre de 2025, en esta fotograf\u00eda publicada este 27 de septiembre de 2025 por la agencia oficial de noticias norcoreana Korean Central News Agency (KCNA v\u00eda REUTERS)<\/p>\n<p class=\"paragraph\">El dictador norcoreano <a href=\"https:\/\/www.infobae.com\/tag\/kim-jong-un\/\" target=\"_blank\" rel=\"noreferrer nofollow noopener\" title=\"https:\/\/www.infobae.com\/tag\/kim-jong-un\/\"><b>Kim Jong-un<\/b><\/a> ha ordenado <b>que todos los recursos nacionales sean destinados al fortalecimiento del programa nuclear del pa\u00eds <\/b>con el objetivo de garantizar la soberan\u00eda y la seguridad nacional, seg\u00fan informaron este s\u00e1bado los medios estatales norcoreanos. Esta instrucci\u00f3n constituye la m\u00e1s reciente reafirmaci\u00f3n del compromiso de <a href=\"https:\/\/www.infobae.com\/tag\/corea-del-norte\/\" target=\"_blank\" rel=\"noreferrer nofollow noopener\" title=\"https:\/\/www.infobae.com\/tag\/corea-del-norte\/\">Corea del Norte<\/a> con el <b>desarrollo de su arsenal at\u00f3mico, en un contexto de creciente tensi\u00f3n en la regi\u00f3n.<\/b><\/p>\n<p class=\"paragraph\">De acuerdo con la agencia estatal de noticias KCNA, Kim mantuvo reuniones el viernes con los principales funcionarios y cient\u00edficos de los institutos de investigaci\u00f3n de armas nucleares del pa\u00eds. En ese encuentro, Kim remarc\u00f3 que el avance en <b>la capacidad de respuesta nuclear constituye la \u201cm\u00e1xima prioridad esencial\u201d<\/b> para Corea del Norte. <\/p>\n<p class=\"paragraph\"><b>\u201cDebemos afilar y renovar constantemente el escudo y la espada nucleares que pueden garantizar de forma fiable la soberan\u00eda, la seguridad y los intereses nacionales y el derecho al desarrollo\u201d<\/b>, transmiti\u00f3 el dirigente, seg\u00fan declaraciones difundidas por KCNA.<\/p>\n<p><img alt=\"El presidente surcoreano Lee Jae\" class=\"global-image\" decoding=\"async\" fetchpriority=\"low\" height=\"2248\" loading=\"lazy\" src=\"https:\/\/www.europesays.com\/es\/wp-content\/uploads\/2025\/09\/Z53AOQQGDRF5HCKB3AYMDXJKEQ.JPG\" width=\"3365\"\/>El presidente surcoreano Lee Jae Myung en la Asamblea General de la ONU (REUTERS\/MIKE SEGAR)<\/p>\n<p class=\"paragraph\">El programa nuclear norcoreano se ha mantenido activo durante d\u00e9cadas e incluye operaciones encubiertas para el enriquecimiento de uranio. Este desarrollo habr\u00eda permitido la producci\u00f3n de hasta 20 armas nucleares anualmente, seg\u00fan estim\u00f3 <b>Lee Jae-myung, presidente de Corea del Sur<\/b>, en declaraciones emitidas durante una visita oficial a Nueva York. <\/p>\n<p class=\"paragraph\">Lee afirm\u00f3 <b>que Corea del Norte se encuentra en la \u201cfase final\u201d de desarrollo de un misil bal\u00edstico intercontinental<\/b> <b>(ICBM, por sus siglas en ingl\u00e9s) con capacidad de alcanzar territorio estadounidense equipado con ojivas nucleares.<\/b> El mandatario precis\u00f3 que, aunque Pyongyang a\u00fan no ha alcanzado la \u00faltima etapa tecnol\u00f3gica \u2014en particular, el dominio de la tecnolog\u00eda de reentrada\u2014, se encuentra cerca de lograrlo.<\/p>\n<p class=\"paragraph\">Lee subray\u00f3 el riesgo creciente que supone el ritmo de producci\u00f3n nuclear por parte de Corea del Norte. Calcul\u00f3 <b>que el r\u00e9gimen est\u00e1 generando material suficiente para fabricar \u201centre 15 y 20 bombas nucleares adicionales cada a\u00f1o\u201d,<\/b> y advirti\u00f3 que, de no contenerse, el n\u00famero de artefactos y la sofisticaci\u00f3n de sus misiles continuar\u00e1 increment\u00e1ndose.<\/p>\n<p><img alt=\"Kim Jong-un visit\u00f3 el entrenamiento\" class=\"global-image\" decoding=\"async\" fetchpriority=\"low\" height=\"4353\" loading=\"lazy\" src=\"https:\/\/www.europesays.com\/es\/wp-content\/uploads\/2025\/09\/QARL2527OYCF7MLRFMVRSARSCQ.jpg\" width=\"6529\"\/>Kim Jong-un visit\u00f3 el entrenamiento de tiro con munici\u00f3n real de los graduados de la 75\u00aa promoci\u00f3n de la Academia de Artiller\u00eda O Jin U, en un lugar no revelado de Corea del Norte, en esta fotograf\u00eda facilitada por la agencia oficial de noticias norcoreana Korean Central News Agency el 6 de octubre de 2024 (KCNA v\u00eda REUTERS)<\/p>\n<p class=\"paragraph\">El enfrentamiento entre las dos Coreas sigue vigente, dado que el conflicto de 1950-1953 concluy\u00f3 con un armisticio y no con un tratado de paz formal. En este marco, se produjo un incidente en la frontera mar\u00edtima <b>el viernes por la ma\u00f1ana. El ej\u00e9rcito surcoreano efectu\u00f3 disparos de advertencia a un buque mercante norcoreano que cruz\u00f3 la L\u00ednea Lim\u00edtrofe Norte (NLL),<\/b> situada al noroeste de la isla de Baengnyeong. \u201cNuestras fuerzas emitieron avisos por radio y realizaron disparos de advertencia, tras lo cual el buque se retir\u00f3 m\u00e1s all\u00e1 de nuestras aguas\u201d, inform\u00f3 el ej\u00e9rcito surcoreano a trav\u00e9s de un comunicado.<\/p>\n<p class=\"paragraph\">Este episodio sigui\u00f3 a ejercicios de fuego real realizados por Corea del Norte cerca de la l\u00ednea mar\u00edtima, frontera que el r\u00e9gimen norcoreano se niega a reconocer formalmente. En respuesta a estos acontecimientos, Lee reiter\u00f3 durante su visita a la Bolsa de Nueva York que su Gobierno se compromete a buscar una pol\u00edtica m\u00e1s moderada en el trato con el Norte, al tiempo que enfatiz\u00f3 su intenci\u00f3n, expuesta d\u00edas antes ante las Naciones Unidas, de romper el \u201cc\u00edrculo vicioso\u201d de las tensiones y de no impulsar un cambio de r\u00e9gimen en Pyongyang.<\/p>\n<p class=\"paragraph\">(Con informaci\u00f3n de AFP, EP y Reuters)<\/p>\n","protected":false},"excerpt":{"rendered":"El dictador norcoreano Kim Jong-un se reuni\u00f3 con cient\u00edficos y t\u00e9cnicos de campos relacionados con la energ\u00eda nuclear&hellip;\n","protected":false},"author":2,"featured_media":142133,"comment_status":"","ping_status":"","sticky":false,"template":"","format":"standard","meta":{"footnotes":""},"categories":[42],"tags":[4820,17,18,16178,13,14,5638,11,61,62,63,64,19,20,9,10,15,16,22162,12,21,22,44125,65,66,67],"class_list":{"0":"post-142132","1":"post","2":"type-post","3":"status-publish","4":"format-standard","5":"has-post-thumbnail","7":"category-internacional","8":"tag-asia-pacific","9":"tag-breaking-news","10":"tag-breakingnews","11":"tag-defense","12":"tag-featured-news","13":"tag-featurednews","14":"tag-government-politics","15":"tag-headlines","16":"tag-internacional","17":"tag-international","18":"tag-international-news","19":"tag-internationalnews","20":"tag-latest-news","21":"tag-latestnews","22":"tag-news","23":"tag-noticias","24":"tag-noticias-destacadas","25":"tag-noticiasdestacadas","26":"tag-science-technology","27":"tag-titulares","28":"tag-ultimas-noticias","29":"tag-ultimasnoticias","30":"tag-unknown","31":"tag-world","32":"tag-world-news","33":"tag-worldnews"},"share_on_mastodon":{"url":"","error":""},"_links":{"self":[{"href":"https:\/\/www.europesays.com\/es\/wp-json\/wp\/v2\/posts\/142132","targetHints":{"allow":["GET"]}}],"collection":[{"href":"https:\/\/www.europesays.com\/es\/wp-json\/wp\/v2\/posts"}],"about":[{"href":"https:\/\/www.europesays.com\/es\/wp-json\/wp\/v2\/types\/post"}],"author":[{"embeddable":true,"href":"https:\/\/www.europesays.com\/es\/wp-json\/wp\/v2\/users\/2"}],"replies":[{"embeddable":true,"href":"https:\/\/www.europesays.com\/es\/wp-json\/wp\/v2\/comments?post=142132"}],"version-history":[{"count":0,"href":"https:\/\/www.europesays.com\/es\/wp-json\/wp\/v2\/posts\/142132\/revisions"}],"wp:featuredmedia":[{"embeddable":true,"href":"https:\/\/www.europesays.com\/es\/wp-json\/wp\/v2\/media\/142133"}],"wp:attachment":[{"href":"https:\/\/www.europesays.com\/es\/wp-json\/wp\/v2\/media?parent=142132"}],"wp:term":[{"taxonomy":"category","embeddable":true,"href":"https:\/\/www.europesays.com\/es\/wp-json\/wp\/v2\/categories?post=142132"},{"taxonomy":"post_tag","embeddable":true,"href":"https:\/\/www.europesays.com\/es\/wp-json\/wp\/v2\/tags?post=142132"}],"curies":[{"name":"wp","href":"https:\/\/api.w.org\/{rel}","templated":true}]}}