{"id":142165,"date":"2025-09-27T11:58:08","date_gmt":"2025-09-27T11:58:08","guid":{"rendered":"https:\/\/www.europesays.com\/es\/142165\/"},"modified":"2025-09-27T11:58:08","modified_gmt":"2025-09-27T11:58:08","slug":"la-casa-blanca-distribuye-una-fotografia-del-saludo-de-cortesia-trump-con-el-rey-felipe-vi-espana","status":"publish","type":"post","link":"https:\/\/www.europesays.com\/es\/142165\/","title":{"rendered":"La Casa Blanca distribuye una fotograf\u00eda del \u201csaludo de cortes\u00eda\u201d Trump con el rey Felipe VI | Espa\u00f1a"},"content":{"rendered":"<p class=\"\">La Casa Blanca ha distribuido, cuatro d\u00edas despu\u00e9s de producirse, una fotograf\u00eda del encuentro que mantuvo el presidente de Estados Unidos, Donald Trump, y la Primera Dama, Melania Trump, con el Rey Felipe VI en Nueva York. La imagen, en la que el presidente estadounidense hace el gesto de aprobaci\u00f3n con el pulgar hacia arriba, se capt\u00f3 durante un \u201csaludo de cortes\u00eda que apenas dur\u00f3 unos minutos\u201d, seg\u00fan fuentes de la Casa del Rey, que lo circunscriben a la recepci\u00f3n ofrecida por el mandatario estadounidense a los jefes de Estado y de Gobierno que participaron en la apertura del nuevo periodo de sesiones de la Asamblea de las Naciones Unidas.<\/p>\n<p class=\"\">Trump y el monarca espa\u00f1ol posaron sonrientes en el Hotel Lotte New York Palace el mismo d\u00eda en el que presidente estadounidense <a href=\"https:\/\/elpais.com\/internacional\/2025-09-23\/trump-arremete-contra-la-onu-en-un-discurso-destinado-a-dinamitar-las-instituciones-globales.html\" target=\"_self\" rel=\"nofollow noopener\" title=\"https:\/\/elpais.com\/internacional\/2025-09-23\/trump-arremete-contra-la-onu-en-un-discurso-destinado-a-dinamitar-las-instituciones-globales.html\">critic\u00f3 en la Asamblea General de Naciones Unidas la lucha contra el cambio clim\u00e1tico<\/a>, que tild\u00f3 de \u201cla mayor estafa del mundo\u201d, y exigi\u00f3 a Europa que dejara de comprar gas y petr\u00f3leo ruso \u201cpara poner fin a la guerra\u201d en Ucrania. Faltaban horas para que Felipe VI <a href=\"https:\/\/elpais.com\/internacional\/2025-09-24\/el-rey-exige-a-israel-que-pare-la-masacre-en-gaza-y-sus-actos-aberrantes-que-repugnan-a-la-conciencia-humana.html\" target=\"_self\" rel=\"nofollow noopener\" title=\"https:\/\/elpais.com\/internacional\/2025-09-24\/el-rey-exige-a-israel-que-pare-la-masacre-en-gaza-y-sus-actos-aberrantes-que-repugnan-a-la-conciencia-humana.html\">se dirigiera a la ONU con un discurso en las ant\u00edpodas de Trump<\/a>, en el que exigi\u00f3 a Israel que parara \u201cla masacre\u201d en Gaza y sus \u201cactos aberrantes que repugnan a la conciencia humana\u201d.<\/p>\n<p class=\"\">El jefe del Estado fue especialmente duro con el Gobierno de Benjam\u00edn Netanyahu, al que defiende Trump. \u201cNo podemos guardar silencio, ni mirar hacia otro lado ante la devastaci\u00f3n, los bombardeos, <a href=\"https:\/\/elpais.com\/internacional\/2025-09-14\/el-horror-es-este-hospital-de-gaza.html\" rel=\"nofollow noopener\" title=\"https:\/\/elpais.com\/internacional\/2025-09-14\/el-horror-es-este-hospital-de-gaza.html\" target=\"_blank\">incluso de hospitales, escuelas o lugares de refugio; ante tantas muertes entre la poblaci\u00f3n civil; o ante la hambruna<\/a> y el desplazamiento forzoso de cientos de miles de personas&#8230;, \u00bfcon qu\u00e9 destino? Son actos aberrantes que est\u00e1n en las ant\u00edpodas de todo lo que este foro representa\u00bb clam\u00f3, en un discurso elaborado conjuntamente entre el Gobierno y la Zarzuela, aunque la decisi\u00f3n \u00faltima de no incluir la palabra genocidio fue de la Casa Real.<\/p>\n","protected":false},"excerpt":{"rendered":"La Casa Blanca ha distribuido, cuatro d\u00edas despu\u00e9s de producirse, una fotograf\u00eda del encuentro que mantuvo el presidente&hellip;\n","protected":false},"author":2,"featured_media":142166,"comment_status":"","ping_status":"","sticky":false,"template":"","format":"standard","meta":{"footnotes":""},"categories":[8],"tags":[17,18,4329,6042,352,25,24,629,13,14,11439,11,19,20,9,10,15,16,732,952,23,12,21,22],"class_list":{"0":"post-142165","1":"post","2":"type-post","3":"status-publish","4":"format-standard","5":"has-post-thumbnail","7":"category-espana","8":"tag-breaking-news","9":"tag-breakingnews","10":"tag-casa-blanca","11":"tag-casa-real","12":"tag-donald-trump","13":"tag-es","14":"tag-espana","15":"tag-estados-unidos","16":"tag-featured-news","17":"tag-featurednews","18":"tag-felipe-vi","19":"tag-headlines","20":"tag-latest-news","21":"tag-latestnews","22":"tag-news","23":"tag-noticias","24":"tag-noticias-destacadas","25":"tag-noticiasdestacadas","26":"tag-onu","27":"tag-politica","28":"tag-spain","29":"tag-titulares","30":"tag-ultimas-noticias","31":"tag-ultimasnoticias"},"share_on_mastodon":{"url":"","error":""},"_links":{"self":[{"href":"https:\/\/www.europesays.com\/es\/wp-json\/wp\/v2\/posts\/142165","targetHints":{"allow":["GET"]}}],"collection":[{"href":"https:\/\/www.europesays.com\/es\/wp-json\/wp\/v2\/posts"}],"about":[{"href":"https:\/\/www.europesays.com\/es\/wp-json\/wp\/v2\/types\/post"}],"author":[{"embeddable":true,"href":"https:\/\/www.europesays.com\/es\/wp-json\/wp\/v2\/users\/2"}],"replies":[{"embeddable":true,"href":"https:\/\/www.europesays.com\/es\/wp-json\/wp\/v2\/comments?post=142165"}],"version-history":[{"count":0,"href":"https:\/\/www.europesays.com\/es\/wp-json\/wp\/v2\/posts\/142165\/revisions"}],"wp:featuredmedia":[{"embeddable":true,"href":"https:\/\/www.europesays.com\/es\/wp-json\/wp\/v2\/media\/142166"}],"wp:attachment":[{"href":"https:\/\/www.europesays.com\/es\/wp-json\/wp\/v2\/media?parent=142165"}],"wp:term":[{"taxonomy":"category","embeddable":true,"href":"https:\/\/www.europesays.com\/es\/wp-json\/wp\/v2\/categories?post=142165"},{"taxonomy":"post_tag","embeddable":true,"href":"https:\/\/www.europesays.com\/es\/wp-json\/wp\/v2\/tags?post=142165"}],"curies":[{"name":"wp","href":"https:\/\/api.w.org\/{rel}","templated":true}]}}