{"id":142214,"date":"2025-09-27T12:30:08","date_gmt":"2025-09-27T12:30:08","guid":{"rendered":"https:\/\/www.europesays.com\/es\/142214\/"},"modified":"2025-09-27T12:30:08","modified_gmt":"2025-09-27T12:30:08","slug":"la-clave-para-subir-la-clausula-de-rescision-de-larrubia","status":"publish","type":"post","link":"https:\/\/www.europesays.com\/es\/142214\/","title":{"rendered":"La clave para subir la cl\u00e1usula de rescisi\u00f3n de Larrubia"},"content":{"rendered":"<p>            <a href=\"https:\/\/www.merchanendirecto.es\/wp-content\/uploads\/2025\/08\/malaga-cf-al-wakrah-amistoso-pretemporada-larrubia-scaled.webp\" data-caption=\"Foto: Javi D\u00edaz\" rel=\"nofollow noopener\" target=\"_blank\"><img loading=\"lazy\" decoding=\"async\" width=\"696\" height=\"463\" class=\"entry-thumb td-modal-image\" src=\"https:\/\/www.europesays.com\/es\/wp-content\/uploads\/2025\/09\/malaga-cf-al-wakrah-amistoso-pretemporada-larrubia-696x463.webp.webp\"   alt=\"\" title=\"malaga-cf-al-wakrah-amistoso-pretemporada-larrubia\"\/><\/a>Foto: Javi D\u00edaz<\/p>\n<p>La renovaci\u00f3n de <strong>David Larrubia<\/strong> y su cl\u00e1usula de rescisi\u00f3n se convirtieron desde principio de temporada en un asunto clave para el <strong>M\u00e1laga CF<\/strong>. El club de Martiricos ha puesto mucha carne en el asador para la continuidad del canterano del barrio de La Luz. <a href=\"https:\/\/www.merchanendirecto.es\/malaga-cf\/larrubia-renovado-hasta-2028-y-con-8-millones-de-clausula\/\" target=\"_blank\" rel=\"noreferrer noopener nofollow\">El acuerdo es total y Larrubia, que como adelant\u00f3 Radio MARCA M\u00e1laga en agosto, ten\u00eda una oferta hasta 2028<\/a>, ha dado el definitivo \u2018s\u00ed, quiero\u2019 para continuar con el cuadro de La Rosaleda. Su cl\u00e1usula es de ocho millones de euros, una cifra peque\u00f1a que es muy asequible para cualquier equipo extranjero que venga a por el mediapunta malaguista. De hecho ya hay equipos de la <a href=\"http:\/\/laliga.es\" target=\"_blank\" rel=\"noreferrer noopener nofollow\">Championship inglesa<\/a> que tienen vigilado el nombre de Larrubia.<\/p>\n<p>Sin embargo, hay una opci\u00f3n de poder subir esa cl\u00e1usula de rescisi\u00f3n de Larrubia. <strong>Seg\u00fan ha podido saber Radio MARCA M\u00e1laga, el jugador ver\u00eda aumentada esa cifra hasta los 12 millones de euros en caso de ascenso a Primera Divsi\u00f3n<\/strong>. El inicio de temporada del M\u00e1laga no invita a que esto pueda ocurrir este curso, pero en el club sue\u00f1an con que pueda ocurrir de aqu\u00ed a que el contrato de Larrubia llegue a su fin en la 27-28.<a href=\"https:\/\/www.merchanendirecto.es\/malaga-cf\/el-malaga-tambien-pone-la-lupa-en-la-renovacion-de-rafa-rodriguez\/\" target=\"_blank\" rel=\"noreferrer noopener nofollow\"> El M\u00e1laga CF trabaja ahora en subir esas cl\u00e1usulas a jugadores como Chupete o Rafa Rodr\u00edguez<\/a> a los que la entidad costasole\u00f1a quiere poner cifras similares. Actualmente est\u00e1n por debajo ambos.\u00a0<\/p>\n<p>\u00abLo de Larrubia ya sab\u00e9is que \u00e9l tiene predisposici\u00f3n, pero luego hay que llegar a un acuerdo\u00bb, advirti\u00f3 en tono serio Loren Juarros la \u00faltima vez que habl\u00f3 del tema en la sala de prensa del estadio de La Rosaleda. <strong>\u201cAl final las predisposiciones y las voluntades chocan con el mercado de fuera, con las posibilidades que tienen en otro sitio<\/strong>, con lo que les pueden ofrecer. Estamos en ello, hay voluntad de llegar a un acuerdo. Por lo tanto, a trabajar y calladitos. Y a terminar de convencerlo de que este es el mejor sitio para estar\u201d, recalc\u00f3 Loren Juarros. La cl\u00e1usula de David Larrubia est\u00e1 en boca de todos en un fin de semana en el que el equipo juega el domingo en Burgos.\u00a0<\/p>\n","protected":false},"excerpt":{"rendered":"Foto: Javi D\u00edaz La renovaci\u00f3n de David Larrubia y su cl\u00e1usula de rescisi\u00f3n se convirtieron desde principio de&hellip;\n","protected":false},"author":2,"featured_media":142215,"comment_status":"","ping_status":"","sticky":false,"template":"","format":"standard","meta":{"footnotes":""},"categories":[269],"tags":[299,298,18603,168,25,24,1963,23,167],"class_list":{"0":"post-142214","1":"post","2":"type-post","3":"status-publish","4":"format-standard","5":"has-post-thumbnail","7":"category-baloncesto","8":"tag-baloncesto","9":"tag-basketball","10":"tag-david-larrubia","11":"tag-deportes","12":"tag-es","13":"tag-espana","14":"tag-malaga-cf","15":"tag-spain","16":"tag-sports"},"share_on_mastodon":{"url":"","error":""},"_links":{"self":[{"href":"https:\/\/www.europesays.com\/es\/wp-json\/wp\/v2\/posts\/142214","targetHints":{"allow":["GET"]}}],"collection":[{"href":"https:\/\/www.europesays.com\/es\/wp-json\/wp\/v2\/posts"}],"about":[{"href":"https:\/\/www.europesays.com\/es\/wp-json\/wp\/v2\/types\/post"}],"author":[{"embeddable":true,"href":"https:\/\/www.europesays.com\/es\/wp-json\/wp\/v2\/users\/2"}],"replies":[{"embeddable":true,"href":"https:\/\/www.europesays.com\/es\/wp-json\/wp\/v2\/comments?post=142214"}],"version-history":[{"count":0,"href":"https:\/\/www.europesays.com\/es\/wp-json\/wp\/v2\/posts\/142214\/revisions"}],"wp:featuredmedia":[{"embeddable":true,"href":"https:\/\/www.europesays.com\/es\/wp-json\/wp\/v2\/media\/142215"}],"wp:attachment":[{"href":"https:\/\/www.europesays.com\/es\/wp-json\/wp\/v2\/media?parent=142214"}],"wp:term":[{"taxonomy":"category","embeddable":true,"href":"https:\/\/www.europesays.com\/es\/wp-json\/wp\/v2\/categories?post=142214"},{"taxonomy":"post_tag","embeddable":true,"href":"https:\/\/www.europesays.com\/es\/wp-json\/wp\/v2\/tags?post=142214"}],"curies":[{"name":"wp","href":"https:\/\/api.w.org\/{rel}","templated":true}]}}