{"id":142224,"date":"2025-09-27T12:35:08","date_gmt":"2025-09-27T12:35:08","guid":{"rendered":"https:\/\/www.europesays.com\/es\/142224\/"},"modified":"2025-09-27T12:35:08","modified_gmt":"2025-09-27T12:35:08","slug":"cachitos-anuncia-por-sorpresa-cuando-estrenara-su-nueva-temporada-en-rtve","status":"publish","type":"post","link":"https:\/\/www.europesays.com\/es\/142224\/","title":{"rendered":"&#8216;Cachitos&#8217; anuncia por sorpresa cu\u00e1ndo estrenar\u00e1 su nueva temporada en RTVE"},"content":{"rendered":"<p class=\"article-text\">\n        La temporada 14 de <strong>Cachitos de hierro y cromo<\/strong> se estrenar\u00e1 en<strong> La 2 de RTVE<\/strong> el pr\u00f3ximo s\u00e1bado 4 de octubre a las 23:00 horas.\n    <\/p>\n<p>    <a href=\"https:\/\/www.eldiario.es\/vertele\/audiencias-tv\/viernes-26-septiembre-2025-la-voz-pierde-audiencia-lider-deviernes-telecinco_1_12637161.html\" data-mrf-recirculation=\"saber-mas\" data-dl-event=\"saber-mas\" rel=\"nofollow noopener\" target=\"_blank\"><\/p>\n<p class=\"know-more__title\">&#8216;La Voz&#8217; (13.2%) lidera la noche, pierde audiencia en su segunda semana y da esperanzas a &#8216;De Viernes&#8217; (12.1%)<\/p>\n<p>            <img decoding=\"async\" class=\"lazy\" loading=\"lazy\" data-src=\"https:\/\/static.eldiario.es\/clip\/dd2a432f-7b4a-4b02-8f2b-08597d9affab_16-9-aspect-ratio_default_0.jpg\" src=\"data:image\/svg+xml,%3Csvg xmlns=\" http:=\"\" viewbox=\"0 0 880 495\" alt=\"'La Voz' (13.2%) lidera la noche, pierde audiencia en su segunda semana y da esperanzas a 'De Viernes' (12.1%)\"\/><\/p>\n<p>                        <\/a><\/p>\n<p class=\"article-text\">\n        Seis meses despu\u00e9s de finalizar su anterior temporada, el m\u00edtico programa de <strong>\u00c1ngel Carmona<\/strong> vuelve a la cadena p\u00fablica con nuevas entregas y momentos inolvidables del archivo musical de RTVE. Con eso y con un ej\u00e9rcito de r\u00f3tulos que &#8216;repartir\u00e1n estopa&#8217; a diestro y siniestro.\n    <\/p>\n<p class=\"article-text\">\n        La temporada 13 de Cachitos se empez\u00f3 a emitir en la noche del jueves hasta que <a href=\"https:\/\/www.eldiario.es\/vertele\/noticias\/cachitos-ultimo-programa-temporada-13-rtve-play-audiencias-la2-angel-carmona_1_12197484.html\" target=\"_blank\" data-mrf-recirculation=\"links-noticia\" class=\"link\" rel=\"nofollow noopener\">fue trasladada a la del s\u00e1bado<\/a>. Desde Torrespa\u00f1a han visto conveniente que el programa se mantenga en esta ubicaci\u00f3n.\n    <\/p>\n<p>    <a href=\"https:\/\/www.eldiario.es\/vertele\/audiencias-tv\/pelea-mananas-primer-mes-temporada-2025-2026-silvia-intxaurrondo-arus-mananeros-ana-rosa-quintana-al-rojo-vivo_1_12625812.html\" data-mrf-recirculation=\"saber-mas-abajo\" data-dl-event=\"saber-mas-abajo\" rel=\"nofollow noopener\" target=\"_blank\"><\/p>\n<p class=\"know-more__title\">As\u00ed va la pelea por las audiencias de las ma\u00f1anas tras el primer mes de la temporada 2025\/2026<\/p>\n<p>            <img decoding=\"async\" class=\"lazy\" loading=\"lazy\" data-src=\"https:\/\/static.eldiario.es\/clip\/b8c5e9ba-eef2-4589-b103-75d833e55d35_16-9-aspect-ratio_default_0.jpg\" src=\"data:image\/svg+xml,%3Csvg xmlns=\" http:=\"\" viewbox=\"0 0 880 495\" alt=\"As\u00ed va la pelea por las audiencias de las ma\u00f1anas tras el primer mes de la temporada 2025\/2026\"\/><\/p>\n<p>                        <\/a><\/p>\n<p class=\"article-text\">\n        Aunque Cachitos es uno de los formatos m\u00e1s emblem\u00e1ticos y exitosos de La 2, en los \u00faltimos a\u00f1os <strong>ha perdido audiencia<\/strong>. La temporada 13 promedi\u00f3 un <strong>3% de share y 312.000 espectadores<\/strong>, datos sensiblemente inferiores a los registrados en el pasado.\n    <\/p>\n<blockquote class=\"twitter-tweet\" data-lang=\"es\"><p><a href=\"https:\/\/twitter.com\/X\/status\/1971872837754646937?ref_src=twsrc%5Etfw\" rel=\"nofollow noopener\" target=\"_blank\"><\/p><\/blockquote>\n<p>                                    <script async src=\"https:\/\/platform.twitter.com\/widgets.js\" charset=\"utf-8\"><\/script><\/p>\n","protected":false},"excerpt":{"rendered":"La temporada 14 de Cachitos de hierro y cromo se estrenar\u00e1 en La 2 de RTVE el pr\u00f3ximo&hellip;\n","protected":false},"author":2,"featured_media":142225,"comment_status":"","ping_status":"","sticky":false,"template":"","format":"standard","meta":{"footnotes":""},"categories":[171],"tags":[44140,978,146,147,25,24,26940,319,4290,44141,518,23,214],"class_list":{"0":"post-142224","1":"post","2":"type-post","3":"status-publish","4":"format-standard","5":"has-post-thumbnail","7":"category-tv","8":"tag-cachitos","9":"tag-dia","10":"tag-entertainment","11":"tag-entretenimiento","12":"tag-es","13":"tag-espana","14":"tag-fecha-estreno","15":"tag-horario","16":"tag-la2","17":"tag-nueva-temporada","18":"tag-rtve","19":"tag-spain","20":"tag-tv"},"share_on_mastodon":{"url":"","error":""},"_links":{"self":[{"href":"https:\/\/www.europesays.com\/es\/wp-json\/wp\/v2\/posts\/142224","targetHints":{"allow":["GET"]}}],"collection":[{"href":"https:\/\/www.europesays.com\/es\/wp-json\/wp\/v2\/posts"}],"about":[{"href":"https:\/\/www.europesays.com\/es\/wp-json\/wp\/v2\/types\/post"}],"author":[{"embeddable":true,"href":"https:\/\/www.europesays.com\/es\/wp-json\/wp\/v2\/users\/2"}],"replies":[{"embeddable":true,"href":"https:\/\/www.europesays.com\/es\/wp-json\/wp\/v2\/comments?post=142224"}],"version-history":[{"count":0,"href":"https:\/\/www.europesays.com\/es\/wp-json\/wp\/v2\/posts\/142224\/revisions"}],"wp:featuredmedia":[{"embeddable":true,"href":"https:\/\/www.europesays.com\/es\/wp-json\/wp\/v2\/media\/142225"}],"wp:attachment":[{"href":"https:\/\/www.europesays.com\/es\/wp-json\/wp\/v2\/media?parent=142224"}],"wp:term":[{"taxonomy":"category","embeddable":true,"href":"https:\/\/www.europesays.com\/es\/wp-json\/wp\/v2\/categories?post=142224"},{"taxonomy":"post_tag","embeddable":true,"href":"https:\/\/www.europesays.com\/es\/wp-json\/wp\/v2\/tags?post=142224"}],"curies":[{"name":"wp","href":"https:\/\/api.w.org\/{rel}","templated":true}]}}