{"id":142232,"date":"2025-09-27T12:39:08","date_gmt":"2025-09-27T12:39:08","guid":{"rendered":"https:\/\/www.europesays.com\/es\/142232\/"},"modified":"2025-09-27T12:39:08","modified_gmt":"2025-09-27T12:39:08","slug":"renovada-la-colaboracion-con-la-asociacion-de-familiares-y-enfermos-de-alzheimer","status":"publish","type":"post","link":"https:\/\/www.europesays.com\/es\/142232\/","title":{"rendered":"Renovada la colaboraci\u00f3n con la Asociaci\u00f3n de Familiares y Enfermos de Alzheimer"},"content":{"rendered":"<p><strong>HBN. El Ayuntamiento de Aracena ha renovado los convenios de colaboraci\u00f3n que tiene con la Asociaci\u00f3n de Familiares y Enfermos de Alzheimer Sierra de Aracena (AFA)<\/strong>, una entidad con la que se trabaja estrechamente desde sus or\u00edgenes y que centra su trabajo diario en mejorar la calidad de vida de las personas enfermas como de sus familiares tanto de Aracena como de otras localidades de la Sierra de Aracena.<\/p>\n<p>El convenio de colaboraci\u00f3n suscrito con la <strong>Asociaci\u00f3n AFA incluye la cesi\u00f3n de distintos espacios municipales para sus actividades: tanto en el edificio del Hogar del Pensionista, la Biblioteca Municipal y para su sede, situada junto a la Piscina Municipal.<\/strong> Junto a estos espacios p\u00fablicos, el Ayuntamiento de Aracena realiza una aportaci\u00f3n econ\u00f3mica de unos 5.100 euros, tanto para el Taller de Memoria, como para el Grupo de Ayuda Mutua.\u00a0<\/p>\n<p>Esta semana, coincidiendo con la celebraci\u00f3n del D\u00eda Mundial del Alzheimer, se han puesto en marcha estos dos talleres que promueve la Asociaci\u00f3n AFA: el Taller de Memoria y el Grupo de Ayuda Mutua para personas cuidadoras, dos actividades que cuentan con un importante n\u00famero de usuarios y usuarias y que engloban tanto a personas mayores sin patolog\u00edas o con afecci\u00f3n en grado leve o inicial as\u00ed como tambi\u00e9n a los y las responsables del cuidado de enfermos con la enfermedad m\u00e1s avanzada.\u00a0<\/p>\n<p>El Taller de Memoria cuenta con una quincena de participantes, que se re\u00fanen en la Biblioteca Municipal \u2018Jos\u00e9 Andr\u00e9s V\u00e1zquez, los martes y jueves de 10 a 11 horas, donde, de manos de una terapeuta, realizan distintos ejercicios sobre el papel y juegos mentales para mejorar su actividad cerebral.<\/p>\n<p>Por otra parte, el Grupo de Ayuda Mutua para personas cuidadoras tambi\u00e9n ha iniciado su andadura esta semana, un espacio de trabajo para que su quincena de participantes ponga en com\u00fan problemas y posibles soluciones para su d\u00eda a d\u00eda con las personas enfermas.<\/p>\n<p>Este taller se desarrolla, de forma quincenal, los mi\u00e9rcoles por la ma\u00f1ana de 11 a 12:30 horas en las instalaciones del Hogar del Pensionista de Aracena, y los martes o jueves (seg\u00fan disponibilidad de los propios participantes) por la tarde de 18:30 a 20 horas, en la sede de la asociaci\u00f3n. De esta forma, este espacio de trabajo permite desarrollar distintas din\u00e1micas, dirigidas por una psic\u00f3loga, as\u00ed como ofrecer un espacio donde los y las participantes puedan desahogarse y contar tambi\u00e9n con apoyo y herramientas que les vengan bien para ese cuidado.\u00a0<\/p>\n<p>Este Taller mantiene plazas disponibles para quienes est\u00e9n interesados. Tan s\u00f3lo deben comunicarlo a la propia Asociaci\u00f3n AFA o en el \u00c1rea de Bienestar Social del Ayuntamiento.<\/p>\n<p>Silvia Dur\u00e1n, concejala de Igualdad y Bienestar Social, ha puesto en valor el trabajo que se realiza desde la Asociaci\u00f3n de Familiares de Enfermos de Alzheimer y otras Demencias a trav\u00e9s de estos talleres, \u201cque cuentan con todo el apoyo del Ayuntamiento de Aracena para su desarrollo\u201d. \u201cEstos talleres son clave porque la prevenci\u00f3n y el trabajo diario han demostrado ser un aliado contra la enfermedad y es muy importante cuidar al que cuida, para que tenga esa fortaleza emocional, para poder desarrollar tambi\u00e9n ese acompa\u00f1amiento en esa etapa m\u00e1s dura y final de la vida de un familiar\u201d.<\/p>\n","protected":false},"excerpt":{"rendered":"HBN. El Ayuntamiento de Aracena ha renovado los convenios de colaboraci\u00f3n que tiene con la Asociaci\u00f3n de Familiares&hellip;\n","protected":false},"author":2,"featured_media":142233,"comment_status":"","ping_status":"","sticky":false,"template":"","format":"standard","meta":{"footnotes":""},"categories":[92],"tags":[44142,44143,44144,25,24,165,4397,44145,44146,166,23],"class_list":{"0":"post-142232","1":"post","2":"type-post","3":"status-publish","4":"format-standard","5":"has-post-thumbnail","7":"category-salud","8":"tag-afa","9":"tag-aracena","10":"tag-asociacion-de-familiares-y-enfermos-de-alzheimer","11":"tag-es","12":"tag-espana","13":"tag-health","14":"tag-huelva","15":"tag-noticias-huelva","16":"tag-provincia-de-huelva","17":"tag-salud","18":"tag-spain"},"share_on_mastodon":{"url":"","error":""},"_links":{"self":[{"href":"https:\/\/www.europesays.com\/es\/wp-json\/wp\/v2\/posts\/142232","targetHints":{"allow":["GET"]}}],"collection":[{"href":"https:\/\/www.europesays.com\/es\/wp-json\/wp\/v2\/posts"}],"about":[{"href":"https:\/\/www.europesays.com\/es\/wp-json\/wp\/v2\/types\/post"}],"author":[{"embeddable":true,"href":"https:\/\/www.europesays.com\/es\/wp-json\/wp\/v2\/users\/2"}],"replies":[{"embeddable":true,"href":"https:\/\/www.europesays.com\/es\/wp-json\/wp\/v2\/comments?post=142232"}],"version-history":[{"count":0,"href":"https:\/\/www.europesays.com\/es\/wp-json\/wp\/v2\/posts\/142232\/revisions"}],"wp:featuredmedia":[{"embeddable":true,"href":"https:\/\/www.europesays.com\/es\/wp-json\/wp\/v2\/media\/142233"}],"wp:attachment":[{"href":"https:\/\/www.europesays.com\/es\/wp-json\/wp\/v2\/media?parent=142232"}],"wp:term":[{"taxonomy":"category","embeddable":true,"href":"https:\/\/www.europesays.com\/es\/wp-json\/wp\/v2\/categories?post=142232"},{"taxonomy":"post_tag","embeddable":true,"href":"https:\/\/www.europesays.com\/es\/wp-json\/wp\/v2\/tags?post=142232"}],"curies":[{"name":"wp","href":"https:\/\/api.w.org\/{rel}","templated":true}]}}