{"id":142253,"date":"2025-09-27T12:57:07","date_gmt":"2025-09-27T12:57:07","guid":{"rendered":"https:\/\/www.europesays.com\/es\/142253\/"},"modified":"2025-09-27T12:57:07","modified_gmt":"2025-09-27T12:57:07","slug":"una-muestra-mas-de-la-persecucion-al-valenciano-stepv-castello-denuncia-la-eliminacion-de-autores-baleares-y-catalanes-de-los-libros-sociedad","status":"publish","type":"post","link":"https:\/\/www.europesays.com\/es\/142253\/","title":{"rendered":"\u00abUna muestra m\u00e1s de la persecuci\u00f3n al valenciano\u00bb: STEPV Castell\u00f3 denuncia la eliminaci\u00f3n de autores baleares y catalanes de los libros | Sociedad"},"content":{"rendered":"<p>El Gobierno de Carlos Maz\u00f3n eliminar\u00e1 de los libros de valenciano de bachillerato a todos los autores catalanes y baleares. Autores como Ramon Llull, Salvador Espriu o Merc\u00e9 Rodoreda, entre muchos otros, ser\u00e1n excluidos de los libros de texto.<\/p>\n<p>Es una de las propuestas que present\u00f3 el Partido Popular en el Debate de Pol\u00edtica General de Les Corts y que se aprob\u00f3, como todo el bloque de propuestas en materia educativa. El Consell justifica la eliminaci\u00f3n de estos autores escud\u00e1ndose en la \u00abdefensa de las se\u00f1as de identidad valencianas\u00bb. <\/p>\n<p>Desde el Sindicat de Treballadores i Treballadors de l&#8217;Ensenyament del Pa\u00eds Valenci\u00e0 creen que se trata de \u00abuna muestra m\u00e1s de la persecuci\u00f3n y arrinconamiento del Gobierno de Maz\u00f3n hacia el valenciano\u00bb. <\/p>\n<p>El c\u00f3digo iframe se ha copiado en el portapapeles<\/p>\n<p class=\"tit\">Pau Pons, portavoz del sindicato en Castell\u00f3n<\/p>\n<p>00:00:0000:56<\/p>\n<p>FacebookTwitterLinkedinWhatsAppCerrar<\/p>\n<p>\u00abAprovechan cualquier momento para trasladar a la ciudadan\u00eda la sensaci\u00f3n de que el valenciano es conflictivo. A parte, filol\u00f3gicamente es una barbaridad. No se puede explicar la evoluci\u00f3n de la lengua sin hablar de autores como Ramon Llull, que es balear\u00bb, afirma Pau Pons, portavoz del sindicato STEPV en Castell\u00f3n. <\/p>\n","protected":false},"excerpt":{"rendered":"El Gobierno de Carlos Maz\u00f3n eliminar\u00e1 de los libros de valenciano de bachillerato a todos los autores catalanes&hellip;\n","protected":false},"author":2,"featured_media":142254,"comment_status":"","ping_status":"","sticky":false,"template":"","format":"standard","meta":{"footnotes":""},"categories":[172],"tags":[18616,224,3965,146,147,25,24,225,23,44151,706],"class_list":{"0":"post-142253","1":"post","2":"type-post","3":"status-publish","4":"format-standard","5":"has-post-thumbnail","7":"category-libros","8":"tag-bachillerato","9":"tag-books","10":"tag-castellon","11":"tag-entertainment","12":"tag-entretenimiento","13":"tag-es","14":"tag-espana","15":"tag-libros","16":"tag-spain","17":"tag-stepv","18":"tag-valenciano"},"share_on_mastodon":{"url":"","error":""},"_links":{"self":[{"href":"https:\/\/www.europesays.com\/es\/wp-json\/wp\/v2\/posts\/142253","targetHints":{"allow":["GET"]}}],"collection":[{"href":"https:\/\/www.europesays.com\/es\/wp-json\/wp\/v2\/posts"}],"about":[{"href":"https:\/\/www.europesays.com\/es\/wp-json\/wp\/v2\/types\/post"}],"author":[{"embeddable":true,"href":"https:\/\/www.europesays.com\/es\/wp-json\/wp\/v2\/users\/2"}],"replies":[{"embeddable":true,"href":"https:\/\/www.europesays.com\/es\/wp-json\/wp\/v2\/comments?post=142253"}],"version-history":[{"count":0,"href":"https:\/\/www.europesays.com\/es\/wp-json\/wp\/v2\/posts\/142253\/revisions"}],"wp:featuredmedia":[{"embeddable":true,"href":"https:\/\/www.europesays.com\/es\/wp-json\/wp\/v2\/media\/142254"}],"wp:attachment":[{"href":"https:\/\/www.europesays.com\/es\/wp-json\/wp\/v2\/media?parent=142253"}],"wp:term":[{"taxonomy":"category","embeddable":true,"href":"https:\/\/www.europesays.com\/es\/wp-json\/wp\/v2\/categories?post=142253"},{"taxonomy":"post_tag","embeddable":true,"href":"https:\/\/www.europesays.com\/es\/wp-json\/wp\/v2\/tags?post=142253"}],"curies":[{"name":"wp","href":"https:\/\/api.w.org\/{rel}","templated":true}]}}