{"id":142263,"date":"2025-09-27T13:03:08","date_gmt":"2025-09-27T13:03:08","guid":{"rendered":"https:\/\/www.europesays.com\/es\/142263\/"},"modified":"2025-09-27T13:03:08","modified_gmt":"2025-09-27T13:03:08","slug":"jennifer-lawrence-en-el-festival-de-san-sebastian-cuando-un-look-de-alfombra-roja-tambien-es-un-posicionamiento-famosos-s-moda","status":"publish","type":"post","link":"https:\/\/www.europesays.com\/es\/142263\/","title":{"rendered":"Jennifer Lawrence en el Festival de San Sebasti\u00e1n: cuando un \u2018look\u2019 de alfombra roja tambi\u00e9n es un posicionamiento | Famosos | S Moda"},"content":{"rendered":"<p class=\"\">La actriz estadounidense <a href=\"https:\/\/elpais.com\/smoda\/famosos\/por-que-todo-el-mundo-ama-a-jennifer-lawrence.html\" target=\"_blank\" rel=\"noreferrer nofollow noopener\" title=\"https:\/\/elpais.com\/smoda\/famosos\/por-que-todo-el-mundo-ama-a-jennifer-lawrence.html\">Jennifer Lawrence<\/a> tiene 35 a\u00f1os, naci\u00f3 en Indian Hills (Kentucky) y entre 2012 y 2015 se convirti\u00f3 en un nuevo modelo de hero\u00edna de acci\u00f3n con su papel de la rebelde <a href=\"https:\/\/elpais.com\/cultura\/2015\/11\/20\/actualidad\/1447976832_008237.html\" target=\"_blank\" rel=\"noreferrer nofollow noopener\" title=\"https:\/\/elpais.com\/cultura\/2015\/11\/20\/actualidad\/1447976832_008237.html\">Katniss Everdeen<\/a> en la serie de pel\u00edculas de <a href=\"https:\/\/elpais.com\/smoda\/belleza\/los-juegos-del-hambre-como-inspiracion-para-el-maquillaje-de-primavera-verano.html\" target=\"_blank\" rel=\"noreferrer nofollow noopener\" title=\"https:\/\/elpais.com\/smoda\/belleza\/los-juegos-del-hambre-como-inspiracion-para-el-maquillaje-de-primavera-verano.html\">Los juegos del hambre<\/a>. En 2012 gan\u00f3 el Oscar por El lado bueno de las cosas y anoche recibi\u00f3 el premio Donostia en el Festival de Cine de San Sebasti\u00e1n. La dise\u00f1adora brit\u00e1nica (aunque nacida en Par\u00eds) <a href=\"https:\/\/elpais.com\/smoda\/por-que-importa-tanto-el-regreso-de-phoebe-philo-la-disenadora-lanzara-la-marca-con-su-nombre-en-septiembre.html\" target=\"_blank\" rel=\"noreferrer nofollow noopener\" title=\"https:\/\/elpais.com\/smoda\/por-que-importa-tanto-el-regreso-de-phoebe-philo-la-disenadora-lanzara-la-marca-con-su-nombre-en-septiembre.html\">Phoebe Philo<\/a> tiene 52 a\u00f1os, tras estudiar en Central Saint Martins arranc\u00f3 su carrera en Chlo\u00e9 (relevando a su amiga Stella McCartney), revolucion\u00f3 el mundo de la moda entre 2008 y 2017 <a href=\"https:\/\/elpais.com\/smoda\/phoebe-philo-deja-celine.html\" target=\"_blank\" rel=\"noreferrer nofollow noopener\" title=\"https:\/\/elpais.com\/smoda\/phoebe-philo-deja-celine.html\">a cargo de C\u00e9line<\/a> (con acento en la e) y en 2023 lanz\u00f3 una exclusiva marca que lleva su nombre. Esa firma fue la elegida por Lawrence para acudir a San Sebasti\u00e1n, donde conden\u00f3 sin ambages la situaci\u00f3n en Gaza. \u201cLo que ocurre en Palestina es un genocidio y me mortifica\u201d, dijo durante la <a href=\"https:\/\/elpais.com\/cultura\/cine\/2025-09-26\/jennifer-lawrence-recibe-el-premio-donostia-a-los-35-anos.html\" target=\"_blank\" rel=\"noreferrer nofollow noopener\" title=\"https:\/\/elpais.com\/cultura\/cine\/2025-09-26\/jennifer-lawrence-recibe-el-premio-donostia-a-los-35-anos.html\">rueda de prensa<\/a> celebrada en el festival, donde tambi\u00e9n muestra su nueva pel\u00edcula, Die My Love, estrenada en Cannes y bajo el paraguas de su propia productora, Excellent Cadaver.<\/p>\n<p><img decoding=\"auto\" class=\"_re lazyload a_m-h\" height=\"276\"  width=\"414\"  src=\"https:\/\/www.europesays.com\/es\/wp-content\/uploads\/2025\/09\/FUD4ZCCFDVA2RODSIZCC4F7Q2Y.jpg\" loading=\"lazy\"\/>Jennifer Lawrence, con vestido, botines y pendientes de Phoebe Philo.Juan Naharro Gimenez (WireImage)<\/p>\n<p class=\"\">Si durante la rueda de prensa ya hab\u00eda lucido un conjunto negro y blanco dise\u00f1ado por Phoebe Philo \u2014pantal\u00f3n ancho de lana, camiseta de seda con cola y sandalias asim\u00e9tricas de piel; el look 34 de la Collection D de la dise\u00f1adora\u2014, para recoger el premio Donostia, que le entreg\u00f3 el cineasta <a href=\"https:\/\/elpais.com\/cultura\/2024-04-29\/juan-antonio-bayona-estara-en-el-jurado-del-proximo-festival-de-cannes.html\" target=\"_blank\" rel=\"noreferrer nofollow noopener\" title=\"https:\/\/elpais.com\/cultura\/2024-04-29\/juan-antonio-bayona-estara-en-el-jurado-del-proximo-festival-de-cannes.html\">J. Bayona<\/a> (La sociedad de la nieve, Lo imposible), la actriz estadounidense apost\u00f3 tambi\u00e9n por un modelo de Philo: un vestido asim\u00e9trico, con juegos de cortes en cintura y espalda, vol\u00famenes marcados y abertura lateral en la pierna, en tejido de lana color tabaco hecho a medida para ella. Lo acompa\u00f1\u00f3 con los pendientes Double Ball de la firma \u2014a la venta por 650 euros <a href=\"https:\/\/eu.phoebephilo.com\/products\/double-ball-earrings-in-sterling-silver\" target=\"_blank\" rel=\"noreferrer nofollow noopener\" title=\"https:\/\/eu.phoebephilo.com\/products\/double-ball-earrings-in-sterling-silver\">en su web<\/a>\u2014 y unos botines negros de ante de la misma ense\u00f1a. Por la noche cambi\u00f3 adem\u00e1s su look capilar: por la ma\u00f1ana hab\u00eda lucido un recogido con la frente despejada y en el evento se decant\u00f3 por una larga melena suelta de preciso corte recto con flequillo.<\/p>\n<p>M\u00e1s informaci\u00f3n<\/p>\n<p class=\"\">Apostar por Phoebe Philo en la alfombra roja tambi\u00e9n es una declaraci\u00f3n de intenciones por parte de Lawrence. Porque la brit\u00e1nica se convirti\u00f3 en una figura de culto en su d\u00e9cada al frente de C\u00e9line, donde se gan\u00f3 el apodo de \u2018la dise\u00f1adora de las mujeres\u2019; en una industria dominada por directores creativos hombres, y en su mayor\u00eda blancos \u2014un patr\u00f3n que se perpet\u00faa hoy en d\u00eda, pese al<a href=\"https:\/\/elpais.com\/smoda\/moda\/2025-09-20\/el-gran-recambio-de-la-moda-nunca-tantas-firmas-habian-estrenado-a-la-vez-director-creativo-que-esta-pasando-en-el-lujo.html\" target=\"_blank\" rel=\"noreferrer nofollow noopener\" title=\"https:\/\/elpais.com\/smoda\/moda\/2025-09-20\/el-gran-recambio-de-la-moda-nunca-tantas-firmas-habian-estrenado-a-la-vez-director-creativo-que-esta-pasando-en-el-lujo.html\"> baile de directores creativos<\/a> de esta temporada, en la que solo hay un debut femenino al cargo de una gran firma, el de <a href=\"https:\/\/elpais.com\/smoda\/moda\/2024-12-12\/matthieu-blazy-abandona-bottega-veneta-mientras-cobran-fuerza-los-rumores-de-su-llegada-a-chanel.html\" target=\"_blank\" rel=\"noreferrer nofollow noopener\" title=\"https:\/\/elpais.com\/smoda\/moda\/2024-12-12\/matthieu-blazy-abandona-bottega-veneta-mientras-cobran-fuerza-los-rumores-de-su-llegada-a-chanel.html\">Louise Trotter<\/a> en Bottega Veneta en la semana de la moda de Mil\u00e1n\u2014, Philo quiso establecer unas normas propias, lejos de la imperante mirada masculina (male gaze). De hecho, la escritora <a href=\"https:\/\/elpais.com\/smoda\/placeres\/llega-el-chic-octogenario-por-javier-calvo.html\" target=\"_blank\" rel=\"noreferrer nofollow noopener\" title=\"https:\/\/elpais.com\/smoda\/placeres\/llega-el-chic-octogenario-por-javier-calvo.html\">Joan Didion<\/a> protagoniz\u00f3 su campa\u00f1a m\u00e1s famosa, en 2015, cuando ten\u00eda 80 a\u00f1os. \u201cNo tengo ning\u00fan problema en ver a una mujer luciendo cualquier cosa siempre que la haya elegido por s\u00ed misma. Pero creo que hay demasiadas im\u00e1genes de mujeres sexualizadas y muchas que se visten para otras personas perdiendo su propio poder en el proceso\u201d, asegur\u00f3 en <a href=\"https:\/\/www.theguardian.com\/fashion\/fashion-blog\/2014\/mar\/31\/phoebe-philo-celine-interview-vogue-festival-alexandra-shulman\" target=\"_blank\" rel=\"noreferrer nofollow noopener\" title=\"https:\/\/www.theguardian.com\/fashion\/fashion-blog\/2014\/mar\/31\/phoebe-philo-celine-interview-vogue-festival-alexandra-shulman\">una entrevista en The Guardian<\/a> en 2014. Entre sus b\u00e1sicos elevados a cl\u00e1sicos, el pantal\u00f3n de pata ancha, los abrigos masculinos, las faldas midi, los jers\u00e9is de cuello vuelto, los zapatos \u2018de abuela\u2019, los tacones cuadrados o las deportivas blancas. <\/p>\n<p><img decoding=\"auto\" class=\"_re lazyload a_m-v\" height=\"653\"  width=\"414\"  src=\"https:\/\/www.europesays.com\/es\/wp-content\/uploads\/2025\/09\/YWRFBDAZTRCEHOEWWKAKD3UOSE.jpg\" loading=\"lazy\"\/>Detalle del dise\u00f1o, que dejaba ver la espalda de la actriz.JB Lacroix (WireImage)<\/p>\n<p class=\"\">La propia Lawrence se tuvo que enfrentar en sus inicios a lo que implicaba ser la \u2018nueva novia de Am\u00e9rica\u2019, con juicios constantes sobre su apariencia. Debut\u00f3 en televisi\u00f3n de adolescente, se erigi\u00f3 como un fen\u00f3meno con Los juegos del hambre&#8230; Cuando gan\u00f3 el Oscar a mejor actriz en 2012 ten\u00eda 22 a\u00f1os, se convirti\u00f3 en la galardonada m\u00e1s joven de la historia, y su carrera comenz\u00f3 a acusar los efectos de una exposici\u00f3n <a href=\"https:\/\/elpais.com\/smoda\/moda\/hollywood-tiene-un-problema-y-se-llama-jennifer-lawrence.html\" target=\"_blank\" rel=\"noreferrer nofollow noopener\" title=\"https:\/\/elpais.com\/smoda\/moda\/hollywood-tiene-un-problema-y-se-llama-jennifer-lawrence.html\">marcada por el edadismo<\/a>: ella estaba en la veintena, pero los papeles que le ofrec\u00edan eran de viudas, amas de casa y madres de entre 30 y 40. Ese mismo a\u00f1o protagoniz\u00f3 una portada de la edici\u00f3n estadounidense de Elle en la que afirmaba que <a href=\"https:\/\/www.cbsnews.com\/news\/jennifer-lawrence-im-considered-a-fat-actress\/\" target=\"_blank\" rel=\"noreferrer nofollow noopener\" title=\"https:\/\/www.cbsnews.com\/news\/jennifer-lawrence-im-considered-a-fat-actress\/\">era considerada gorda<\/a> para los est\u00e1ndares de su industria: \u201cEn Hollywood, soy obesa, me consideran una actriz gorda\u201d. Sus apariciones han estado muchas veces bajo lupa: cuando en 2023 se present\u00f3 <a href=\"https:\/\/elpais.com\/smoda\/famosos\/mujeres-descalzas-en-cannes-de-jennifer-lawrence-a-nicole-kidman-el-gesto-que-molesta-a-la-organizacion.html\" target=\"_blank\" rel=\"noreferrer nofollow noopener\" title=\"https:\/\/elpais.com\/smoda\/famosos\/mujeres-descalzas-en-cannes-de-jennifer-lawrence-a-nicole-kidman-el-gesto-que-molesta-a-la-organizacion.html\">vestida de Dior y con chanclas<\/a> en el Festival de Cannes \u2014donde la etiqueta impon\u00eda tacones para las mujeres\u2014 se interpret\u00f3 como una reivindicaci\u00f3n, aunque luego ella aclar\u00f3 que lo hizo porque los zapatos que llevaba le quedaban demasiado grandes y <a href=\"https:\/\/elpais.com\/smoda\/moda\/jennifer-lawrence-con-tacones-de-aguja-en-un-estreno-no-sabia-que-habia-controversia-con-las-personas-que-llevaban-calzado-plano-en-cannes.html\" target=\"_blank\" rel=\"noreferrer nofollow noopener\" title=\"https:\/\/elpais.com\/smoda\/moda\/jennifer-lawrence-con-tacones-de-aguja-en-un-estreno-no-sabia-que-habia-controversia-con-las-personas-que-llevaban-calzado-plano-en-cannes.html\">no pod\u00eda andar con ellos<\/a>. <\/p>\n<p><img decoding=\"auto\" class=\"_re lazyload a_m-v\" height=\"622\"  width=\"414\"  src=\"https:\/\/www.europesays.com\/es\/wp-content\/uploads\/2025\/09\/IMQ6NVOMNVDBPHK2YPUNSRHXOM.jpg\" loading=\"lazy\"\/>La actriz luci\u00f3 flequillo por la noche.Carlos Alvarez (Getty Images)<\/p>\n<p class=\"\">En 2019 la actriz se cas\u00f3 con el galerista neoyorquino Cooke Maroney, con quien ha tenido dos hijos (uno nacido en febrero de 2022 y otro a principios de este mismo a\u00f1o), y su carrera no deja de acumular proyectos interesantes: adem\u00e1s del estreno ahora de Die My Love \u2014filme de terror que protagoniza junto a Robert Pattinson y en el que se mete en la piel de una madre marcada por una depresi\u00f3n posparto\u2014, prepara un proyecto personal que coescribe y coprotagonizar\u00e1 junto a <a href=\"https:\/\/elpais.com\/smoda\/famosos\/la-mujer-que-escandaliza-a-america-se-llama-amy-schumer.html\" target=\"_blank\" rel=\"noreferrer nofollow noopener\" title=\"https:\/\/elpais.com\/smoda\/famosos\/la-mujer-que-escandaliza-a-america-se-llama-amy-schumer.html\">Amy Schumer<\/a> (en el que interpretar\u00e1n a dos hermanas); otra pel\u00edcula titulada The Wives, con guion de Michael Breslin y Patrick Foley, sobre un crimen en un c\u00edrculo de mujeres adineradas, y What Happens at Night, dirigida por Martin Scorsese y con guion de Peter Cameron y Patrick Marber, en la que encabezar\u00e1 el reparto con Leonardo DiCaprio.<\/p>\n<p><img decoding=\"auto\" class=\"_re lazyload a_m-h\" height=\"276\"  width=\"414\"  src=\"https:\/\/www.europesays.com\/es\/wp-content\/uploads\/2025\/09\/INRUIC2QGRBANMSDHJ74C5KIW4.jpg\" loading=\"lazy\"\/>Durante el d\u00eda, en la presentaci\u00f3n de la pel\u00edcula, Lawrence no llev\u00f3 flequillo y apost\u00f3 por otro conjunto, bicolor y con cola, tambi\u00e9n de Phoebe Philo.Europa Press News (Europa Press via Getty Images)<\/p>\n","protected":false},"excerpt":{"rendered":"La actriz estadounidense Jennifer Lawrence tiene 35 a\u00f1os, naci\u00f3 en Indian Hills (Kentucky) y entre 2012 y 2015&hellip;\n","protected":false},"author":2,"featured_media":142264,"comment_status":"","ping_status":"","sticky":false,"template":"","format":"standard","meta":{"footnotes":""},"categories":[91],"tags":[1015,22404,177,14048,146,147,25,24,13802,9560,22405,1023,44154,6086,23],"class_list":{"0":"post-142263","1":"post","2":"type-post","3":"status-publish","4":"format-standard","5":"has-post-thumbnail","7":"category-entretenimiento","8":"tag-actrices","9":"tag-alfombra-roja","10":"tag-cine","11":"tag-disenadores-moda","12":"tag-entertainment","13":"tag-entretenimiento","14":"tag-es","15":"tag-espana","16":"tag-estrenos-cine","17":"tag-festivales-cine","18":"tag-jennifer-lawrence","19":"tag-moda","20":"tag-phoebe-philo","21":"tag-san-sebastian","22":"tag-spain"},"share_on_mastodon":{"url":"","error":""},"_links":{"self":[{"href":"https:\/\/www.europesays.com\/es\/wp-json\/wp\/v2\/posts\/142263","targetHints":{"allow":["GET"]}}],"collection":[{"href":"https:\/\/www.europesays.com\/es\/wp-json\/wp\/v2\/posts"}],"about":[{"href":"https:\/\/www.europesays.com\/es\/wp-json\/wp\/v2\/types\/post"}],"author":[{"embeddable":true,"href":"https:\/\/www.europesays.com\/es\/wp-json\/wp\/v2\/users\/2"}],"replies":[{"embeddable":true,"href":"https:\/\/www.europesays.com\/es\/wp-json\/wp\/v2\/comments?post=142263"}],"version-history":[{"count":0,"href":"https:\/\/www.europesays.com\/es\/wp-json\/wp\/v2\/posts\/142263\/revisions"}],"wp:featuredmedia":[{"embeddable":true,"href":"https:\/\/www.europesays.com\/es\/wp-json\/wp\/v2\/media\/142264"}],"wp:attachment":[{"href":"https:\/\/www.europesays.com\/es\/wp-json\/wp\/v2\/media?parent=142263"}],"wp:term":[{"taxonomy":"category","embeddable":true,"href":"https:\/\/www.europesays.com\/es\/wp-json\/wp\/v2\/categories?post=142263"},{"taxonomy":"post_tag","embeddable":true,"href":"https:\/\/www.europesays.com\/es\/wp-json\/wp\/v2\/tags?post=142263"}],"curies":[{"name":"wp","href":"https:\/\/api.w.org\/{rel}","templated":true}]}}