{"id":142271,"date":"2025-09-27T13:07:17","date_gmt":"2025-09-27T13:07:17","guid":{"rendered":"https:\/\/www.europesays.com\/es\/142271\/"},"modified":"2025-09-27T13:07:17","modified_gmt":"2025-09-27T13:07:17","slug":"los-mutualistas-presionan-al-congreso-en-su-paso-a-la-seguridad-social","status":"publish","type":"post","link":"https:\/\/www.europesays.com\/es\/142271\/","title":{"rendered":"Los mutualistas presionan al Congreso en su paso a la Seguridad Social"},"content":{"rendered":"<p>Madrid (EFE).- Trabajadores afectados por las bajas pensiones que les quedan tras haber cotizado \u00fanicamente a las mutualidades profesionales alternativas, entre ellos abogados, procuradores o ingenieros, presionan a los grupos parlamentarios para que mejoren el traspaso de sus aportaciones a la Seguridad Social.<\/p>\n<p>Bajo el lema \u00abPasarela 1\u00d71 para todos\u00bb, este colectivo se ha manifiestado de nuevo este s\u00e1bado desde la Plaza de Espa\u00f1a hasta el Congreso, donde se ha iniciado esta semana el tr\u00e1mite de enmiendas al articulado de la proposici\u00f3n de ley del PSOE que busca solucionar su situaci\u00f3n.<\/p>\n<p><img loading=\"lazy\" data-recalc-dims=\"1\" decoding=\"async\" width=\"900\" height=\"600\" src=\"https:\/\/www.europesays.com\/es\/wp-content\/uploads\/2025\/09\/mutualistas.webp\" alt=\"mutualistas manifestaci\u00f3n Seguridad Social \" class=\"wp-image-2177836\"  \/>Miles de mutualistas llegados de toda Espa\u00f1a se han manifestado en Madrid. EFE\/Victor Lerena<\/p>\n<p>Los mutualistas rechazan una regulaci\u00f3n que no les permite a todos el traslado a la Seguridad Social y que no contabiliza el cien por cien de sus aportaciones a las mutualidades como cotizaci\u00f3n, por lo que exigen mejoras que consideran bien reflejadas en algunas enmiendas registradas por los grupos.<\/p>\n<p>Hace diez meses el PSOE present\u00f3 una proposici\u00f3n de ley para articular una pasarela que permita a los mutualistas \u00abalternativos\u00bb, aquellos que \u00fanicamente han realizado aportaciones a un sistema de capitalizaci\u00f3n individual, pasar esas contribuciones a la Seguridad Social.<\/p>\n<p>La medida super\u00f3 el tr\u00e1mite de enmiendas a la totalidad y ha estado casi cuatro meses paralizada, lo que ha llevado al colectivo, compuesto por unas 60.000 personas, a manifestarse en varias ocasiones, la \u00faltima este s\u00e1bado.<\/p>\n<p><img data-recalc-dims=\"1\" loading=\"lazy\" decoding=\"async\" width=\"900\" height=\"600\" src=\"https:\/\/www.europesays.com\/es\/wp-content\/uploads\/2025\/09\/manifestacion-mutualistas.webp\" alt=\"mutualistas manifestaci\u00f3n Seguridad Social \" class=\"wp-image-2177839\"  \/>Miles de mutualistas llegados de toda Espa\u00f1a se han manifestado este s\u00e1bado por la Gran V\u00eda de Madrid. EFE\/Victor Lerena<\/p>\n<p>En declaraciones a la Agencia EFE, la abogada y portavoz de Pasarela al RETA (R\u00e9gimen de Trabajadores Aut\u00f3nomos), Mar\u00eda Jos\u00e9 Almod\u00f3var, ha explicado durante la marcha de este s\u00e1bado que su motivo es reclamar una pasarela uno por uno para todos y que \u00abse reconozca\u00bb el tiempo que han sido \u00abalternativos a efectos de vida laboral\u00bb.<\/p>\n<p>Tambi\u00e9n, seg\u00fan ha a\u00f1adido, que se reconozcan \u00ablas aportaciones que se han realizado en este r\u00e9gimen a efecto del c\u00e1lculo de bases de cotizaci\u00f3n, como si hubieran sido cotizaciones en el r\u00e9gimen p\u00fablico\u00bb.<\/p>\n<p>Una pasarela para los mutualistas anteriores a 2013<\/p>\n<p>La proposici\u00f3n de ley recoge que podr\u00e1n acogerse a la pasarela aquellos profesionales que comenzaron a realizar aportaciones a mutualidades antes del 1 de enero de 2013, un punto en el que discrepan grupos como PP y Sumar, que piden el acceso para todos los mutualistas.<\/p>\n<p>Estos profesionales estaban inicialmente obligados a aportar en un r\u00e9gimen alternativo y, aunque posteriormente se habilit\u00f3 legalmente la posibilidad de cotizar a la Seguridad Social, en la pr\u00e1ctica no se trasladaron al r\u00e9gimen de aut\u00f3nomos (RETA) porque implicaba la p\u00e9rdida total de los fondos aportados durante unos a\u00f1os que no constar\u00edan como cotizados a efectos de pensi\u00f3n.<\/p>\n<p>El texto ahora en tramitaci\u00f3n deja fuera tambi\u00e9n a aquellos mutualistas que cuenten con un m\u00ednimo de 15 a\u00f1os cotizados -que dan derecho a una pensi\u00f3n contributiva en la Seguridad Social-, otro de los requisitos que los afectados piden eliminar, como recogen en sus enmiendas grupos como PP y Sumar.<\/p>\n<p>Adem\u00e1s, los populares quieren dejar fuera del texto la supresi\u00f3n de la alternatividad, es decir, la posibilidad de elegir aportar \u00fanicamente a la mutualidad, ya que la norma recoge que a partir de 2027 ser\u00e1 obligatorio cotizar en el RETA a la Seguridad Social, independientemente de que se realicen aportaciones voluntarias tambi\u00e9n a alguna mutualidad.<\/p>\n<p>De esta forma, la enmienda popular apoya la petici\u00f3n de los mutualistas, que quieren que se mantenga esa alternatividad y que, adem\u00e1s, se establezca un \u00abmecanismo inverso\u00bb que les permita si m\u00e1s adelante as\u00ed lo desean, trasladar a la mutualidad los a\u00f1os cotizados en la Seguridad Social.<\/p>\n<p><img data-recalc-dims=\"1\" loading=\"lazy\" decoding=\"async\" width=\"900\" height=\"600\" src=\"https:\/\/www.europesays.com\/es\/wp-content\/uploads\/2025\/09\/semana-parlamentaria.webp\" alt=\"PRIMER PLENO CONGRESO\" class=\"wp-image-2126817\"  \/>Imagen de archivo del Pleno del Congreso. EFE\/Fernando Villar<\/p>\n<p>Desde Sumar, al contrario, piden adelantar el cierre de la alternatividad al 1 de enero de 2026.<\/p>\n<p>En cualquier caso, la norma fija las prestaciones a abonar por las mutualidades a sus mutualistas, que no podr\u00e1n ser inferiores al 80 % de las pensiones no contributivas, un punto en el que discrepa Sumar, que pide que se eleve al 100 % y que la cuant\u00eda se actualice igual que las pensiones p\u00fablicas.<\/p>\n<p>La proposici\u00f3n de ley recoge un aumento de la cotizaci\u00f3n m\u00ednima al RETA, que pasar\u00eda de manera progresiva del 80 % de la base m\u00ednima de la actualidad al 100 % en 2027.<\/p>\n<p>Tambi\u00e9n regula c\u00f3mo traspasar el ahorro gestionado por la mutualidad a la Seguridad Social, as\u00ed como el mecanismo utilizado para el canje en a\u00f1os cotizados, no obstante, tanto el PP como Sumar reclaman dejar este punto para un desarrollo reglamentario posterior.<\/p>\n<p>Para los mutualistas es \u00abimprescindible\u00bb que la proposici\u00f3n de ley detalle ya de forma clara la f\u00f3rmula y el momento en que se realizar\u00eda un eventual traspaso de fondos de quienes decidan abandonar la mutualidad, algo que, a su juicio, deber\u00eda producirse \u00fanicamente en el momento efectivo de su jubilaci\u00f3n.<\/p>\n","protected":false},"excerpt":{"rendered":"Madrid (EFE).- Trabajadores afectados por las bajas pensiones que les quedan tras haber cotizado \u00fanicamente a las mutualidades&hellip;\n","protected":false},"author":2,"featured_media":142272,"comment_status":"","ping_status":"","sticky":false,"template":"","format":"standard","meta":{"footnotes":""},"categories":[8],"tags":[44159,17,18,25,24,13,14,11,19,20,9,10,15,16,11755,23,12,21,22],"class_list":{"0":"post-142271","1":"post","2":"type-post","3":"status-publish","4":"format-standard","5":"has-post-thumbnail","7":"category-espana","8":"tag-autonomos","9":"tag-breaking-news","10":"tag-breakingnews","11":"tag-es","12":"tag-espana","13":"tag-featured-news","14":"tag-featurednews","15":"tag-headlines","16":"tag-latest-news","17":"tag-latestnews","18":"tag-news","19":"tag-noticias","20":"tag-noticias-destacadas","21":"tag-noticiasdestacadas","22":"tag-seguridad-social","23":"tag-spain","24":"tag-titulares","25":"tag-ultimas-noticias","26":"tag-ultimasnoticias"},"share_on_mastodon":{"url":"","error":""},"_links":{"self":[{"href":"https:\/\/www.europesays.com\/es\/wp-json\/wp\/v2\/posts\/142271","targetHints":{"allow":["GET"]}}],"collection":[{"href":"https:\/\/www.europesays.com\/es\/wp-json\/wp\/v2\/posts"}],"about":[{"href":"https:\/\/www.europesays.com\/es\/wp-json\/wp\/v2\/types\/post"}],"author":[{"embeddable":true,"href":"https:\/\/www.europesays.com\/es\/wp-json\/wp\/v2\/users\/2"}],"replies":[{"embeddable":true,"href":"https:\/\/www.europesays.com\/es\/wp-json\/wp\/v2\/comments?post=142271"}],"version-history":[{"count":0,"href":"https:\/\/www.europesays.com\/es\/wp-json\/wp\/v2\/posts\/142271\/revisions"}],"wp:featuredmedia":[{"embeddable":true,"href":"https:\/\/www.europesays.com\/es\/wp-json\/wp\/v2\/media\/142272"}],"wp:attachment":[{"href":"https:\/\/www.europesays.com\/es\/wp-json\/wp\/v2\/media?parent=142271"}],"wp:term":[{"taxonomy":"category","embeddable":true,"href":"https:\/\/www.europesays.com\/es\/wp-json\/wp\/v2\/categories?post=142271"},{"taxonomy":"post_tag","embeddable":true,"href":"https:\/\/www.europesays.com\/es\/wp-json\/wp\/v2\/tags?post=142271"}],"curies":[{"name":"wp","href":"https:\/\/api.w.org\/{rel}","templated":true}]}}