{"id":142289,"date":"2025-09-27T13:21:11","date_gmt":"2025-09-27T13:21:11","guid":{"rendered":"https:\/\/www.europesays.com\/es\/142289\/"},"modified":"2025-09-27T13:21:11","modified_gmt":"2025-09-27T13:21:11","slug":"y-solo-beatriz-archidona-sabe-por-que","status":"publish","type":"post","link":"https:\/\/www.europesays.com\/es\/142289\/","title":{"rendered":"Y solo Beatriz Archidona sabe por qu\u00e9"},"content":{"rendered":"<p class=\"article-text\">\n        Hace ya bastante tiempo que <strong>Terelu Campos<\/strong> hizo p\u00fablico que <strong>Mar Flores<\/strong> \u2013su consuegra\u2013 le hab\u00eda pedido que no hablara de ella en los medios de comunicaci\u00f3n. Ambas han respetado ese pacto cada vez que los periodistas les han intentado sacar alg\u00fan jugoso titular, pero en los \u00faltimos d\u00edas s\u00ed ha habido un <strong>discreto y pol\u00e9mico cruce de declaraciones<\/strong> con el que han podido mantenerse en el candelero.\n    <\/p>\n<p>    <a href=\"https:\/\/www.eldiario.es\/vertele\/noticias\/cachitos-fecha-estreno-nueva-temporada-rtve-la2-horario-dia_1_12637513.html\" data-mrf-recirculation=\"saber-mas\" data-dl-event=\"saber-mas\" rel=\"nofollow noopener\" target=\"_blank\"><\/p>\n<p class=\"know-more__title\">&#8216;Cachitos&#8217; anuncia por sorpresa cu\u00e1ndo estrenar\u00e1 su nueva temporada en RTVE<\/p>\n<p>            <img decoding=\"async\" class=\"lazy\" loading=\"lazy\" data-src=\"https:\/\/static.eldiario.es\/clip\/dd58ec6c-6a3f-4d8a-8710-1cba4a1a1e86_16-9-aspect-ratio_default_0.jpg\" src=\"data:image\/svg+xml,%3Csvg xmlns=\" http:=\"\" viewbox=\"0 0 880 495\" alt=\"'Cachitos' anuncia por sorpresa cu\u00e1ndo estrenar\u00e1 su nueva temporada en RTVE\"\/><\/p>\n<p>                        <\/a><\/p>\n<p class=\"article-text\">\n        Terelu insinu\u00f3 la semana pasada en <strong>De Viernes<\/strong> que Mar no le hab\u00eda felicitado el cumplea\u00f1os, y a la modelo no le ha gustado que este asunto haya sido cacareado a los cuatro vientos. Ni eso, ni que su exmarido <strong>Carlo Costanzia<\/strong> se fotografiara junto a Terelu en la fiesta de esta. Al menos eso es lo que ha dado a entender cuando varios reporteros le han preguntado por ello.\n    <\/p>\n<p class=\"article-text\">\n        Anoche fue el turno de Terelu, que respondi\u00f3 una vez m\u00e1s desde Telecinco, desde el plat\u00f3 de De Viernes, donde volvi\u00f3 a constatar que entre ellas existe una relaci\u00f3n bastante tirante.\n    <\/p>\n<p class=\"article-text\">\n        <strong>\u201cNo voy a hablar de ella porque dijo que no quer\u00eda\u201d<\/strong>, se\u00f1al\u00f3 en primer lugar cuando sus compa\u00f1eros le pidieron una valoraci\u00f3n. \u201cYo soy una persona muy respetuosa e intento hacer lo que me piden, pero no solo soy una persona respetuosa, si no que soy una persona muy respetable porque me he ganado durante el respeto en mi profesi\u00f3n. (&#8230;) Por eso a m\u00ed tambi\u00e9n me gusta que se me respete\u201d, agreg\u00f3.\n    <\/p>\n<p>    \u201cQue no se juegue con mi silencio\u201d<\/p>\n<p class=\"article-text\">\n        Terelu se desmarc\u00f3 de los problemas que pudiera haber habido en el pasado entre Mar Flores y Carlo Costanzia. \u201cEsta no es mi guerra, yo no tengo nada que ver con todo esto. No \u00e9ramos amigos ni ten\u00edamos amigos comunes, yo no he publicado un libro ni me he sentado en un programa de televisi\u00f3n, yo solo he dado exclusivas hablando de m\u00ed\u201d, record\u00f3 la tertuliana, tras lo cual mir\u00f3 a c\u00e1mara para lanzar un rotundo mensaje: <strong>\u201c\u00bfMe piden silencio? Yo lo cumplo, pero que no se juegue con mi silencio\u201d<\/strong>.\n    <\/p>\n<p class=\"article-text\">\n        \u00bfEra esta una advertencia para Mar Flores? Parece evidente que s\u00ed, pero ella, aunque sus compa\u00f1eros insistieron en preguntar, prefiri\u00f3 no aclararlo. <strong>\u201cT\u00fa, Beatriz Archidona, eres la \u00fanica persona de este plat\u00f3 que sabe de lo que estoy hablando\u201d<\/strong>, le dijo a la presentadora del programa. Archidona confirm\u00f3 que, efectivamente, entend\u00eda el trasfondo de la historia: \u201cEs una conversaci\u00f3n privada que ocurri\u00f3 fuera del plat\u00f3 y que no la voy a desvelar por respeto a las personas implicadas. Por mi parte, lo que puedo decir es que no me cuadra lo que he visto con lo que p\u00fablicamente se est\u00e1 haciendo. Eso es lo que puedo decir\u201d.\n    <\/p>\n<p>    <a href=\"https:\/\/www.eldiario.es\/vertele\/audiencias-tv\/viernes-26-septiembre-2025-la-voz-pierde-audiencia-lider-deviernes-telecinco_1_12637161.html\" data-mrf-recirculation=\"saber-mas-abajo\" data-dl-event=\"saber-mas-abajo\" rel=\"nofollow noopener\" target=\"_blank\"><\/p>\n<p class=\"know-more__title\">&#8216;La Voz&#8217; lidera la noche, pierde audiencia en su segunda semana y da esperanzas a &#8216;De Viernes&#8217;<\/p>\n<p>            <img decoding=\"async\" class=\"lazy\" loading=\"lazy\" data-src=\"https:\/\/static.eldiario.es\/clip\/dd2a432f-7b4a-4b02-8f2b-08597d9affab_16-9-aspect-ratio_default_0.jpg\" src=\"data:image\/svg+xml,%3Csvg xmlns=\" http:=\"\" viewbox=\"0 0 880 495\" alt=\"'La Voz' (13.2%) lidera la noche, pierde audiencia en su segunda semana y da esperanzas a 'De Viernes' (12.1%)\"\/><\/p>\n<p>                        <\/a><\/p>\n<p class=\"article-text\">\n        Lejos de aportar algo de claridad, las palabras de Archidona a\u00f1adieron m\u00e1s interrogantes. Los colaboradores se quedaron totalmente desconcertados, pero ya no insistieron: si esa conversaci\u00f3n hab\u00eda ocurrido en privado, no deb\u00eda hacerse p\u00fablica. <strong>\u201cSolo Beatriz Archidona entiende por qu\u00e9 digo que no se juegue con mi silencio\u201d<\/strong>, insisti\u00f3 Terelu, visiblemente molesta con esta situaci\u00f3n.\n    <\/p>\n","protected":false},"excerpt":{"rendered":"Hace ya bastante tiempo que Terelu Campos hizo p\u00fablico que Mar Flores \u2013su consuegra\u2013 le hab\u00eda pedido que&hellip;\n","protected":false},"author":2,"featured_media":142290,"comment_status":"","ping_status":"","sticky":false,"template":"","format":"standard","meta":{"footnotes":""},"categories":[171],"tags":[8910,41551,22296,30593,146,147,25,24,9646,195,23,5522,214],"class_list":{"0":"post-142289","1":"post","2":"type-post","3":"status-publish","4":"format-standard","5":"has-post-thumbnail","7":"category-tv","8":"tag-advertencia","9":"tag-archidona","10":"tag-beatriz","11":"tag-de-viernes","12":"tag-entertainment","13":"tag-entretenimiento","14":"tag-es","15":"tag-espana","16":"tag-flores","17":"tag-mar","18":"tag-spain","19":"tag-terelu","20":"tag-tv"},"share_on_mastodon":{"url":"","error":""},"_links":{"self":[{"href":"https:\/\/www.europesays.com\/es\/wp-json\/wp\/v2\/posts\/142289","targetHints":{"allow":["GET"]}}],"collection":[{"href":"https:\/\/www.europesays.com\/es\/wp-json\/wp\/v2\/posts"}],"about":[{"href":"https:\/\/www.europesays.com\/es\/wp-json\/wp\/v2\/types\/post"}],"author":[{"embeddable":true,"href":"https:\/\/www.europesays.com\/es\/wp-json\/wp\/v2\/users\/2"}],"replies":[{"embeddable":true,"href":"https:\/\/www.europesays.com\/es\/wp-json\/wp\/v2\/comments?post=142289"}],"version-history":[{"count":0,"href":"https:\/\/www.europesays.com\/es\/wp-json\/wp\/v2\/posts\/142289\/revisions"}],"wp:featuredmedia":[{"embeddable":true,"href":"https:\/\/www.europesays.com\/es\/wp-json\/wp\/v2\/media\/142290"}],"wp:attachment":[{"href":"https:\/\/www.europesays.com\/es\/wp-json\/wp\/v2\/media?parent=142289"}],"wp:term":[{"taxonomy":"category","embeddable":true,"href":"https:\/\/www.europesays.com\/es\/wp-json\/wp\/v2\/categories?post=142289"},{"taxonomy":"post_tag","embeddable":true,"href":"https:\/\/www.europesays.com\/es\/wp-json\/wp\/v2\/tags?post=142289"}],"curies":[{"name":"wp","href":"https:\/\/api.w.org\/{rel}","templated":true}]}}