{"id":142315,"date":"2025-09-27T13:38:09","date_gmt":"2025-09-27T13:38:09","guid":{"rendered":"https:\/\/www.europesays.com\/es\/142315\/"},"modified":"2025-09-27T13:38:09","modified_gmt":"2025-09-27T13:38:09","slug":"el-circuit-de-barcelona-catalunya-no-tiene-nada-que-anunciar-seguimos-negociando","status":"publish","type":"post","link":"https:\/\/www.europesays.com\/es\/142315\/","title":{"rendered":"El Circuit de Barcelona-Catalunya no tiene nada que anunciar: \u00abSeguimos negociando\u00bb"},"content":{"rendered":"<p data-mrf-recirculation=\"Links P\u00e1rrafos\" class=\"ue-c-article__paragraph paragraph ue-c-article--first-letter-highlighted\">A pesar de los crecientes rumores sobre la continuidad del <strong>Circuit de Barcelona-Catalunya<\/strong> en el calendario de la <strong>F1 <\/strong>a partir de 2026, <strong>MARCA <\/strong>ha podido saber que no hay ning\u00fan acuerdo entre el trazado y la <strong>FOM\u00a0(Formula One Management),<\/strong> regida por <strong>Stefano Domenicali<\/strong>, sobre un contrato rotacional bianual con el <strong>Circuito de Spa-Francorchamps.\u00a0<\/strong><\/p>\n<blockquote class=\"ue-c-article__blockquote\">\n<p>Seguimos intentando tener el mejor acuerdo posible para los pr\u00f3ximos a\u00f1os<\/p>\n<p>Circuit de Barcelona-Catalunya<\/p><\/blockquote>\n<p data-mrf-recirculation=\"Links P\u00e1rrafos\" class=\"ue-c-article__paragraph paragraph\"><strong>\u00abSeguimos intentando tener el mejor acuerdo posible para los pr\u00f3ximos a\u00f1os\u00bb,<\/strong> mencionan fuentes cercanas al circuito. La opci\u00f3n de rotar ha estado sobre la mesa desde hace meses, pero no es m\u00e1s que una opci\u00f3n. Todo apunta a que ser\u00e1 en <strong>mayo de 2026<\/strong> cuando se conozca, de manera definitiva, si la carrera barcelonesa contin\u00fae en el calendario sin sufrir ning\u00fan cambio o, por lo contrario, coja una alteraci\u00f3n en su presentaci\u00f3n.\u00a0<\/p>\n<p>Alteraciones en el GP de Espa\u00f1a para 2026<\/p>\n<p data-mrf-recirculation=\"Links P\u00e1rrafos\" class=\"ue-c-article__paragraph paragraph\">Este a\u00f1o fue la \u00faltima vez que, el tambi\u00e9n conocido <strong>Circuito de Montmel\u00f3<\/strong>, albergue el &#8216;<strong>Gran Premio de Espa\u00f1a<\/strong>&#8216;. Esto debido a la llegada de <strong>Madrid <\/strong>a la <strong>F1 <\/strong>a partir de la siguiente campa\u00f1a. El novedoso circuito de <strong>MadRing <\/strong>ser\u00e1 el encargado de albergar dicho GP por los pr\u00f3ximos 10 a\u00f1os, tiempo establecido en el contrato con <strong>&#8216;Liberty Media<\/strong>&#8216;.<\/p>\n<p><img decoding=\"async\" width=\"1980\" height=\"1320\" class=\"ue-c-article__image lazyload\" alt=\"Carlos Sainz durante la exhibici\u00f3n por la parte urbana del futuro circuito de MadRing.\" loading=\"lazy\" src=\"https:\/\/www.europesays.com\/es\/wp-content\/uploads\/2025\/09\/68d51759c02dc.jpeg\"\/><\/p>\n<p>Carlos Sainz durante la exhibici\u00f3n por la parte urbana del futuro circuito de MadRing.EFE<\/p>\n<p data-mrf-recirculation=\"Links P\u00e1rrafos\" class=\"ue-c-article__paragraph paragraph\">Dicho escenario obliga que la cita en <strong>Barcelona <\/strong>tome el nombre de &#8216;<strong>Gran Premio de Barcelona-Catalunya<\/strong>&#8216; para <strong>2026<\/strong>. A\u00f1o en el que Fernando Alonso podr\u00eda disfrutar, por primera vez, de un espacio dedicado a \u00e9l gracias a la grada &#8216;<strong>Alonso Land<\/strong>&#8216;. Esta \u00e1rea\u00a0contar\u00e1 con una extensa zona de animaci\u00f3n dedicada al bicampe\u00f3n del mundo.\u00a0<\/p>\n<p>Un legado que busca seguir extendi\u00e9ndose\u00a0<\/p>\n<p data-mrf-recirculation=\"Links P\u00e1rrafos\" class=\"ue-c-article__paragraph paragraph\">Desde <strong>1991<\/strong>, el Circuit ha estado presente en el calendario de la F1. La relaci\u00f3n entre ambas partes siempre ha sido muy buen. Domenicali, al momento de anunciar el arribo de la capital espa\u00f1ola al &#8216;Gran Circo&#8217;, sostuvo: \u00ab<strong>De cara al futuro, hay conversaciones en marcha para ver si realmente podemos ampliar nuestra colaboraci\u00f3n con Barcelona, con quien tenemos una muy buena relaci\u00f3n\u00bb.\u00a0<\/strong><\/p>\n","protected":false},"excerpt":{"rendered":"A pesar de los crecientes rumores sobre la continuidad del Circuit de Barcelona-Catalunya en el calendario de la&hellip;\n","protected":false},"author":2,"featured_media":142316,"comment_status":"","ping_status":"","sticky":false,"template":"","format":"standard","meta":{"footnotes":""},"categories":[270],"tags":[168,25,24,306,271,272,23,167],"class_list":{"0":"post-142315","1":"post","2":"type-post","3":"status-publish","4":"format-standard","5":"has-post-thumbnail","7":"category-formula-1","8":"tag-deportes","9":"tag-es","10":"tag-espana","11":"tag-f1","12":"tag-formula-1","13":"tag-formula1","14":"tag-spain","15":"tag-sports"},"share_on_mastodon":{"url":"","error":""},"_links":{"self":[{"href":"https:\/\/www.europesays.com\/es\/wp-json\/wp\/v2\/posts\/142315","targetHints":{"allow":["GET"]}}],"collection":[{"href":"https:\/\/www.europesays.com\/es\/wp-json\/wp\/v2\/posts"}],"about":[{"href":"https:\/\/www.europesays.com\/es\/wp-json\/wp\/v2\/types\/post"}],"author":[{"embeddable":true,"href":"https:\/\/www.europesays.com\/es\/wp-json\/wp\/v2\/users\/2"}],"replies":[{"embeddable":true,"href":"https:\/\/www.europesays.com\/es\/wp-json\/wp\/v2\/comments?post=142315"}],"version-history":[{"count":0,"href":"https:\/\/www.europesays.com\/es\/wp-json\/wp\/v2\/posts\/142315\/revisions"}],"wp:featuredmedia":[{"embeddable":true,"href":"https:\/\/www.europesays.com\/es\/wp-json\/wp\/v2\/media\/142316"}],"wp:attachment":[{"href":"https:\/\/www.europesays.com\/es\/wp-json\/wp\/v2\/media?parent=142315"}],"wp:term":[{"taxonomy":"category","embeddable":true,"href":"https:\/\/www.europesays.com\/es\/wp-json\/wp\/v2\/categories?post=142315"},{"taxonomy":"post_tag","embeddable":true,"href":"https:\/\/www.europesays.com\/es\/wp-json\/wp\/v2\/tags?post=142315"}],"curies":[{"name":"wp","href":"https:\/\/api.w.org\/{rel}","templated":true}]}}