{"id":142317,"date":"2025-09-27T13:39:05","date_gmt":"2025-09-27T13:39:05","guid":{"rendered":"https:\/\/www.europesays.com\/es\/142317\/"},"modified":"2025-09-27T13:39:05","modified_gmt":"2025-09-27T13:39:05","slug":"casademont-zaragoza-el-analisis-de-la-pretemporada-del-casademont-zaragoza-mas-preguntas-que-respuestas","status":"publish","type":"post","link":"https:\/\/www.europesays.com\/es\/142317\/","title":{"rendered":"Casademont Zaragoza | El an\u00e1lisis de la pretemporada del Casademont Zaragoza: m\u00e1s preguntas que respuestas"},"content":{"rendered":"<p class=\"ft-text\">La pretemporada es el momento que debe servir a un entrenador para sacar las mayores conclusiones de cara al inicio de lo verdaderamente importantes.<strong> <\/strong>Seguro que Jes\u00fas Ram\u00edrez ha sacado unas cuantas y muy valiosas<strong>, pero da la sensaci\u00f3n de que la preparaci\u00f3n del Casademont tambi\u00e9n ha dejado mucha incertidumbre (los percances sufridos por Stephens y Stevenson ante el Benfica la aumentan)<\/strong> y muchas dudas en los roles que los jugadores de la primera plantilla van a desempe\u00f1ar en el inicio de la competici\u00f3n oficial para un equipo aragon\u00e9s que ha demostrado<strong> poder combinar momentos de brillantez y esperanza con minutos en los que los zaragozanos se han atascado<\/strong> y no han encontrado ni una idea buena.<\/p>\n<p class=\"ft-text\">A pesar de que el mismo Ram\u00edrez reconoci\u00f3 en una entrevista a este diario que<strong> enfrentarse a rivales de primer\u00edsimo nivel en verano hab\u00eda sido una petici\u00f3n suya<\/strong>, no pareci\u00f3 la mejor manera para que el Casademont acumulara sensaciones positivas en su arranque. Los resultados fueron contundentes<strong>: tres derrotas inapelables ante Tenerife, Valencia Basket y Real Madrid <\/strong>que advirtieron que hac\u00eda falta mucho trabajo para que los zaragozanos fueran un conjunto, al menos, competitivo<\/p>\n<p class=\"ft-text\">En la segunda mitad del verano, los resultados han mejorado y se han cosechado dos triunfos ante el Benfica y el Bilbao Basket, adem\u00e1s de una derrota frente al San Pablo Burgos, en tres encuentros en los que<strong> los de Ram\u00edrez mejoraron su cara, pero en los que tambi\u00e9n fueron demasiado irregulares <\/strong>en choques en los que no consiguieron ser constantes y dejaron luces y sombras.<\/p>\n<p>Certezas y dudas<\/p>\n<p class=\"ft-text\">Hablando de nombres propios,<strong> quiz\u00e1 el hombre de la pretemporada ha sido Joaqu\u00edn Rodr\u00edguez.<\/strong> En una plantilla en la que habr\u00e1 que hacer descartes jornada tras jornada, el uruguayo part\u00eda, a priori, a la cola en la poblada rotaci\u00f3n exterior de los aragoneses. Pero su orgullo y el punto competitivo que le ha aportado su participaci\u00f3n con los americanos en la AmeriCup le han dado a Joaqu\u00edn un punto adicional que seguro que ahora supone un quebradero de cabeza extra de cabeza para Ram\u00edrez<strong>. Su irrupci\u00f3n puede hacer desaparecer del equipo a un Langarita<\/strong> que no acaba de dar el paso adelante que se le supon\u00eda.<\/p>\n<p class=\"ft-text\">Con la pareja de bases <strong>Spissu y Bell-Haynes como un seguro de vida<\/strong>, falta por saber c\u00f3mo resolver\u00e1 el t\u00e9cnico el rompecabezas del per\u00edmetro. Ah\u00ed Stevenson ha dejado pinceladas del gran anotador que puede ser y Santi Yusta, tras su verano internacional, volver\u00e1 a ser importante en su ya quinta temporada en Zaragoza.<\/p>\n<p class=\"ft-text\">El compromiso del capit\u00e1n es una certeza, aunque la pretemporada ha dejado alguna m\u00e1s. Y es que<strong> el Casademont, con las incorporaciones de DJ Stephens y Davin Robison ha dado un salto en el aspecto f\u00edsico. De eso no hay duda,<\/strong> y no es lo de menos porque el Casademont ha sido el habitual perdedor en los duelos t\u00fa a t\u00fa en ese apartado. La seguridad que ha transmitido<strong> Robinson contrasta con lo fr\u00edo que han dejado las actuaciones de Kabaca <\/strong>al aficionado del equipo aragon\u00e9s, al que los problemas f\u00edsicos de Soriano no le han dejado vislumbrar todo su potencial en un puesto de \u20185\u2019 en el que Dubljevic seguir\u00e1 aportando su experiencia a un Casademont que se plantar\u00e1 en la primera jornada <strong>sin saber muy bien qu\u00e9 esperar de \u00e9l. <\/strong><\/p>\n","protected":false},"excerpt":{"rendered":"La pretemporada es el momento que debe servir a un entrenador para sacar las mayores conclusiones de cara&hellip;\n","protected":false},"author":2,"featured_media":142318,"comment_status":"","ping_status":"","sticky":false,"template":"","format":"standard","meta":{"footnotes":""},"categories":[269],"tags":[1705,299,298,2511,5369,168,25,24,8492,961,3048,23,167,1370,2916,491],"class_list":{"0":"post-142317","1":"post","2":"type-post","3":"status-publish","4":"format-standard","5":"has-post-thumbnail","7":"category-baloncesto","8":"tag-analisis","9":"tag-baloncesto","10":"tag-basketball","11":"tag-casademont","12":"tag-casademont-zaragoza","13":"tag-deportes","14":"tag-es","15":"tag-espana","16":"tag-preguntas","17":"tag-pretemporada","18":"tag-real-madrid","19":"tag-spain","20":"tag-sports","21":"tag-tenerife","22":"tag-valencia-basket","23":"tag-zaragoza"},"share_on_mastodon":{"url":"","error":""},"_links":{"self":[{"href":"https:\/\/www.europesays.com\/es\/wp-json\/wp\/v2\/posts\/142317","targetHints":{"allow":["GET"]}}],"collection":[{"href":"https:\/\/www.europesays.com\/es\/wp-json\/wp\/v2\/posts"}],"about":[{"href":"https:\/\/www.europesays.com\/es\/wp-json\/wp\/v2\/types\/post"}],"author":[{"embeddable":true,"href":"https:\/\/www.europesays.com\/es\/wp-json\/wp\/v2\/users\/2"}],"replies":[{"embeddable":true,"href":"https:\/\/www.europesays.com\/es\/wp-json\/wp\/v2\/comments?post=142317"}],"version-history":[{"count":0,"href":"https:\/\/www.europesays.com\/es\/wp-json\/wp\/v2\/posts\/142317\/revisions"}],"wp:featuredmedia":[{"embeddable":true,"href":"https:\/\/www.europesays.com\/es\/wp-json\/wp\/v2\/media\/142318"}],"wp:attachment":[{"href":"https:\/\/www.europesays.com\/es\/wp-json\/wp\/v2\/media?parent=142317"}],"wp:term":[{"taxonomy":"category","embeddable":true,"href":"https:\/\/www.europesays.com\/es\/wp-json\/wp\/v2\/categories?post=142317"},{"taxonomy":"post_tag","embeddable":true,"href":"https:\/\/www.europesays.com\/es\/wp-json\/wp\/v2\/tags?post=142317"}],"curies":[{"name":"wp","href":"https:\/\/api.w.org\/{rel}","templated":true}]}}