{"id":142321,"date":"2025-09-27T13:41:18","date_gmt":"2025-09-27T13:41:18","guid":{"rendered":"https:\/\/www.europesays.com\/es\/142321\/"},"modified":"2025-09-27T13:41:18","modified_gmt":"2025-09-27T13:41:18","slug":"alvaro-morte-sobre-la-popularidad-pensaba-que-habia-bajado-el-boom-pero-ha-vuelto","status":"publish","type":"post","link":"https:\/\/www.europesays.com\/es\/142321\/","title":{"rendered":"\u00c1lvaro Morte, sobre la popularidad \u201cPensaba que hab\u00eda bajado el boom, pero ha vuelto\u201d"},"content":{"rendered":"<p id=\"eiQrT81yKa\" data-wc=\"90\">Aunque saca huecos para asistir a eventos, como al estreno de El cautivo, de Alejandro Amen\u00e1bar,<a class=\"hm-link ho-link\" href=\"https:\/\/www.hola.com\/actualidad\/20231208353399\/alvaro-morte-confesiones-reflexiones-planes-futuro\/\" data-mrf-recirculation=\"article-body-link\" rel=\"nofollow noopener\" target=\"_blank\">\u00a0\u00c1lvaro Morte<\/a> tiene una agenda de lo m\u00e1s apretada. Este viernes 26, el actor gaditano estar\u00e1 en el Festival de San Sebasti\u00e1n para presentar Anatom\u00eda de un instante, serie en la que interpreta al mism\u00edsimo Adolfo Su\u00e1rez. Hablamos con \u00c1lvaro de este proyecto, de que le sigan llamando El profesor \u2013c\u00f3mo olvidarle en La casa de papel\u2013 y tambi\u00e9n de <a class=\"hm-link ho-link\" href=\"https:\/\/www.hola.com\/actualidad\/20240416252554\/lado-personal-alvaro-morte\/\" data-mrf-recirculation=\"article-body-link\" rel=\"nofollow noopener\" target=\"_blank\">su popularidad<\/a>, que se mantiene bien alto gracias al reciente estreno de Dos tumbas.<\/p>\n<p> <img src=\"https:\/\/www.europesays.com\/es\/wp-content\/uploads\/2025\/09\/4d1e62d1c063-dlu590573200.jpg\"   width=\"1024\" height=\"682\" loading=\"lazy\" decoding=\"async\" alt=\" Alvaro Morte\" fetchpriority=\"auto\" class=\"image ho-image\"\/>\u00a9 GTRES<\/p>\n<p id=\"eUrrAYqXPS\" data-wc=\"15\"><strong>\u2014Vuelves a ser n\u00famero 1 en Netflix con\u00a0Dos tumbas. \u00bfUno se acostumbra al \u00e9xito?<\/strong><\/p>\n<p id=\"eXu6WDgjd-\" data-wc=\"74\">\u2014Bueno, creo que es la producci\u00f3n y la historia, que ha cuajado, con lo cual yo encantado. Luego, siempre intento aportar algo a cada proyecto. En Dos tumbas, mi personaje era originariamente un tipo sueco y yo me lo termin\u00e9 haciendo andaluz. Estoy muy contento de hacer, con la mayor honestidad, cada uno de los personajes en los que me he involucrado. Luego, el \u00e9xito es algo que no depende jam\u00e1s de los actores.<\/p>\n<p id=\"eabUaM6ysb\" data-wc=\"10\"><strong>\u2014Arrancas un curso potente, despu\u00e9s de un a\u00f1o bastante intenso.<\/strong><\/p>\n<p id=\"eE3vr1VRa3\" data-wc=\"100\">\u2014Estoy muy contento porque he tenido la oportunidad de trabajar con gente a la que admiro mucho, ya sea Kiti [M\u00e1nver], Hovik [Keuchkerian] \u2013ambos, compa\u00f1eros en Dos tumbas\u2013 o con gente como la directora Lynette Linton y Lily Collins\u2013, que es una persona fant\u00e1stica y estupenda \u2013con ellas ha trabajado en Barcelona, obra teatral estrenada en el West End londinense\u2013. Luego, tambi\u00e9n con Alberto Rodr\u00edguez, Eduard Fern\u00e1ndez, Manolo Solo, con David Lorente en Anatom\u00eda de un instante. Estoy muy entusiasmado con todo lo que he podido aprender este a\u00f1o y de la gente maravillosa con la que he estado rodeado.<\/p>\n<p id=\"eohphWD1a2\" data-wc=\"7\"><strong>\u2014Precisamente, ahora presentas Anatom\u00eda de un instante.<\/strong><\/p>\n<p id=\"e5iHH5Gs02\" data-wc=\"64\">\u2014La serie est\u00e1 basada en el libro de Javier Cercas, del mismo t\u00edtulo\u00a0La anatom\u00eda de un instante y es todo lo que sucede en Espa\u00f1a para que se llegue a producir el 23 F. Es un ejercicio con Alberto Rodr\u00edguez junto a Juan Fern\u00e1ndez. Marc\u00f3 solo un tiempo maravilloso y la serie tiene un elenco maravilloso. Se podr\u00e1 ver en Movistar+ en noviembre.<\/p>\n<p> <img src=\"https:\/\/www.europesays.com\/es\/wp-content\/uploads\/2025\/09\/bd3a2cba4a8e-dlu565313029.jpg\"   width=\"1024\" height=\"682\" loading=\"lazy\" decoding=\"async\" alt=\" Alvaro Morte\" fetchpriority=\"auto\" class=\"image ho-image\"\/>\u00a9 GTRES<\/p>\n<p id=\"ef1xKXoUqv\" data-wc=\"19\"><strong>\u2014En la serie, interpretas a Adolfo Su\u00e1rez \u00bfC\u00f3mo ha sido meterse en la piel de un presidente del Gobierno?<\/strong><\/p>\n<p id=\"eVwtFTf46_\" data-wc=\"71\">\u2014No he querido hacer una imitaci\u00f3n tal cual porque me hubiera parecido burdo, pero s\u00ed he querido e intentado que se respire un poco lo que pudo ser alguien como Adolfo Su\u00e1rez. He cambiado el gesto, las l\u00edneas de su entonaci\u00f3n a la hora de hablar&#8230; He intentado recrear todo eso, pero no he querido hacer una imitaci\u00f3n porque me hubiera parecido lo que hac\u00eda Pedro Ruiz. Entonces, he intentado suavizarlo.<\/p>\n<p id=\"e8N7XQzZ8p\" data-wc=\"20\"><strong>\u2014Antes, nos hablabas de\u00a0Barcelona, la obra que hiciste en Londres. \u00bfHabr\u00e1 m\u00e1s funciones fuera de Londres? \u00bfQuiz\u00e1s en Madrid?<\/strong><\/p>\n<p id=\"eEh9l0tP0L\" data-wc=\"21\">\u2014No. Nos ofrecieron estar en Broadway, en Nueva York, pero he dicho que no. Es un proyecto que ya est\u00e1 hecho.<\/p>\n<p id=\"e5dHe0Le2H\" data-wc=\"22\"><strong>\u2014Hay actores que dicen que hay momentos en los que no les llegan proyectos. Entiendo que a ti eso no te ocurre.<\/strong><\/p>\n<p id=\"ePlYkBDkQj\" data-wc=\"27\">\u2014Bueno, a ver&#8230; No es que tenga un goteo continuo de proyectos en mi casa, pero s\u00ed es verdad que he tenido la suerte de seguir trabajando.<\/p>\n<p> <img src=\"https:\/\/www.europesays.com\/es\/wp-content\/uploads\/2025\/09\/4ca42a4f8687-dlu565301015.jpg\"   width=\"673\" height=\"1024\" loading=\"lazy\" decoding=\"async\" alt=\" Alvaro Morte\" fetchpriority=\"auto\" class=\"image ho-image\"\/>\u00a9 GTRES<\/p>\n<p id=\"efEQpDEhvM\" data-wc=\"7\"><strong>\u2014Y de poder elegir, que es bastante.<\/strong><\/p>\n<p id=\"eN-uQIFVzt\" data-wc=\"43\">\u2014Y de poder elegir, s\u00ed. Hay proyectos a los que debo decir no por distintas razones, por agenda u otras cosas. Pero s\u00ed es verdad que, dentro de cierto rango, me puedo permitir, a d\u00eda de hoy, por lo menos, elegir un poquito.<\/p>\n<p id=\"eCGIW4ZCaW\" data-wc=\"8\"><strong>\u2014\u00bfC\u00f3mo llevas lo de estar bajo el foco?<\/strong><\/p>\n<p id=\"eH28Fad5Hk\" data-wc=\"47\">\u2014La verdad es que, el cien por cien de las veces, se me acercan con much\u00edsimo cari\u00f1o, much\u00edsimo respeto&#8230; Es para valorar algo que he hecho, as\u00ed que es muy agradable. Pero es verdad que hay veces que el volumen es tal que necesitas decir \u00abpor favor\u201d.<\/p>\n<p id=\"eEmH3kwr3a\" data-wc=\"3\"><strong>\u2014Debe de agobiar.<\/strong><\/p>\n<p id=\"egqPfJhOWu\" data-wc=\"1\">\u2014Claro.<\/p>\n<p id=\"eC4n7ZSPjL\" data-wc=\"13\"><strong>\u2014Entonces, \u00bfno ha bajado un poco el boom desde La casa de papel?<\/strong><\/p>\n<p id=\"etTltAXe67\" data-wc=\"36\">\u2014Pensaba que hab\u00eda bajado, pero ha vuelto (r\u00ede). Este verano he tenido por fin vacaciones sin rodajes, y, donde he estado, lo he notado. Pensaba esto se va aflojando un poco y el verano ha sido&#8230;<\/p>\n<p> <img src=\"https:\/\/www.europesays.com\/es\/wp-content\/uploads\/2025\/09\/7a654b9cc171-dlu584666134.jpg\"   width=\"1024\" height=\"682\" loading=\"lazy\" decoding=\"async\" alt=\" Alvaro Morte\" fetchpriority=\"auto\" class=\"image ho-image\"\/>\u00a9 GTRES<\/p>\n<p id=\"eSiZkDPyHo\" data-wc=\"6\"><strong>\u2014Para muchos siempre ser\u00e1s El Profesor.<\/strong><\/p>\n<p id=\"eEWP5MEqwY\" data-wc=\"53\">\u2014Estoy tan contento de haberlo hecho&#8230; Me ha dado tant\u00edsimas cosas buenas&#8230; Es un personaje que ha marcado mucho mi carrera. Igual que para los actores de\u00a0Friends, los personajes de Joey o Ross van a estar toda su vida con ellos. Entiendo que ellos estar\u00e1n muy orgullosos de haber interpretado esos papeles.<\/p>\n<p id=\"eiVo86YDWT\" data-wc=\"18\"><strong>\u2014Espero que no te siente mal por coment\u00e1rtelo, pero me llama la atenci\u00f3n que hayas cumplido cincuenta a\u00f1os.<\/strong><\/p>\n<p id=\"e4VK5xqsH8y8\" data-wc=\"41\">\u2014\u00a1C\u00f3mo lo voy a tomar a mal! Estoy encantado de cumplir a\u00f1os, uno detr\u00e1s de otro. Creo que la edad es un n\u00famero y, por dentro, me encuentro bien y feliz en la vida. Tengo cincuenta a\u00f1os y estoy muy contento.<\/p>\n<p id=\"eG0vAXFRMn\" data-wc=\"5\"><strong>\u2014\u00bfQu\u00e9 te queda por hacer?<\/strong><\/p>\n<p id=\"efemqD7nP2\" data-wc=\"13\">\u2014Un huevo de cosas. Me queda much\u00edsimo sitio para m\u00ed, que estoy empezando.<\/p>\n<p id=\"el81ildg9h\" data-wc=\"4\"><strong>\u2014\u00bfQu\u00e9 te apetece ahora?<\/strong><\/p>\n<p id=\"eQcwDELzSN\" data-wc=\"60\">\u2014Soy m\u00e1s de que me sorprendan con ofertas de personajes que decir yo. Por ejemplo, cuando me llamaron para hacer de Adolfo Su\u00e1rez, fue como&#8230; \u00a1Pero c\u00f3mo voy a hacer yo de este tipo! Sin embargo, te acabas tirando la piscina y, bueno, intentas salvarlo. El hecho de sorprenderme a m\u00ed mismo con los proyectos me parece much\u00edsimo m\u00e1s fascinante.<\/p>\n","protected":false},"excerpt":{"rendered":"Aunque saca huecos para asistir a eventos, como al estreno de El cautivo, de Alejandro Amen\u00e1bar,\u00a0\u00c1lvaro Morte tiene&hellip;\n","protected":false},"author":2,"featured_media":142322,"comment_status":"","ping_status":"","sticky":false,"template":"","format":"standard","meta":{"footnotes":""},"categories":[174],"tags":[517,29694,255,146,147,25,24,256,23],"class_list":{"0":"post-142321","1":"post","2":"type-post","3":"status-publish","4":"format-standard","5":"has-post-thumbnail","7":"category-famosos","8":"tag-actualidad","9":"tag-alvaro-morte","10":"tag-celebrities","11":"tag-entertainment","12":"tag-entretenimiento","13":"tag-es","14":"tag-espana","15":"tag-famosos","16":"tag-spain"},"share_on_mastodon":{"url":"","error":""},"_links":{"self":[{"href":"https:\/\/www.europesays.com\/es\/wp-json\/wp\/v2\/posts\/142321","targetHints":{"allow":["GET"]}}],"collection":[{"href":"https:\/\/www.europesays.com\/es\/wp-json\/wp\/v2\/posts"}],"about":[{"href":"https:\/\/www.europesays.com\/es\/wp-json\/wp\/v2\/types\/post"}],"author":[{"embeddable":true,"href":"https:\/\/www.europesays.com\/es\/wp-json\/wp\/v2\/users\/2"}],"replies":[{"embeddable":true,"href":"https:\/\/www.europesays.com\/es\/wp-json\/wp\/v2\/comments?post=142321"}],"version-history":[{"count":0,"href":"https:\/\/www.europesays.com\/es\/wp-json\/wp\/v2\/posts\/142321\/revisions"}],"wp:featuredmedia":[{"embeddable":true,"href":"https:\/\/www.europesays.com\/es\/wp-json\/wp\/v2\/media\/142322"}],"wp:attachment":[{"href":"https:\/\/www.europesays.com\/es\/wp-json\/wp\/v2\/media?parent=142321"}],"wp:term":[{"taxonomy":"category","embeddable":true,"href":"https:\/\/www.europesays.com\/es\/wp-json\/wp\/v2\/categories?post=142321"},{"taxonomy":"post_tag","embeddable":true,"href":"https:\/\/www.europesays.com\/es\/wp-json\/wp\/v2\/tags?post=142321"}],"curies":[{"name":"wp","href":"https:\/\/api.w.org\/{rel}","templated":true}]}}