{"id":142325,"date":"2025-09-27T13:43:07","date_gmt":"2025-09-27T13:43:07","guid":{"rendered":"https:\/\/www.europesays.com\/es\/142325\/"},"modified":"2025-09-27T13:43:07","modified_gmt":"2025-09-27T13:43:07","slug":"illa-hernandez-y-vila-visitan-la-setmana-del-llibre-en-catala","status":"publish","type":"post","link":"https:\/\/www.europesays.com\/es\/142325\/","title":{"rendered":"Illa, Hern\u00e1ndez y Vila visitan La Setmana del Llibre en Catal\u00e0"},"content":{"rendered":"<p>   BARCELONA 27 Sep. (EUROPA PRESS) &#8211; <\/p>\n<p>   El presidente de la Generalitat, Salvador Illa, y los consellers de Cultura y de Pol\u00edtica Ling\u00fc\u00edstica, S\u00f2nia Hern\u00e1ndez y Francesc Xavier Vila, han visitado este s\u00e1bado la 43a edici\u00f3n de La Setmana del Llibre en Catal\u00e0.<\/p>\n<p>   Han visitado los estands de la feria, que se celebra en el Passeig de Llu\u00eds Companys de Barcelona hasta este domingo, informa la Generalitat en un comunicado.<\/p>\n<p>   Hay 93 casetas y 312 expositores entre editoriales, librer\u00edas e instituciones, y m\u00e1s de 300 propuestas de actividades para j\u00f3venes y adultos, as\u00ed como para un p\u00fablico familiar.<\/p>\n","protected":false},"excerpt":{"rendered":"BARCELONA 27 Sep. (EUROPA PRESS) &#8211; El presidente de la Generalitat, Salvador Illa, y los consellers de Cultura&hellip;\n","protected":false},"author":2,"featured_media":142326,"comment_status":"","ping_status":"","sticky":false,"template":"","format":"standard","meta":{"footnotes":""},"categories":[172],"tags":[224,146,147,25,24,225,23],"class_list":{"0":"post-142325","1":"post","2":"type-post","3":"status-publish","4":"format-standard","5":"has-post-thumbnail","7":"category-libros","8":"tag-books","9":"tag-entertainment","10":"tag-entretenimiento","11":"tag-es","12":"tag-espana","13":"tag-libros","14":"tag-spain"},"share_on_mastodon":{"url":"","error":""},"_links":{"self":[{"href":"https:\/\/www.europesays.com\/es\/wp-json\/wp\/v2\/posts\/142325","targetHints":{"allow":["GET"]}}],"collection":[{"href":"https:\/\/www.europesays.com\/es\/wp-json\/wp\/v2\/posts"}],"about":[{"href":"https:\/\/www.europesays.com\/es\/wp-json\/wp\/v2\/types\/post"}],"author":[{"embeddable":true,"href":"https:\/\/www.europesays.com\/es\/wp-json\/wp\/v2\/users\/2"}],"replies":[{"embeddable":true,"href":"https:\/\/www.europesays.com\/es\/wp-json\/wp\/v2\/comments?post=142325"}],"version-history":[{"count":0,"href":"https:\/\/www.europesays.com\/es\/wp-json\/wp\/v2\/posts\/142325\/revisions"}],"wp:featuredmedia":[{"embeddable":true,"href":"https:\/\/www.europesays.com\/es\/wp-json\/wp\/v2\/media\/142326"}],"wp:attachment":[{"href":"https:\/\/www.europesays.com\/es\/wp-json\/wp\/v2\/media?parent=142325"}],"wp:term":[{"taxonomy":"category","embeddable":true,"href":"https:\/\/www.europesays.com\/es\/wp-json\/wp\/v2\/categories?post=142325"},{"taxonomy":"post_tag","embeddable":true,"href":"https:\/\/www.europesays.com\/es\/wp-json\/wp\/v2\/tags?post=142325"}],"curies":[{"name":"wp","href":"https:\/\/api.w.org\/{rel}","templated":true}]}}