{"id":142335,"date":"2025-09-27T13:49:07","date_gmt":"2025-09-27T13:49:07","guid":{"rendered":"https:\/\/www.europesays.com\/es\/142335\/"},"modified":"2025-09-27T13:49:07","modified_gmt":"2025-09-27T13:49:07","slug":"la-novia-que-se-caso-en-manoletinas-plateadas-y-choker-de-perlas","status":"publish","type":"post","link":"https:\/\/www.europesays.com\/es\/142335\/","title":{"rendered":"La novia que se cas\u00f3 en manoletinas plateadas y ch\u00f3ker de perlas"},"content":{"rendered":"<p>Una <a href=\"https:\/\/www.glamour.es\/galerias\/zapatos-planos-bailarinas-novia\" rel=\"nofollow noopener\" target=\"_blank\"><strong>novia<\/strong><\/a> que se casa en <strong>manoletinas<\/strong> plateadas, sean totalmente planas o de tac\u00f3n c\u00f3modo, tiene toda nuestra atenci\u00f3n ya de entrada. As\u00ed nos sucedi\u00f3 al contemplar las im\u00e1genes de la boda de Luc\u00eda Entrecanales y Laszlo Bene en el hospital de Tavera de Toledo. Todo el look nos interesaba, por supuesto, pero ese calzado se gan\u00f3 un lugar especial en nuestro coraz\u00f3n desde el minuto uno. Porque vestidos de novia hay muchos, pero detalles que los hagan especiales, no tantos. Y la elecci\u00f3n de Luc\u00eda est\u00e1 plagada de gui\u00f1os que dan car\u00e1cter y personalidad a su opci\u00f3n nupcial. Empezando por la manera de llevarse el velo a su terreno y pasando por las joyas hasta llegar al calzado. Sin perder de vista el propio vestido, por supuesto.<\/p>\n<p><img decoding=\"async\" alt=\"La novia Lucia Entrecanales llegando a la ceremonia del brazo de su padre\" loading=\"lazy\" class=\"ResponsiveImageContainer-eNxvmU cfBbTk responsive-image__image\"   src=\"https:\/\/www.europesays.com\/es\/wp-content\/uploads\/2025\/09\/DSR03097.jpg\"\/><\/p>\n<p>La novia, Lucia Entrecanales, llegando a la ceremonia del brazo de su padre.\u00a9 797\/DAVID\/CORDKNPRESS \/ Cordon Press<\/p>\n<p>Esa fantas\u00eda de volantes de tul que ha elegido la novia es una de esas piezas que jam\u00e1s pasar\u00edan desapercibidas, y que podr\u00eda tener una preciosa segunda vida como vestido de noche. Lo mismo sucede con sus <a href=\"https:\/\/www.glamour.es\/articulos\/mary-janes-deportivas-zapatilla-tendencia-2025\" rel=\"nofollow noopener\" target=\"_blank\">Mary Janes<\/a> en plata, a las que auguramos decenas de planes de fiesta. Con estas dos ideas ya podemos darnos cuenta del acierto de Luc\u00eda al elegir piezas que la acompa\u00f1ar\u00e1n en el d\u00eda m\u00e1s especial de su vida y que sobrevivir\u00e1n despu\u00e9s para recordarlo con todo el cari\u00f1o del mundo cuando vuelva a llevarlas en una jornada cualquiera.<\/p>\n<p><img decoding=\"async\" alt=\"Boda de Luc\u00eda Entrecanales y Laszlo Bene\" loading=\"lazy\" class=\"ResponsiveImageContainer-eNxvmU cfBbTk responsive-image__image\"   src=\"https:\/\/www.europesays.com\/es\/wp-content\/uploads\/2025\/09\/DL_u592060_055.jpg\"\/><\/p>\n<p>\u00a9 GAA\/Gtres Online<\/p>\n","protected":false},"excerpt":{"rendered":"Una novia que se casa en manoletinas plateadas, sean totalmente planas o de tac\u00f3n c\u00f3modo, tiene toda nuestra&hellip;\n","protected":false},"author":2,"featured_media":142336,"comment_status":"","ping_status":"","sticky":false,"template":"","format":"standard","meta":{"footnotes":""},"categories":[91],"tags":[3164,146,147,25,24,17153,23],"class_list":{"0":"post-142335","1":"post","2":"type-post","3":"status-publish","4":"format-standard","5":"has-post-thumbnail","7":"category-entretenimiento","8":"tag-bodas","9":"tag-entertainment","10":"tag-entretenimiento","11":"tag-es","12":"tag-espana","13":"tag-novias","14":"tag-spain"},"share_on_mastodon":{"url":"","error":""},"_links":{"self":[{"href":"https:\/\/www.europesays.com\/es\/wp-json\/wp\/v2\/posts\/142335","targetHints":{"allow":["GET"]}}],"collection":[{"href":"https:\/\/www.europesays.com\/es\/wp-json\/wp\/v2\/posts"}],"about":[{"href":"https:\/\/www.europesays.com\/es\/wp-json\/wp\/v2\/types\/post"}],"author":[{"embeddable":true,"href":"https:\/\/www.europesays.com\/es\/wp-json\/wp\/v2\/users\/2"}],"replies":[{"embeddable":true,"href":"https:\/\/www.europesays.com\/es\/wp-json\/wp\/v2\/comments?post=142335"}],"version-history":[{"count":0,"href":"https:\/\/www.europesays.com\/es\/wp-json\/wp\/v2\/posts\/142335\/revisions"}],"wp:featuredmedia":[{"embeddable":true,"href":"https:\/\/www.europesays.com\/es\/wp-json\/wp\/v2\/media\/142336"}],"wp:attachment":[{"href":"https:\/\/www.europesays.com\/es\/wp-json\/wp\/v2\/media?parent=142335"}],"wp:term":[{"taxonomy":"category","embeddable":true,"href":"https:\/\/www.europesays.com\/es\/wp-json\/wp\/v2\/categories?post=142335"},{"taxonomy":"post_tag","embeddable":true,"href":"https:\/\/www.europesays.com\/es\/wp-json\/wp\/v2\/tags?post=142335"}],"curies":[{"name":"wp","href":"https:\/\/api.w.org\/{rel}","templated":true}]}}