{"id":142343,"date":"2025-09-27T13:53:15","date_gmt":"2025-09-27T13:53:15","guid":{"rendered":"https:\/\/www.europesays.com\/es\/142343\/"},"modified":"2025-09-27T13:53:15","modified_gmt":"2025-09-27T13:53:15","slug":"muere-repentinamente-elena-villagrasa-directora-del-parque-nacional-de-ordesa","status":"publish","type":"post","link":"https:\/\/www.europesays.com\/es\/142343\/","title":{"rendered":"Muere repentinamente Elena Villagrasa, directora del Parque Nacional de Ordesa"},"content":{"rendered":"<p>            Muere repentinamente Elena Villagrasa, directora del Parque Nacional de Ordesa                <\/p>\n<p>Muere repentinamente Elena Villagrasa, directora del Parque Nacional de Ordesa<\/p>\n<p class=\"epigraph\">La m\u00e1xima responsable de este espacio protegido desde 2020, natural de Bujaraloz (Zaragoza), falleci\u00f3 este viernes a los 60 a\u00f1os de edad en la localidad sobrarbense de Escalona.\u00a0<\/p>\n<p class=\"paragraph\">El <b>Parque Nacional de Ordesa y Monte Perdido<\/b> est\u00e1 de luto por el repentino <b>fallecimiento<\/b> de la que ha sido su <b>directora<\/b> durante los \u00faltimos seis a\u00f1os, la ge\u00f3loga <b>Elena Villagrasa Ferrer,<\/b> nacida en\u00a0<b>Bujaraloz (Zaragoza)\u00a0<\/b>y que ten\u00eda <b>60 a\u00f1os.<\/b>\u00a0Su funeral se celebrar\u00e1 en su misma localidad natal este s\u00e1bado a las 17.00.\u00a0<\/p>\n<p>            Conforme a los criterios de<br \/>\n            <a class=\"trustproject_img\" id=\"trustproject_img\" href=\"https:\/\/thetrustproject.org\/\" target=\"_blank\" rel=\"nofollow noopener\" aria-label=\"Trust Project\"><img decoding=\"async\" loading=\"lazy\" src=\"https:\/\/www.heraldo.es\/images\/Trust-Logo-Horizontal.svg\" alt=\"Logo Trust Project\" width=\"200\" height=\"34\"\/><\/a><\/p>\n<p>                <img decoding=\"async\" loading=\"lazy\" src=\"https:\/\/www.europesays.com\/es\/wp-content\/uploads\/2025\/08\/ruben-dario-nunez.jpeg\" class=\"author-image\" width=\"120\" height=\"120\" alt=\"Rub\u00e9n Dar\u00edo N\u00fa\u00f1ez\"\/><\/p>\n<p>        <a href=\"https:\/\/www.henneo.com\/\" title=\"Grupo Henneo\" class=\"logo\" rel=\"nofollow noopener\" target=\"_blank\"><br \/>\n            <img decoding=\"async\" src=\"https:\/\/www.heraldo.es\/images\/logo_henneo_gris.svg\" alt=\"Logo Henneo\" width=\"559\" height=\"389\" loading=\"lazy\"\/><br \/>\n        <\/a><\/p>\n<p>\u00a9 HERALDO DE ARAGON EDITORA, S.L.U.<br \/>Tel\u00e9fono 976 765 000 \/ &#8211; P\u00ba. Independencia, 29, 50001 Zaragoza &#8211; CIF: B99288763 &#8211; Inscrita en el Registro Mercantil de Zaragoza al Tomo 3796, Libro 0, Folio 177, Secci\u00f3n 8, Hoja Z-50564<br \/>Queda prohibida toda reproducci\u00f3n sin permiso escrito de la empresa a los efectos del art\u00edculo 32.1, p\u00e1rrafo segundo, de la Ley de Propiedad Intelectual<\/p>\n<p>\n                P\u00ba Independencia, 29, 50001 Zaragoza<br \/> Tel\u00e9fono 976 765 000\n            <\/p>\n<p>                    Actualmente tu navegador no permite ejecutar JavaScript. Para poder disfrutar de nuestro contenido es necesario que lo permita.<br \/>\n                                        <img decoding=\"async\" loading=\"lazy\" alt=\"Heraldo logo\" src=\"https:\/\/dkumiip2e9ary.cloudfront.net\/xalok\/heraldo\/especiales\/hola-de-nuevo\/logo-heraldo.svg\" width=\"215\" height=\"43\"\/><\/p>\n","protected":false},"excerpt":{"rendered":"Muere repentinamente Elena Villagrasa, directora del Parque Nacional de Ordesa Muere repentinamente Elena Villagrasa, directora del Parque Nacional&hellip;\n","protected":false},"author":2,"featured_media":142344,"comment_status":"","ping_status":"","sticky":false,"template":"","format":"standard","meta":{"footnotes":""},"categories":[8],"tags":[17,18,8365,25,24,13,14,11,19,20,8938,813,9,10,15,16,17599,44164,23,12,21,22,44149],"class_list":{"0":"post-142343","1":"post","2":"type-post","3":"status-publish","4":"format-standard","5":"has-post-thumbnail","7":"category-espana","8":"tag-breaking-news","9":"tag-breakingnews","10":"tag-directora","11":"tag-es","12":"tag-espana","13":"tag-featured-news","14":"tag-featurednews","15":"tag-headlines","16":"tag-latest-news","17":"tag-latestnews","18":"tag-muere","19":"tag-nacional","20":"tag-news","21":"tag-noticias","22":"tag-noticias-destacadas","23":"tag-noticiasdestacadas","24":"tag-ordesa","25":"tag-repentinamente","26":"tag-spain","27":"tag-titulares","28":"tag-ultimas-noticias","29":"tag-ultimasnoticias","30":"tag-villagrasa"},"share_on_mastodon":{"url":"","error":""},"_links":{"self":[{"href":"https:\/\/www.europesays.com\/es\/wp-json\/wp\/v2\/posts\/142343","targetHints":{"allow":["GET"]}}],"collection":[{"href":"https:\/\/www.europesays.com\/es\/wp-json\/wp\/v2\/posts"}],"about":[{"href":"https:\/\/www.europesays.com\/es\/wp-json\/wp\/v2\/types\/post"}],"author":[{"embeddable":true,"href":"https:\/\/www.europesays.com\/es\/wp-json\/wp\/v2\/users\/2"}],"replies":[{"embeddable":true,"href":"https:\/\/www.europesays.com\/es\/wp-json\/wp\/v2\/comments?post=142343"}],"version-history":[{"count":0,"href":"https:\/\/www.europesays.com\/es\/wp-json\/wp\/v2\/posts\/142343\/revisions"}],"wp:featuredmedia":[{"embeddable":true,"href":"https:\/\/www.europesays.com\/es\/wp-json\/wp\/v2\/media\/142344"}],"wp:attachment":[{"href":"https:\/\/www.europesays.com\/es\/wp-json\/wp\/v2\/media?parent=142343"}],"wp:term":[{"taxonomy":"category","embeddable":true,"href":"https:\/\/www.europesays.com\/es\/wp-json\/wp\/v2\/categories?post=142343"},{"taxonomy":"post_tag","embeddable":true,"href":"https:\/\/www.europesays.com\/es\/wp-json\/wp\/v2\/tags?post=142343"}],"curies":[{"name":"wp","href":"https:\/\/api.w.org\/{rel}","templated":true}]}}