{"id":14235,"date":"2025-07-30T15:29:14","date_gmt":"2025-07-30T15:29:14","guid":{"rendered":"https:\/\/www.europesays.com\/es\/14235\/"},"modified":"2025-07-30T15:29:14","modified_gmt":"2025-07-30T15:29:14","slug":"las-imagenes-que-confirman-su-relacion","status":"publish","type":"post","link":"https:\/\/www.europesays.com\/es\/14235\/","title":{"rendered":"las im\u00e1genes que confirman su relaci\u00f3n"},"content":{"rendered":"<p><img decoding=\"async\" class=\"voc-author__img\" src=\"https:\/\/www.europesays.com\/es\/wp-content\/uploads\/2025\/07\/autor-6797-foto-1.png\" alt=\"Daniella Bejarano\"\/><\/p>\n<p class=\"voc-p\" style=\"\">Despu\u00e9s de <a href=\"https:\/\/www.abc.es\/gente\/ana-armas-rompe-silencio-sobre-tom-cruise-20250516104726-nt.html\" target=\"_self\" data-voc-vtm-id=\"in-text-traffic\" title=\"meses de especulaciones\" data-mrf-link=\"www.abc.es\" rel=\"nofollow noopener\">meses de especulaciones<\/a>, fotograf\u00edas borrosas y apariciones discretas, Ana de Armas (37 a\u00f1os) y Tom Cruise (63 a\u00f1os) han dejado poco margen para la duda. El portal estadounidense &#8216;TMZ&#8217; ha publicado las <a href=\"https:\/\/www.abc.es\/gente\/tom-cruise-mima-ana-armas-gastandose-miles-20250512143608-nt.html\" target=\"_self\" data-voc-vtm-id=\"in-text-traffic\" title=\"primeras im\u00e1genes claras\" data-mrf-link=\"www.abc.es\" rel=\"nofollow noopener\">primeras im\u00e1genes claras<\/a> de la actriz hispanocubana y el actor estadounidense paseando de la mano por las calles de Woodstock,  en el Estado de Vermont (EE.UU.). En las fotograf\u00edas se les reconoce perfectamente pese a ir vestidos de forma relajada, con gorra y ropa informal, y sin aparentes medidas para evitar ser vistos.<\/p>\n<p class=\"voc-p\" style=\"\">Las instant\u00e1neas, en las que se les ve caminando juntos de espaldas y de perfil, suponen el gesto p\u00fablico m\u00e1s directo de la pareja hasta la fecha. No hay posado <strong>ni confirmaci\u00f3n oficial<\/strong>, pero tampoco disimulo. Solo una escena cotidiana en una localidad boscosa que ha terminado captada por el objetivo de un fot\u00f3grafo. <\/p>\n<p class=\"voc-p\" style=\"\">Seg\u00fan relata el citado medio, las estrellas aterrizaron en Vermont el pasado s\u00e1bado por la ma\u00f1ana, horas despu\u00e9s de haber sido vistos en el concierto que Oasis ofreci\u00f3 en el estadio londinense de Wembley el viernes por la noche. Varios asistentes al show compartieron im\u00e1genes en redes en las que ambos aparecen en las gradas, aparentemente despreocupados, entre el p\u00fablico. De all\u00ed viajaron directamente a Estados Unidos para disfrutar de un fin de semana rom\u00e1ntico en Woodstock, una zona cercana a la frontera canadiense, conocida por su tranquilidad, sus parques nacionales y sus rutas de senderismo, entre ellas un tramo del legendario sendero de los Apalaches.<\/p>\n<p class=\"voc-p\" style=\"\">El itinerario fue el esperado para cualquier pareja de vacaciones: <strong>paseo por las calles<\/strong> del pueblo, compras en comercios locales, visita a espacios naturales, helado incluido. En todo momento, seg\u00fan el medio estadounidense, <strong>se mostraron cercanos y c\u00f3mplices<\/strong>, sin esconderse pero sin pretensiones.<\/p>\n<p class=\"voc-p\" style=\"\">Todo comenz\u00f3 comenz\u00f3 hace seis meses, concretamente el 14 de febrero. Aquel d\u00eda, el &#8216;Daily Mail&#8217; los fotografi\u00f3 <strong>cenando juntos<\/strong> en un restaurante del SoHo londinense, lo que despert\u00f3 inmediatamente los rumores de una posible cita por San Valent\u00edn. En aquel momento, ambos negaron cualquier v\u00ednculo rom\u00e1ntico, asegurando a la revista &#8216;People&#8217; que se trataba \u00fanicamente de una <strong>relaci\u00f3n profesional.<\/strong><\/p>\n<p class=\"voc-p\" style=\"\">M\u00e1s recientemente, su presencia en el concierto de Oasis en Londres ha vuelto a ser clave. Esta vez no fueron los fot\u00f3grafos profesionales quienes captaron el momento, sino una simple grabaci\u00f3n casual. El productor musical Goldie, fan declarado de la banda, se grab\u00f3 a s\u00ed mismo cantando a todo pulm\u00f3n entre el p\u00fablico. D\u00edas despu\u00e9s, los internautas descubrieron que, justo detr\u00e1s de \u00e9l, estaban Tom y Ana, tambi\u00e9n coreando las canciones. El v\u00eddeo se volvi\u00f3 viral en cuesti\u00f3n de horas.<\/p>\n<p class=\"voc-p\" style=\"\">Aunque ni Cruise ni De Armas han hecho declaraciones al respecto, la actriz s\u00ed habl\u00f3 de sus deseos personales en una entrevista con la revista italiana &#8216;F Magazine&#8217;, donde afirm\u00f3: \u00abQuiero tener hijos y una familia. A ser posible, pronto\u00bb. Y a\u00f1ad\u00eda: \u00abPero no depende solo de m\u00ed. Como sabemos, el amor es impredecible\u2026 Nunca se sabe cu\u00e1ndo llegar\u00e1 el amor verdadero\u00bb.<\/p>\n<p class=\"voc-p\" style=\"\">Tom Cruise, por su parte, ha mantenido un perfil extremadamente discreto en lo sentimental desde su sonado divorcio de Katie Holmes en 2012, con quien tuvo a su hija Suri, ya mayor de edad. Antes de eso, estuvo casado con Nicole Kidman, madre adoptiva junto a \u00e9l de sus hijos Isabella y Connor. De Armas, por su lado, ha tenido varias relaciones conocidas, incluida la que mantuvo con Ben Affleck en 2020, un a\u00f1o que terminaron separados.<\/p>\n<p>Reportar un error<\/p>\n","protected":false},"excerpt":{"rendered":"Despu\u00e9s de meses de especulaciones, fotograf\u00edas borrosas y apariciones discretas, Ana de Armas (37 a\u00f1os) y Tom Cruise&hellip;\n","protected":false},"author":2,"featured_media":14236,"comment_status":"","ping_status":"","sticky":false,"template":"","format":"standard","meta":{"footnotes":""},"categories":[174],"tags":[683,4512,255,8824,9584,146,147,25,9585,24,256,1641,5977,23,9459],"class_list":{"0":"post-14235","1":"post","2":"type-post","3":"status-publish","4":"format-standard","5":"has-post-thumbnail","7":"category-famosos","8":"tag-ana","9":"tag-armas","10":"tag-celebrities","11":"tag-confirman","12":"tag-cruise","13":"tag-entertainment","14":"tag-entretenimiento","15":"tag-es","16":"tag-esconden","17":"tag-espana","18":"tag-famosos","19":"tag-imagenes","20":"tag-relacion","21":"tag-spain","22":"tag-tom"},"share_on_mastodon":{"url":"","error":""},"_links":{"self":[{"href":"https:\/\/www.europesays.com\/es\/wp-json\/wp\/v2\/posts\/14235","targetHints":{"allow":["GET"]}}],"collection":[{"href":"https:\/\/www.europesays.com\/es\/wp-json\/wp\/v2\/posts"}],"about":[{"href":"https:\/\/www.europesays.com\/es\/wp-json\/wp\/v2\/types\/post"}],"author":[{"embeddable":true,"href":"https:\/\/www.europesays.com\/es\/wp-json\/wp\/v2\/users\/2"}],"replies":[{"embeddable":true,"href":"https:\/\/www.europesays.com\/es\/wp-json\/wp\/v2\/comments?post=14235"}],"version-history":[{"count":0,"href":"https:\/\/www.europesays.com\/es\/wp-json\/wp\/v2\/posts\/14235\/revisions"}],"wp:featuredmedia":[{"embeddable":true,"href":"https:\/\/www.europesays.com\/es\/wp-json\/wp\/v2\/media\/14236"}],"wp:attachment":[{"href":"https:\/\/www.europesays.com\/es\/wp-json\/wp\/v2\/media?parent=14235"}],"wp:term":[{"taxonomy":"category","embeddable":true,"href":"https:\/\/www.europesays.com\/es\/wp-json\/wp\/v2\/categories?post=14235"},{"taxonomy":"post_tag","embeddable":true,"href":"https:\/\/www.europesays.com\/es\/wp-json\/wp\/v2\/tags?post=14235"}],"curies":[{"name":"wp","href":"https:\/\/api.w.org\/{rel}","templated":true}]}}