{"id":142353,"date":"2025-09-27T14:01:14","date_gmt":"2025-09-27T14:01:14","guid":{"rendered":"https:\/\/www.europesays.com\/es\/142353\/"},"modified":"2025-09-27T14:01:14","modified_gmt":"2025-09-27T14:01:14","slug":"asi-quedo-la-pelea-por-cuatro-lugares-para-la-f1-2026-aun-sin-colapinto","status":"publish","type":"post","link":"https:\/\/www.europesays.com\/es\/142353\/","title":{"rendered":"As\u00ed qued\u00f3 la pelea por cuatro lugares para la F1 2026, a\u00fan sin Colapinto"},"content":{"rendered":"<p>&#13;<br \/>\n                    &#13;<br \/>\n                        &#13;<br \/>\n&#13;<\/p>\n<p>Solamente faltan las decisiones finales en Red Bull y Alpine para conocer a los 22 protagonistas de la categor\u00eda en la pr\u00f3xima temporada.<\/p>\n<p>&#13;<br \/>\n<img decoding=\"async\" class=\"mainImg r16x9\" width=\"416\" height=\"234\" fetchpriority=\"high\" src=\"https:\/\/www.europesays.com\/es\/wp-content\/uploads\/2025\/09\/f1-2026_416x234.webp.webp\"  alt=\"F1 2026\" title=\"F1 2026\"\/> As\u00ed est\u00e1 hoy el mapa de pilotos de la F\u00f3rmula 1 para 2026.<\/p>\n<p>A falta de siete carreras para el final de la temporada 2025, <a onclick=\"ga4SelectContentEvent(&quot;C\\u00f3mo est\\u00e1 la pelea por las vacantes para la F1 2026, a\\u00fan sin Franco Colapinto&quot;, &quot;Automovilismo&quot;, &quot;Nota&quot;);\" href=\"https:\/\/www.tycsports.com\/automovilismo\/f1-2026-reglamento-alpine-id686696.html\" target=\"_blank\" rel=\"nofollow noopener\">el 2026 de la F\u00f3rmula 1<\/a> solamente tiene<b> cuatro espacios libres de 22 en su lista de pilotos, en la que todav\u00eda no figura Franco Colapinto.<\/b><\/p>\n<p>&#13;<\/p>\n<p>Hay ocho de los once equipos que ya tienen las duplas definidas:<\/p>\n<ul>\n<li>Lando <b>Norris <\/b>y Oscar <b>Piastri <\/b>en <b>McLaren<\/b>.<\/li>\n<li>Charles <b>Leclerc <\/b>y Lewis <b>Hamilton <\/b>en <b>Ferrari<\/b>.<\/li>\n<li>George <b>Russell<\/b> y Kimi <b>Antonelli<\/b> en <b style=\"\">Mercedes.*<\/b><\/li>\n<li>Fernando <b>Alonso <\/b>y Lance <b>Stroll <\/b>en <b>Aston Martin<\/b>.<\/li>\n<li>Oliver <b>Bearman <\/b>y Esteban <b>Ocon <\/b>en <b>Haas<\/b>.<\/li>\n<li>Alexander <b>Albon <\/b>y Carlos <b>Sainz Jr<\/b>. en <b>Williams<\/b>.<\/li>\n<li>Nico <b>Hulkenberg <\/b>y Gabriel <b>Bortoleto <\/b>en <b>Audi <\/b>(ex-Sauber).<\/li>\n<li>Valtteri <b>Bottas<\/b> y Sergio <b>P\u00e9rez<\/b>, en <b>Cadillac<\/b>.<\/li>\n<\/ul>\n<p>*: A falta de confirmaci\u00f3n oficial, porque a\u00fan no se firm\u00f3 la renovaci\u00f3n de Russell.<\/p>\n<p>Y restan por definirse cuatro puestos en tres equipos:<\/p>\n<p><b>El compa\u00f1ero de Verstappen en Red Bull, con final abierto<\/b>. El nuevo jefe del equipo, Laurent Mekies, junto al Dr. Helmut Marko -asesor deportivo principal-,\u00a0deben elegir entre:<\/p>\n<ul>\n<li><b>Sostener a Yuki Tsunoda<\/b>, que en las \u00faltimas carreras mostr\u00f3 -dentro y fuera de la pista, seg\u00fan la escuder\u00eda- un importante progreso luego de una primera mitad del a\u00f1o de pobres resultados. La salida de Honda del equipo podr\u00eda condenarlo, igualmente.<\/li>\n<li><b>Promover a Isack Hadjar<\/b>, protagonista de una temporada como novato por encima de las expectativas en Racing Bulls, aunque expuesto al riesgo de &#8216;quemarse&#8217; junto al lado de Verstappen.<\/li>\n<li><b>Una nueva oportunidad para Liam Lawson<\/b>, que apresuradamente fue desplazado de\u00a0la escuder\u00eda principal tras solo dos GPs. De ser la opci\u00f3n elegida, ser\u00eda un giro que nunca pas\u00f3 en la historia de Red Bull.<\/li>\n<li><b>Jug\u00e1rsela por Arvid Lindblad<\/b>, un joven ingl\u00e9s de 18 a\u00f1os llamado a ser &#8216;el nuevo Verstappen&#8217;, que consigui\u00f3 su superlicencia antes de la mayor\u00eda de edad, aunque inexperto y de irregular presente en la F2.<\/li>\n<\/ul>\n<p>Al mismo tiempo, la decisi\u00f3n que tome\u00a0<b style=\"background-color: rgb(255, 255, 0);\">Red Bull impactar\u00e1 l\u00f3gicamente en lo que pase con Racing Bulls<\/b>, que podr\u00eda correr en 2026 con una de estas tres duplas: Hadjar-Lawson, Lawson-Lindblad o Hadjar-Lindblad. Ah\u00ed parece improbable que Tsunoda vuelva atr\u00e1s.<\/p>\n<p><img decoding=\"async\" class=\"mainImg r16x9\" width=\"416\" height=\"234\" fetchpriority=\"low\" loading=\"lazy\" src=\"https:\/\/www.europesays.com\/es\/wp-content\/uploads\/2025\/09\/verstappen_416x234.webp.webp\"  alt=\"Verstappen\" title=\"Verstappen\"\/> Mientras todav\u00eda sue\u00f1a con pelearle el campeonato a los McLaren, Verstappen todav\u00eda no sabe qui\u00e9n ser\u00e1 su compa\u00f1ero de 2026. (@redbullracing)<\/p>\n<p><b>Y finalmente, el caso Alpine<\/b>, donde Gasly ya renov\u00f3 hasta 2028 y todos los caminos conducen a Colapinto, la elecci\u00f3n m\u00e1s l\u00f3gica. Pero <a onclick=\"ga4SelectContentEvent(&quot;C\\u00f3mo est\\u00e1 la pelea por las vacantes para la F1 2026, a\\u00fan sin Franco Colapinto&quot;, &quot;Automovilismo&quot;, &quot;Nota&quot;);\" href=\"https:\/\/www.tycsports.com\/automovilismo\/colapinto-vs-aron-que-hay-detras-de-una-pelea-ridicula-en-alpine-id687821.html\" target=\"_blank\" rel=\"nofollow noopener\">Flavio Briatore lo plant\u00f3 en una il\u00f3gica y desigual pelea con Paul Aron<\/a>, el estonio que hoy es tester.\u00a0<\/p>\n<p>Pero lo que dijo el pol\u00e9mico italiano, quien toma todas las decisiones pesadas en el equipo franc\u00e9s, choca con el presente del argentino, que <b>sigue demostrando estar a la altura con el peor auto del campeonato <\/b>y -detalle clave- tiene el apoyo econ\u00f3mico necesario para seguir.<\/p>\n<p>\u00bf<b>Cu\u00e1ndo ser\u00e1 la definici\u00f3n<\/b>? Briatore habl\u00f3 en Azerbaiy\u00e1n de \u00abuna o dos carreras m\u00e1s\u00bb. Es decir, el GP de Estados Unidos en Austin, a mediados de octubre, o bien M\u00e9xico, una semana m\u00e1s tarde, donde coincidir\u00eda con el p\u00fablico latino y los sponsors m\u00e1s fuertes de Colapinto. Paciencia&#8230;<\/p>\n<p><img decoding=\"async\" class=\"mainImg r16x9\" width=\"416\" height=\"234\" fetchpriority=\"low\" loading=\"lazy\" src=\"https:\/\/www.europesays.com\/es\/wp-content\/uploads\/2025\/09\/1758945669_353_franco-colapinto_416x234.webp\"  alt=\"Franco Colapinto\" title=\"Franco Colapinto\"\/> Colapinto espera: no hay motivos para pensar que pueda quedarse afuera. (Kym Illman\/Getty Images)<\/p>\n<p class=\"subs-tag\">&#13;<br \/>\n            &#13;<br \/>\n            &#13;<br \/>\n            &#13;<br \/>\n            &#13;<br \/>\n            &#13;<br \/>\n         No te pierdas nada<\/p>\n<p>        &#13;<br \/>\n            Recib\u00ed las \u00faltimas noticias de F1 \u00a1y m\u00e1s!    &#13;<br \/>\n    &#13;<\/p>\n<p>&#13;<br \/>\n    &#13;<br \/>\n       &#13;<br \/>\n&#13;<br \/>\n        Te puede interesar<a href=\"https:\/\/www.tycsports.com\/automovilismo\/guenther-steiner-ex-jefe-haas-respaldo-franco-colapinto-alpine-formula-1-paul-aron-id688818.html\" onclick=\"ga4SelectContentEvent(&quot;Un exjefe de una escuder\\u00eda de la F\\u00f3rmula 1 fren\\u00f3 a un periodista y respald\\u00f3  a Franco Colapinto&quot;,&quot;Automovilismo&quot;,&quot;page_nota-comun-2024-blo_4109&quot;,&quot;Mat\\u00edas Besana&quot;);\" class=\"cardImageHolder\" rel=\"nofollow noopener\" target=\"_blank\"><img decoding=\"async\" class=\"cardImage r16x9\" width=\"416\" height=\"234\" fetchpriority=\"low\" loading=\"lazy\" src=\"https:\/\/www.europesays.com\/es\/wp-content\/uploads\/2025\/09\/guenther-steiner-otrora-jefe-de-haas_416x234.webp\"  alt=\"Un exjefe de una escuder\u00eda de la F\u00f3rmula 1 fren\u00f3 a un periodista y respald\u00f3  a Franco Colapinto\" title=\"Un exjefe de una escuder\u00eda de la F\u00f3rmula 1 fren\u00f3 a un periodista y respald\u00f3  a Franco Colapinto\"\/><\/a><a href=\"https:\/\/www.tycsports.com\/automovilismo\/gasly-mirada-colapinto-definir-futuro-alpine-opcion-2026-id688635.html\" onclick=\"ga4SelectContentEvent(&quot;La mirada de Gasly sobre Colapinto que podr\\u00eda sentenciar su futuro en Alpine&quot;,&quot;Automovilismo&quot;,&quot;page_nota-comun-2024-blo_4109&quot;,&quot;Joaqu\\u00edn Grasso&quot;);\" class=\"cardImageHolder\" rel=\"nofollow noopener\" target=\"_blank\">&#13;<br \/>\n                    &#13;<br \/>\n                    &#13;<br \/>\n                <img decoding=\"async\" class=\"cardImage r16x9\" width=\"416\" height=\"234\" fetchpriority=\"low\" loading=\"lazy\" src=\"https:\/\/www.europesays.com\/es\/wp-content\/uploads\/2025\/09\/1758945671_409_franco-colapinto-flavio-briatore-y-pierre-gasly_416x234.webp\"  alt=\"La mirada de Gasly sobre Colapinto que podr\u00eda sentenciar su futuro en Alpine\" title=\"La mirada de Gasly sobre Colapinto que podr\u00eda sentenciar su futuro en Alpine\"\/><\/a><a href=\"https:\/\/www.tycsports.com\/automovilismo\/franco-colapinto-formula-1-carlos-sainz-padre-especial-consejo-y-elogio-es-un-gran-piloto-id688532.html\" onclick=\"ga4SelectContentEvent(&quot;Especial consejo y elogio para Colapinto de una leyenda del automovilismo: \\&quot;Es un gran piloto\\&quot;&quot;,&quot;Automovilismo&quot;,&quot;page_nota-comun-2024-blo_4109&quot;,&quot;Gabriel Cottone&quot;);\" class=\"cardImageHolder\" rel=\"nofollow noopener\" target=\"_blank\"><img decoding=\"async\" class=\"cardImage r16x9\" width=\"416\" height=\"234\" fetchpriority=\"low\" loading=\"lazy\" src=\"https:\/\/www.europesays.com\/es\/wp-content\/uploads\/2025\/09\/1758945669_353_franco-colapinto_416x234.webp\"  alt=\"Especial consejo y elogio para Colapinto de una leyenda del automovilismo: &quot;Es un gran piloto&quot;\" title=\"Especial consejo y elogio para Colapinto de una leyenda del automovilismo: &quot;Es un gran piloto&quot;\"\/><\/a><a href=\"https:\/\/www.tycsports.com\/automovilismo\/romain-grosjean-vuelve-a-subirse-a-un-formula-1-id688477.html\" onclick=\"ga4SelectContentEvent(&quot;Grosjean vuelve a subirse a un F\\u00f3rmula 1&quot;,&quot;Automovilismo&quot;,&quot;page_nota-comun-2024-blo_4109&quot;,&quot;Juan Manuel Collazo&quot;);\" class=\"cardImageHolder\" rel=\"nofollow noopener\" target=\"_blank\"><img decoding=\"async\" class=\"cardImage r16x9\" width=\"416\" height=\"234\" fetchpriority=\"low\" loading=\"lazy\" src=\"https:\/\/www.europesays.com\/es\/wp-content\/uploads\/2025\/09\/grosjean_416x234.webp\"  alt=\"Grosjean vuelve a subirse a un F\u00f3rmula 1\" title=\"Grosjean vuelve a subirse a un F\u00f3rmula 1\"\/><\/a><a href=\"https:\/\/www.tycsports.com\/automovilismo\/franco-colapinto-explico-costo-adaptarse-alpine-enfocado-pierre-gasly-formula-1-id688273.html\" onclick=\"ga4SelectContentEvent(&quot;Colapinto revel\\u00f3 el motivo por el que le cost\\u00f3 adaptarse al Alpine: \\u201cEst\\u00e1 muy enfocado en Gasly\\u201d&quot;,&quot;Automovilismo&quot;,&quot;page_nota-comun-2024-blo_4109&quot;,&quot;Mat\\u00edas Besana&quot;);\" class=\"cardImageHolder\" rel=\"nofollow noopener\" target=\"_blank\"><img decoding=\"async\" class=\"cardImage r16x9\" width=\"416\" height=\"234\" fetchpriority=\"low\" loading=\"lazy\" src=\"https:\/\/www.europesays.com\/es\/wp-content\/uploads\/2025\/09\/1758845294_198_franco-colapinto-piloto-de-alpine_416x234.webp\"  alt=\"Colapinto revel\u00f3 el motivo por el que le cost\u00f3 adaptarse al Alpine: \u201cEst\u00e1 muy enfocado en Gasly\u201d\" title=\"Colapinto revel\u00f3 el motivo por el que le cost\u00f3 adaptarse al Alpine: \u201cEst\u00e1 muy enfocado en Gasly\u201d\"\/><\/a><a href=\"https:\/\/www.tycsports.com\/automovilismo\/el-mensaje-de-alpine-con-franco-colapinto-como-bandera-para-el-fin-de-semana-id688255.html\" onclick=\"ga4SelectContentEvent(&quot;El mensaje de Alpine con Colapinto como bandera&quot;,&quot;Automovilismo&quot;,&quot;page_nota-comun-2024-blo_4109&quot;,&quot;Federico Gullo&quot;);\" class=\"cardImageHolder\" rel=\"nofollow noopener\" target=\"_blank\">&#13;<br \/>\n                    &#13;<br \/>\n                    &#13;<br \/>\n                <img decoding=\"async\" class=\"cardImage r16x9\" width=\"416\" height=\"234\" fetchpriority=\"low\" loading=\"lazy\" src=\"https:\/\/www.europesays.com\/es\/wp-content\/uploads\/2025\/09\/1758845294_420_franco-colapinto_416x234.webp\"  alt=\"El mensaje de Alpine con Colapinto como bandera\" title=\"El mensaje de Alpine con Colapinto como bandera\"\/><\/a>&#13;<br \/>\n&#13;<br \/>\n    &#13;<br \/>\n&#13;<br \/>\n&#13;<br \/>\n                  &#13;<\/p>\n","protected":false},"excerpt":{"rendered":"&#13; &#13; &#13; &#13; Solamente faltan las decisiones finales en Red Bull y Alpine para conocer a los&hellip;\n","protected":false},"author":2,"featured_media":121384,"comment_status":"","ping_status":"","sticky":false,"template":"","format":"standard","meta":{"footnotes":""},"categories":[270],"tags":[1763,168,25,24,306,271,272,1723,23,167],"class_list":{"0":"post-142353","1":"post","2":"type-post","3":"status-publish","4":"format-standard","5":"has-post-thumbnail","7":"category-formula-1","8":"tag-automovilismo","9":"tag-deportes","10":"tag-es","11":"tag-espana","12":"tag-f1","13":"tag-formula-1","14":"tag-formula1","15":"tag-franco-colapinto","16":"tag-spain","17":"tag-sports"},"share_on_mastodon":{"url":"","error":""},"_links":{"self":[{"href":"https:\/\/www.europesays.com\/es\/wp-json\/wp\/v2\/posts\/142353","targetHints":{"allow":["GET"]}}],"collection":[{"href":"https:\/\/www.europesays.com\/es\/wp-json\/wp\/v2\/posts"}],"about":[{"href":"https:\/\/www.europesays.com\/es\/wp-json\/wp\/v2\/types\/post"}],"author":[{"embeddable":true,"href":"https:\/\/www.europesays.com\/es\/wp-json\/wp\/v2\/users\/2"}],"replies":[{"embeddable":true,"href":"https:\/\/www.europesays.com\/es\/wp-json\/wp\/v2\/comments?post=142353"}],"version-history":[{"count":0,"href":"https:\/\/www.europesays.com\/es\/wp-json\/wp\/v2\/posts\/142353\/revisions"}],"wp:featuredmedia":[{"embeddable":true,"href":"https:\/\/www.europesays.com\/es\/wp-json\/wp\/v2\/media\/121384"}],"wp:attachment":[{"href":"https:\/\/www.europesays.com\/es\/wp-json\/wp\/v2\/media?parent=142353"}],"wp:term":[{"taxonomy":"category","embeddable":true,"href":"https:\/\/www.europesays.com\/es\/wp-json\/wp\/v2\/categories?post=142353"},{"taxonomy":"post_tag","embeddable":true,"href":"https:\/\/www.europesays.com\/es\/wp-json\/wp\/v2\/tags?post=142353"}],"curies":[{"name":"wp","href":"https:\/\/api.w.org\/{rel}","templated":true}]}}