{"id":142354,"date":"2025-09-27T14:02:11","date_gmt":"2025-09-27T14:02:11","guid":{"rendered":"https:\/\/www.europesays.com\/es\/142354\/"},"modified":"2025-09-27T14:02:11","modified_gmt":"2025-09-27T14:02:11","slug":"cambios-en-las-oficinas-nuevo-entrenador-y-fichajes-top","status":"publish","type":"post","link":"https:\/\/www.europesays.com\/es\/142354\/","title":{"rendered":"cambios en las oficinas, nuevo entrenador y fichajes top"},"content":{"rendered":"<p>    Noticias relacionadas<\/p>\n<p class=\"paragraph\" id=\"paragraph_1\"><a href=\"https:\/\/cronicaglobal.elespanol.com\/culemania\/secciones\/20250926\/punter-laprovittola-fichaje-low-cost-navarro-protagonismo-barca\/1003742692378_0.html?utm_cmp_rs=linksinline\" target=\"_blank\" rel=\"nofollow noopener\"><strong>El Bar\u00e7a de basket<\/strong> <\/a>se debate entre la ilusi\u00f3n por un nuevo proyecto y un nuevo recorte presupuestario. <strong>El Real Madrid, actual campe\u00f3n de Liga<\/strong>, cuenta con una plantilla mucho m\u00e1s fiable y en el <strong>Palau<\/strong> temen que el curso actual tambi\u00e9n acabe en blanco. Ser\u00eda el tercero sin un t\u00edtulo, a la espera, tambi\u00e9n, de noticias del <a href=\"https:\/\/cronicaglobal.elespanol.com\/culemania\/culemaniacos\/20230122\/el-palau-blaugrana-patito-feo-espai-barca\/735676436_0.html?utm_cmp_rs=linksinline\" target=\"_blank\" rel=\"nofollow noopener\"><strong>futuro Palau Blaugrana<\/strong>.<\/a> De momento, el presidente, <strong>Joan Laporta<\/strong>, no tiene proyecto ni presupuesto para cumplir su promesa. Tambi\u00e9n asegur\u00f3 que construir\u00eda un equipo campe\u00f3n y en la entidad esperan que la gran revoluci\u00f3n llegue dentro de unos meses, coincidiendo con las elecciones de 2026.<\/p>\n<p class=\"paragraph\" id=\"paragraph_2\"><a href=\"https:\/\/cronicaglobal.elespanol.com\/culemania\/secciones\/20250926\/punter-laprovittola-fichaje-low-cost-navarro-protagonismo-barca\/1003742692378_0.html?utm_cmp_rs=linksinline\" target=\"_blank\" rel=\"nofollow noopener\"><strong>Juan Carlos Navarro<\/strong><\/a>, manager general, ha tenido que hacer malabares con una econom\u00eda de guerra. El m\u00e1ximo ejecutivo tambi\u00e9n est\u00e1 bajo sospecha y <a href=\"https:\/\/cronicaglobal.elespanol.com\/culemania\/palco\/20250926\/laporta-modificara-estatutos-barca-precio-proximas-elecciones\/1003742692365_0.html?utm_cmp_rs=linksinline\" target=\"_blank\" rel=\"nofollow noopener\">Laporta <\/a>quiere fichar a un director general, con m\u00e1s autoridad y mando. Dentro de un a\u00f1o, <strong>el presidente del Bar\u00e7a proyecta la gran revoluci\u00f3n<\/strong>, con un t\u00e9cnico top y fichajes de primer nivel.<\/p>\n<p>Creus y Esteller<\/p>\n<p class=\"paragraph\" id=\"paragraph_3\"><strong>Laporta quer\u00eda a Chichi Creus como director deportivo<\/strong>, pero el exjugador y exsecretario t\u00e9cnico barcelonista ha declinado la propuesta del club. El plan B podr\u00eda pasar por otro antiguo jugador, <strong>Roger Esteller,<\/strong> que tiene muy buena sinton\u00eda con el presidente.<\/p>\n<p><img decoding=\"async\" alt=\"Juan Carlos Navarro atiende a los medios de comunicaci\u00f3n en la presentaci\u00f3n de los fichajes del Bar\u00e7a de basket\" data-imgm=\"true\" height=\"180\" loading=\"lazy\"  src=\"https:\/\/www.europesays.com\/es\/wp-content\/uploads\/2025\/09\/1003742689259_15154003_1024x576.jpg\"  width=\"320\"\/><\/p>\n<p>                                                            Juan Carlos Navarro atiende a los medios de comunicaci\u00f3n en la presentaci\u00f3n de los fichajes del Bar\u00e7a de basket<\/p>\n<p>                    FCB<\/p>\n<p class=\"paragraph\" id=\"paragraph_4\"><strong>Joan Pe\u00f1arroya<\/strong> cumplir\u00e1, salvo sorpresa, el a\u00f1o de contrato que le queda. La temporada pasada del Bar\u00e7a fue decepcionante, pero el club apost\u00f3 por su continuidad por motivos econ\u00f3micos. El gran sue\u00f1o de Laporta es <strong>Xavi Pascual<\/strong>, el t\u00e9cnico de la segunda <strong>Euroliga<\/strong>. El entrenador de <strong>Gav\u00e0<\/strong> se deja querer y ya ha manifestado que si el presidente le llama, no habr\u00e1 problemas para llegar a un acuerdo.<\/p>\n<p><img decoding=\"async\" alt=\"Xavi Pascual\" data-imgm=\"true\" height=\"180\" loading=\"lazy\"  src=\"https:\/\/www.europesays.com\/es\/wp-content\/uploads\/2025\/09\/860674002_14714258_1024x576.jpg\"  width=\"320\"\/><\/p>\n<p>Fichas muy altas<\/p>\n<p class=\"paragraph\" id=\"paragraph_5\">Laporta y Cubells asumen que el Bar\u00e7a deber\u00e1 fichar a jugadores de primer nivel. Antes prescindir\u00e1, muy posiblemente, de piezas muy costosas y con m\u00e1s de 30 a\u00f1os. <strong>Satoransky, Laprovittola, Willy Hernang\u00f3mez y Vesely<\/strong> acaban contrato el 30 de junio de 2026. Son jugadores con fichas muy elevadas, superiores a su rendimiento.<\/p>\n<p><img decoding=\"async\" alt=\"Joel Parra, Dar\u00edo Brizuela y Willy Hernang\u00f3mez en un partido contra el Monaco\" data-imgm=\"true\" height=\"180\" loading=\"lazy\"  src=\"https:\/\/www.europesays.com\/es\/wp-content\/uploads\/2025\/09\/1003742672595_14848969_1024x576.jpg\"  width=\"320\"\/><\/p>\n<p>                                                            Joel Parra, Dar\u00edo Brizuela y Willy Hernang\u00f3mez en un partido contra el Monaco<\/p>\n<p>                    FCB<\/p>\n<p><img decoding=\"async\" alt=\"Clyburn, Punter y Laprovittola, tras ganar al Andorra en la Lliga Catalana\" data-imgm=\"true\" height=\"180\" loading=\"lazy\"  src=\"https:\/\/www.europesays.com\/es\/wp-content\/uploads\/2025\/09\/1003742689795_15164376_1024x576.jpg\"  width=\"320\"\/><\/p>\n<p>                                                            Clyburn, Punter y Laprovittola, tras ganar al Andorra en la Lliga Catalana<\/p>\n<p>                    FCB<\/p>\n<p class=\"paragraph\" id=\"paragraph_6\">El Bar\u00e7a tambi\u00e9n podr\u00eda prescindir de jugadores que han llegado este verano al Palau, con un contrato por un a\u00f1o, como <strong>Cale, Norris, Clyburn y Fall<\/strong>. Y <strong>Juan N\u00fa\u00f1ez<\/strong>, con contrato hasta 2027, mantiene su apuesta de jugar a corto plazo en la NBA. El gran deseo del club pasar\u00eda por ascender a Sayon Keita, pero en Barcelona temen que en verano acepta la oferta de alguna universidad estadounidense.<\/p>\n<p>Los salarios<\/p>\n<p class=\"paragraph\" id=\"paragraph_7\">Laporta ha recortado 10 millones de euros en salarios en apenas tres a\u00f1os. Desmont\u00f3 un equipo campe\u00f3n, con <strong>Jasikevicius<\/strong> de entrenador y <strong>Mirotic<\/strong> como gran estrella, por motivos econ\u00f3micos. En unos meses espera aumentar la partida para reconstruir una secci\u00f3n en horas muy bajas. Este a\u00f1o, la partida destinada a los salarios del primer equipo ha pasado de 31,5 millones de euros a 28,7 millones.<\/p>\n","protected":false},"excerpt":{"rendered":"Noticias relacionadas El Bar\u00e7a de basket se debate entre la ilusi\u00f3n por un nuevo proyecto y un nuevo&hellip;\n","protected":false},"author":2,"featured_media":142355,"comment_status":"","ping_status":"","sticky":false,"template":"","format":"standard","meta":{"footnotes":""},"categories":[269],"tags":[299,298,168,25,24,4469,4467,4468,4470,23,167],"class_list":{"0":"post-142354","1":"post","2":"type-post","3":"status-publish","4":"format-standard","5":"has-post-thumbnail","7":"category-baloncesto","8":"tag-baloncesto","9":"tag-basketball","10":"tag-deportes","11":"tag-es","12":"tag-espana","13":"tag-fcb-basket","14":"tag-joan-laporta","15":"tag-juan-carlos-navarro","16":"tag-secciones","17":"tag-spain","18":"tag-sports"},"share_on_mastodon":{"url":"","error":""},"_links":{"self":[{"href":"https:\/\/www.europesays.com\/es\/wp-json\/wp\/v2\/posts\/142354","targetHints":{"allow":["GET"]}}],"collection":[{"href":"https:\/\/www.europesays.com\/es\/wp-json\/wp\/v2\/posts"}],"about":[{"href":"https:\/\/www.europesays.com\/es\/wp-json\/wp\/v2\/types\/post"}],"author":[{"embeddable":true,"href":"https:\/\/www.europesays.com\/es\/wp-json\/wp\/v2\/users\/2"}],"replies":[{"embeddable":true,"href":"https:\/\/www.europesays.com\/es\/wp-json\/wp\/v2\/comments?post=142354"}],"version-history":[{"count":0,"href":"https:\/\/www.europesays.com\/es\/wp-json\/wp\/v2\/posts\/142354\/revisions"}],"wp:featuredmedia":[{"embeddable":true,"href":"https:\/\/www.europesays.com\/es\/wp-json\/wp\/v2\/media\/142355"}],"wp:attachment":[{"href":"https:\/\/www.europesays.com\/es\/wp-json\/wp\/v2\/media?parent=142354"}],"wp:term":[{"taxonomy":"category","embeddable":true,"href":"https:\/\/www.europesays.com\/es\/wp-json\/wp\/v2\/categories?post=142354"},{"taxonomy":"post_tag","embeddable":true,"href":"https:\/\/www.europesays.com\/es\/wp-json\/wp\/v2\/tags?post=142354"}],"curies":[{"name":"wp","href":"https:\/\/api.w.org\/{rel}","templated":true}]}}