{"id":142359,"date":"2025-09-27T14:05:13","date_gmt":"2025-09-27T14:05:13","guid":{"rendered":"https:\/\/www.europesays.com\/es\/142359\/"},"modified":"2025-09-27T14:05:13","modified_gmt":"2025-09-27T14:05:13","slug":"escaleras-patios-terrazas-vistas-al-mar","status":"publish","type":"post","link":"https:\/\/www.europesays.com\/es\/142359\/","title":{"rendered":"escaleras, patios terrazas, vistas al mar\u2026"},"content":{"rendered":"<ul>\n<li>Un enlace permite adentrarse en la primera visita virtual al interior de la obra de Bofill, a la que no se puede acceder de forma presencial por ser propiedad privada<\/li>\n<li class=\"p1\">Las im\u00e1genes capturadas constituyen un registro del estado actual del edificio lo que facilitar\u00e1 futuras restauraciones<\/li>\n<li class=\"p1\">Pronto se har\u00e1 lo mismo con el Penyal, dls Banys de la Reina y la Pobla d\u2019Ifac<\/li>\n<\/ul>\n<p><a href=\"https:\/\/www.europesays.com\/es\/wp-content\/uploads\/2025\/09\/3D-Muralla-Roja.jpg\"><img loading=\"lazy\" decoding=\"async\" class=\"wp-image-1416067\" src=\"https:\/\/www.europesays.com\/es\/wp-content\/uploads\/2025\/09\/3D-Muralla-Roja.jpg\" alt=\"As\u00ed es el viaje a los laberintos de la Muralla Roja de Calp: escaleras, patios terrazas, vistas al mar\u2026\" width=\"523\" height=\"654\"  \/><\/a><\/p>\n<p class=\"wp-caption-text\">Todo un laberinto por descubrir.<\/p>\n<p class=\"p1\">No hoy ni ma\u00f1ana. Tampoco a lo mejor la pr\u00f3xima semana. Pero ya ver\u00e1n c\u00f3mo pronto llegar\u00e1 el d\u00eda en el que lo que ha presentado este viernes el Ayuntamiento de Calp acaparar\u00e1 medios de comunicaci\u00f3n y plataformas de medio planeta. No en balde, esta obra de <strong>Ricardo Bofill<\/strong> se ha convertido en un icono arquitect\u00f3nico mundial\u00a0 ya no solo por su dise\u00f1o sino por su aparici\u00f3n en las redes sociales y en producciones audiovisuales, Netflix incluido. Pues bien, ahora la <strong>Muralla Roja<\/strong>, construida en 1973 ya es visitable. Por primera vez. Todo un hito.<\/p>\n<p>Pasillos, escaleras, terrazas, patios y miradores. Todo un prodigio arquitect\u00f3nico. <strong>Toda una muestra de osad\u00eda arquitect\u00f3nica al que se puede acceder pinchando la siguiente imagen:<\/strong><\/p>\n<p><a href=\"https:\/\/my.matterport.com\/show\/?m=RumEb3cuVsv\" rel=\"nofollow noopener\" target=\"_blank\"><img loading=\"lazy\" decoding=\"async\" class=\"aligncenter wp-image-1416083 size-full\" src=\"https:\/\/www.europesays.com\/es\/wp-content\/uploads\/2025\/09\/MURALLA-ROJA-2.jpg\" alt=\"As\u00ed es el viaje a los laberintos de la Muralla Roja de Calp: escaleras, patios terrazas, vistas al mar\u2026\" width=\"2409\" height=\"1407\"  \/><\/a><\/p>\n<p class=\"p3\">Ser\u00e1 visitable pero de forma virtual porque presencial no puede ser: se trata de una propiedad privada cuya intimidad los vecinos defienden desde hace muchos a\u00f1os. As\u00ed que lo que se podr\u00e1n realizar desde hoy son visitas que se han virtualizado utilizando<strong> la t\u00e9cnica del escaneo 3D<\/strong>, que permite capturar un espacio f\u00edsico en su totalidad, en tres dimensiones, utilizando c\u00e1maras especiales y sensores. En total, se han realizado<strong> m\u00e1s de 450 escaneos <\/strong>La Muralla Roja tiene mucho que visitar.<\/p>\n<p><a href=\"https:\/\/www.europesays.com\/es\/wp-content\/uploads\/2025\/09\/Presentacion-visitas-virtuales-Muralla-Roja-1.jpg\"><img loading=\"lazy\" decoding=\"async\" class=\"aligncenter wp-image-1416069\" src=\"https:\/\/www.europesays.com\/es\/wp-content\/uploads\/2025\/09\/Presentacion-visitas-virtuales-Muralla-Roja-1.jpg\" alt=\"As\u00ed es el viaje a los laberintos de la Muralla Roja de Calp: escaleras, patios terrazas, vistas al mar\u2026\" width=\"1000\" height=\"750\"  \/><\/a><\/p>\n<p class=\"p5\">Posteriormente, estas capturas se han procesado para crear un modelo digital unificado y navegable que reproduce la compleja estructura de esta ic\u00f3nica construcci\u00f3n y que se puede recorrer de forma virtual, <strong>como si la persona estuviera dentro del edificio<\/strong>. \u201cEl mayor reto fue la complejidad de la propia Muralla Roja: sus patios laber\u00ednticos, la variedad de niveles y la mezcla de luz y sombra. Pero precisamente ah\u00ed reside la riqueza del proyecto: <strong>haber podido recrear digitalmente cada rinc\u00f3n de esta obra \u00fanica<\/strong>\u201d, ha destacado <strong>Luiza Dinu<\/strong>, creadora audiovisual de Touristinnovaci\u00f3n360 S.L. (Lookish Spain), que es la empresa encargada de la ejecuci\u00f3n del proyecto.<\/p>\n<p><strong>Conservar el patrimonio y potenciar las investigaciones<\/strong><\/p>\n<p><a href=\"https:\/\/www.europesays.com\/es\/wp-content\/uploads\/2025\/09\/Presentacion-visitas-virtuales-Muralla-Roja-2.jpg\"><img loading=\"lazy\" decoding=\"async\" class=\"aligncenter wp-image-1416071\" src=\"https:\/\/www.europesays.com\/es\/wp-content\/uploads\/2025\/09\/Presentacion-visitas-virtuales-Muralla-Roja-2.jpg\" alt=\"As\u00ed es el viaje a los laberintos de la Muralla Roja de Calp: escaleras, patios terrazas, vistas al mar\u2026\" width=\"1044\" height=\"779\"  \/><\/a><\/p>\n<p class=\"p5\">Pero esto no es solo un gancho para divulgar la obra de Bofill y de paso promocionar la marca Calp. Dinu destac\u00f3 que el escaneo 3D constituye una \u201cvaliosa herramienta para la documentaci\u00f3n y conservaci\u00f3n del patrimonio\u201d, ya que permite contar<strong> con un registro del estado actual del edificio para futuras restauraciones o estudios.<\/strong><\/p>\n<p><a href=\"https:\/\/www.europesays.com\/es\/wp-content\/uploads\/2025\/09\/MURALLA-ROJA-3.jpg\"><img loading=\"lazy\" decoding=\"async\" class=\"aligncenter wp-image-1416085\" src=\"https:\/\/www.europesays.com\/es\/wp-content\/uploads\/2025\/09\/MURALLA-ROJA-3.jpg\" alt=\"As\u00ed es el viaje a los laberintos de la Muralla Roja de Calp: escaleras, patios terrazas, vistas al mar\u2026\" width=\"1022\" height=\"547\"  \/><\/a><\/p>\n<p class=\"p5\">El proyecto goza tambi\u00e9n de un importante<strong> componente educativo y cultural<\/strong>, puesto que estudiantes, investigadores y curiosos podr\u00e1n conocer en profundidad la arquitectura de Ricardo Bofill <strong>y la relevancia de la Muralla Roja en la historia reciente de Calp.<\/strong><\/p>\n<p><strong>El primero pero no el \u00faltimo<\/strong><\/p>\n<p><a href=\"https:\/\/www.europesays.com\/es\/wp-content\/uploads\/2025\/09\/gafas-3d.jpg\"><img loading=\"lazy\" decoding=\"async\" class=\"aligncenter wp-image-1416073\" src=\"https:\/\/www.europesays.com\/es\/wp-content\/uploads\/2025\/09\/gafas-3d.jpg\" alt=\"As\u00ed es el viaje a los laberintos de la Muralla Roja de Calp: escaleras, patios terrazas, vistas al mar\u2026\" width=\"1079\" height=\"809\"  \/><\/a><\/p>\n<p class=\"p5\">Se trata del primer proyecto de experiencia inmersiva que lleva a cabo el Ayuntamiento de Calp y est\u00e1 previsto que pr\u00f3ximamente se realice la virtualizaci\u00f3n de las visitas del<strong> Penyal d\u2019Ifac as\u00ed como de los yacimientos arqueol\u00f3gicos de la Pobla medieval d\u2019Ifac y Banys de la Reina<\/strong>. El presupuesto de todas estas actuaciones asciende a\u00a0 186.194,8 euros, financiados \u00edntegramente por la <strong>Uni\u00f3n Europea<\/strong> con fondos Next Generation.<\/p>\n<p class=\"p5\">\u201cCon ello pretendemos hacer accesibles a todo el mundo recursos tur\u00edsticos que no se pueden visitar por ser de propiedad privada o bien por sus caracter\u00edsticas no pueden ser visitados por colectivos con problemas de movilidad\u201d, ha destacado la concejala de Planificaci\u00f3n Tur\u00edstica, <strong>Mireia Ripoll.<\/strong><\/p>\n<p class=\"p5\">\u201cApostamos por que el turismo est\u00e9 al alcance de todo el mundo y, por tanto, por un destino tur\u00edstico m\u00e1s accesible y sostenible\u201d, ha destacado el concejal de Promoci\u00f3n Internacional,<strong> Marco Bittner<\/strong>.  El acto de presentaci\u00f3n ha tenido lugar para conmemorar precisamente el D\u00eda Mundial de Turismo. <\/p>\n<blockquote wp_automatic_readability=\"21\"><p>\n<b>Certificados de Turismo accesible<\/b><b\/><\/p>\n<p><a href=\"https:\/\/www.europesays.com\/es\/wp-content\/uploads\/2025\/09\/Entrega-certificados-de-accesibilidad.jpg\"><img loading=\"lazy\" decoding=\"async\" class=\"aligncenter wp-image-1416075\" src=\"https:\/\/www.europesays.com\/es\/wp-content\/uploads\/2025\/09\/Entrega-certificados-de-accesibilidad.jpg\" alt=\"As\u00ed es el viaje a los laberintos de la Muralla Roja de Calp: escaleras, patios terrazas, vistas al mar\u2026\" width=\"1000\" height=\"597\"  \/><\/a><\/p>\n<p class=\"p5\">Por otro lado, la alcaldesa de Calp, Ana Sala y Mireia Ripoll han hecho entrega de los distintivos \u201cSomos Turismo Accesible\u201d de Equalitas Vitae a las empresas tur\u00edsticas que cumplen con criterios en materia de accesibilidad. Se trata de <strong>ocho hoteles<\/strong> (Hotel AR Diamante Beach, Hotel AR Roca Esmeralda, Hotel TheCookbook, Hotel Gran Sol, Hotel Port Europa, Hotel Porto Calpe, Gran Hotel Sol y Mar y Hotel Suitop\u00edaSol y Mar Suites), un <strong>hostel<\/strong> (HostelSea and Dreams), un apartamento tur\u00edstico (Apartamento Realet \u2013 Interhome), tres <strong>campings<\/strong> (Camping Calpemar, Camping La Merced y Mediterr\u00e1neo Camping), un \u00e1rea de<strong> autocaravanas<\/strong> (Para\u00edso Camper) y las dos <strong>oficinas de turismo<\/strong> de Calp as\u00ed como el punto de informaci\u00f3n tur\u00edstica de la playa de la Fossa.<\/p>\n<\/blockquote>\n","protected":false},"excerpt":{"rendered":"Un enlace permite adentrarse en la primera visita virtual al interior de la obra de Bofill, a la&hellip;\n","protected":false},"author":2,"featured_media":142360,"comment_status":"","ping_status":"","sticky":false,"template":"","format":"standard","meta":{"footnotes":""},"categories":[173],"tags":[517,4071,42598,8937,229,233,231,230,5025,7092,42583,42582,42589,42585,20412,1013,177,42595,209,30922,232,42578,1819,42600,42599,1639,234,13193,146,147,2958,25,24,2793,3931,5270,42591,42596,1667,27050,42590,2441,42593,42594,4911,42579,42588,7080,10,14470,12657,133,42597,1925,42584,42580,42581,4069,2052,952,42592,8485,4286,4113,23,1651,42587,42586,19079,4664,1529,1018,35649],"class_list":{"0":"post-142359","1":"post","2":"type-post","3":"status-publish","4":"format-standard","5":"has-post-thumbnail","7":"category-arte-y-diseno","8":"tag-actualidad","9":"tag-agenda","10":"tag-agenda-cultural","11":"tag-altea","12":"tag-arte","13":"tag-arte-y-diseno","14":"tag-arts","15":"tag-arts-and-design","16":"tag-audios","17":"tag-benidorm","18":"tag-benisa","19":"tag-benissa","20":"tag-callossa-den-sarria","21":"tag-calp","22":"tag-calpe","23":"tag-cartelera","24":"tag-cine","25":"tag-costa-blanca","26":"tag-cultura","27":"tag-denia","28":"tag-design","29":"tag-diari","30":"tag-diario","31":"tag-diario-denia","32":"tag-diario-marina-alta","33":"tag-digital","34":"tag-diseno","35":"tag-el-tiempo","36":"tag-entertainment","37":"tag-entretenimiento","38":"tag-entrevistas","39":"tag-es","40":"tag-espana","41":"tag-espectaculos","42":"tag-festival","43":"tag-festivales","44":"tag-finestrat","45":"tag-informacio","46":"tag-informacion","47":"tag-javea","48":"tag-lalfas-del-pi","49":"tag-la-nucia","50":"tag-la-vila","51":"tag-la-vila-joiosa","52":"tag-marina","53":"tag-marina-alta","54":"tag-moraira","55":"tag-noticia","56":"tag-noticias","57":"tag-noticies","58":"tag-ondara","59":"tag-online","60":"tag-opinio","61":"tag-opinion","62":"tag-pedreguer","63":"tag-pego","64":"tag-pego-y-les-valls","65":"tag-periodico","66":"tag-poesia","67":"tag-politica","68":"tag-polop","69":"tag-programacion","70":"tag-reportajes","71":"tag-servicios","72":"tag-spain","73":"tag-teatro","74":"tag-teulada","75":"tag-teulada-y-moraira","76":"tag-turisme","77":"tag-turismo","78":"tag-ultima-hora","79":"tag-videos","80":"tag-xabia"},"share_on_mastodon":{"url":"","error":""},"_links":{"self":[{"href":"https:\/\/www.europesays.com\/es\/wp-json\/wp\/v2\/posts\/142359","targetHints":{"allow":["GET"]}}],"collection":[{"href":"https:\/\/www.europesays.com\/es\/wp-json\/wp\/v2\/posts"}],"about":[{"href":"https:\/\/www.europesays.com\/es\/wp-json\/wp\/v2\/types\/post"}],"author":[{"embeddable":true,"href":"https:\/\/www.europesays.com\/es\/wp-json\/wp\/v2\/users\/2"}],"replies":[{"embeddable":true,"href":"https:\/\/www.europesays.com\/es\/wp-json\/wp\/v2\/comments?post=142359"}],"version-history":[{"count":0,"href":"https:\/\/www.europesays.com\/es\/wp-json\/wp\/v2\/posts\/142359\/revisions"}],"wp:featuredmedia":[{"embeddable":true,"href":"https:\/\/www.europesays.com\/es\/wp-json\/wp\/v2\/media\/142360"}],"wp:attachment":[{"href":"https:\/\/www.europesays.com\/es\/wp-json\/wp\/v2\/media?parent=142359"}],"wp:term":[{"taxonomy":"category","embeddable":true,"href":"https:\/\/www.europesays.com\/es\/wp-json\/wp\/v2\/categories?post=142359"},{"taxonomy":"post_tag","embeddable":true,"href":"https:\/\/www.europesays.com\/es\/wp-json\/wp\/v2\/tags?post=142359"}],"curies":[{"name":"wp","href":"https:\/\/api.w.org\/{rel}","templated":true}]}}