{"id":142369,"date":"2025-09-27T14:12:09","date_gmt":"2025-09-27T14:12:09","guid":{"rendered":"https:\/\/www.europesays.com\/es\/142369\/"},"modified":"2025-09-27T14:12:09","modified_gmt":"2025-09-27T14:12:09","slug":"la-princesa-leonor-y-los-reyes-con-alumnos-de-primaria-en-su-visita-al-palacio-real-de-olite","status":"publish","type":"post","link":"https:\/\/www.europesays.com\/es\/142369\/","title":{"rendered":"La princesa Leonor y los Reyes, con alumnos de Primaria en su visita al Palacio Real de Olite"},"content":{"rendered":"<p>\n        Los <strong>Reyes Felipe y Letizia<\/strong>, junto con la princesa <strong>Leonor<\/strong>, han continuado este s\u00e1bado su<strong> visita a<\/strong> <strong>Navarra <\/strong>en el <strong>Palacio Real de Olite<\/strong>, cuya construcci\u00f3n fue ordenada en 1402 por los reyes de Navarra, Carlos III &#8216;el Noble&#8217; y su esposa Leonor de Trastamara, cuando se les qued\u00f3 peque\u00f1o el Palacio Viejo, hoy convertido en parador nacional de turismo.\n<\/p>\n<p class=\"article-body__text \">\n        Han llegado a la localidad sobre las 10.50 horas, acompa\u00f1ados por la presidenta de Navarra, <strong>Maria Chivite<\/strong>; la ministra de Inclusi\u00f3n, Seguridad Social y Migraciones <strong>Elma Saiz<\/strong>; la delegada del Gobierno,<strong> Alicia Echeverr\u00eda,<\/strong> y el alcalde de Olite,<strong> Josu Etxarri<\/strong>.\n<\/p>\n<p class=\"article-body__text \">\n        En el exterior del edificio, donde esperaban un buen n\u00famero de personas que les han recibido entre aplausos, han sido recibidos en primer lugar por un grupo de alumnos de <strong>4\u00ba de Primaria del colegio p\u00fablico Pr\u00edncipe de Viana de Olite<\/strong>, quienes les han hecho entrega de <strong>una carta explicando el proyecto que han realizado en el aula el a\u00f1o pasado con motivo del 600\u00ba aniversario del fallecimiento de Carlos III<\/strong>, &#8216;El Noble&#8217;, adem\u00e1s de una copia de una placa que hay en la fachada del colegio explicando con c\u00f3digos QR, en castellano, euskera, ingl\u00e9s y franc\u00e9s, la vida del Pr\u00edncipe de Viana.\n<\/p>\n<p class=\"article-body__text \">\n        Los Reyes y Leonor han compartido unas palabras con los j\u00f3venes estudiantes, a algunos de los cuales la princesa de Asturias y de Viana ha dado su aut\u00f3grafo con una dedicatoria.\n<\/p>\n<p class=\"article-body__text \">\n        Seguidamente, se han acercado a saludar a las personas que se hab\u00edan reunido en la plaza para ver su llegada con quienes han estrechado manos, se han sacado fotos y &#8216;selfies&#8217;, entre aplausos y vivas a los Reyes y la Princesa.\n<\/p>\n<p class=\"article-body__text \">\n        En el interior del Palacio de Olite, han sido saludados por las autoridades en el patio para, a continuaci\u00f3n, hacer una visita por la Galer\u00eda Real y el jard\u00edn de la Reina.\n<\/p>\n<p class=\"article-body__text \">\n        Tras su visita, los Reyes y la princesa se han dirigido a Tudela, donde ser\u00e1n recibidos en el Ayuntamiento por la corporaci\u00f3n municipal, para despu\u00e9s mantener un encuentro en el Palacio del Marqu\u00e9s de San Adri\u00e1n, que alberga la sede de la UNED, con representantes de la C\u00e1mara de Comercio y de la Junta de Bardenas Reales, y con una veintena de j\u00f3venes de diferentes colectivos de j\u00f3venes de Navarra como la universidad, las artes, la Formaci\u00f3n Profesional, la m\u00fasica, el deporte, la m\u00fasica, la investigaci\u00f3n y la agricultura.<\/p>\n","protected":false},"excerpt":{"rendered":"Los Reyes Felipe y Letizia, junto con la princesa Leonor, han continuado este s\u00e1bado su visita a Navarra&hellip;\n","protected":false},"author":2,"featured_media":142370,"comment_status":"","ping_status":"","sticky":false,"template":"","format":"standard","meta":{"footnotes":""},"categories":[91],"tags":[447,146,147,25,24,11646,17289,1650,3051,23],"class_list":{"0":"post-142369","1":"post","2":"type-post","3":"status-publish","4":"format-standard","5":"has-post-thumbnail","7":"category-entretenimiento","8":"tag-alumnos","9":"tag-entertainment","10":"tag-entretenimiento","11":"tag-es","12":"tag-espana","13":"tag-leonor","14":"tag-primaria","15":"tag-princesa","16":"tag-reyes","17":"tag-spain"},"share_on_mastodon":{"url":"","error":""},"_links":{"self":[{"href":"https:\/\/www.europesays.com\/es\/wp-json\/wp\/v2\/posts\/142369","targetHints":{"allow":["GET"]}}],"collection":[{"href":"https:\/\/www.europesays.com\/es\/wp-json\/wp\/v2\/posts"}],"about":[{"href":"https:\/\/www.europesays.com\/es\/wp-json\/wp\/v2\/types\/post"}],"author":[{"embeddable":true,"href":"https:\/\/www.europesays.com\/es\/wp-json\/wp\/v2\/users\/2"}],"replies":[{"embeddable":true,"href":"https:\/\/www.europesays.com\/es\/wp-json\/wp\/v2\/comments?post=142369"}],"version-history":[{"count":0,"href":"https:\/\/www.europesays.com\/es\/wp-json\/wp\/v2\/posts\/142369\/revisions"}],"wp:featuredmedia":[{"embeddable":true,"href":"https:\/\/www.europesays.com\/es\/wp-json\/wp\/v2\/media\/142370"}],"wp:attachment":[{"href":"https:\/\/www.europesays.com\/es\/wp-json\/wp\/v2\/media?parent=142369"}],"wp:term":[{"taxonomy":"category","embeddable":true,"href":"https:\/\/www.europesays.com\/es\/wp-json\/wp\/v2\/categories?post=142369"},{"taxonomy":"post_tag","embeddable":true,"href":"https:\/\/www.europesays.com\/es\/wp-json\/wp\/v2\/tags?post=142369"}],"curies":[{"name":"wp","href":"https:\/\/api.w.org\/{rel}","templated":true}]}}