{"id":142375,"date":"2025-09-27T14:15:11","date_gmt":"2025-09-27T14:15:11","guid":{"rendered":"https:\/\/www.europesays.com\/es\/142375\/"},"modified":"2025-09-27T14:15:11","modified_gmt":"2025-09-27T14:15:11","slug":"un-netanyahu-desafiante-niega-la-hambruna-en-gaza-ante-una-asamblea-de-la-onu-casi-vacia-como-protesta-el-pais-expres","status":"publish","type":"post","link":"https:\/\/www.europesays.com\/es\/142375\/","title":{"rendered":"Un Netanyahu desafiante niega la hambruna en Gaza ante una Asamblea de la ONU casi vac\u00eda como protesta | El PA\u00cdS Expr\u00e9s"},"content":{"rendered":"<p><img fetchpriority=\"high\" decoding=\"auto\" class=\"_re  a_m-h\" height=\"414\"  width=\"414\"  src=\"https:\/\/www.europesays.com\/es\/wp-content\/uploads\/2025\/09\/ZDRBHLEPZ5DGJD3WPCS3VUJSCA.JPG\" loading=\"eager\"\/>Israeli Prime Minister Benjamin Netanyahu addresses the 80th United Nations General Assembly (UNGA) at U.N. headquarters in New York City, U.S., September 26, 2025. REUTERS\/Jeenah MoonFoto: Jeenah Moon (REUTERS)<\/p>\n<p class=\"\">La Asamblea Nacional de la ONU vivi\u00f3 momentos de tensi\u00f3n este viernes durante la intervenci\u00f3n de Benjam\u00edn Netanyahu. El primer ministro israel\u00ed habl\u00f3 ante una sala medio vac\u00eda, ya que la mayor\u00eda de los representantes de pa\u00edses le dieron plant\u00f3n como firma de protesta. <\/p>\n<p class=\"\"><b>\u00bfQu\u00e9 dijo?<\/b> Acus\u00f3 a los l\u00edderes que han reconocido el Estado palestino de enviar un mensaje antisemita. <\/p>\n<ul>\n<li>Justific\u00f3 que el alto n\u00famero de v\u00edctimas mortales en Gaza (65.549) se debe a la alta densidad de poblaci\u00f3n, y neg\u00f3 que su Gobierno est\u00e9 cometiendo un genocidio. <\/li>\n<li>Culp\u00f3 a Ham\u00e1s de robar los alimentos, ignorando las m\u00faltiples denuncias de la ONU de que Israel no deja entrar a sus camiones.<\/li>\n<li>Y dijo que nunca reconocer\u00e1 un Estado palestino: \u201cEs una locura y no lo haremos\u201d.<\/li>\n<\/ul>\n<p class=\"\"><b>Llegar a Nueva York no fue f\u00e1cil para el israel\u00ed\u2026 <\/b>El avi\u00f3n oficial realiz\u00f3 un rodeo de 600 kil\u00f3metros para evitar el espacio a\u00e9reo de Francia y Espa\u00f1a. El motivo, seg\u00fan medios israel\u00edes, era evitar que le detuvieran, ya que tiene una orden de arresto del Tribunal Penal Internacional por cr\u00edmenes de guerra. <\/p>\n<p class=\"\"><b>Mientras, Trump tiene un nuevo plan para frenar la guerra.<\/b> Propone crear un organismo temporal para gobernar Gaza liderado por el ex primer ministro brit\u00e1nico Tony Blair.<\/p>\n<ul>\n<li>Antes, ser\u00eda necesario un alto el fuego permanente, la liberaci\u00f3n de los 48 rehenes israel\u00edes restantes y la retirada gradual de Israel de toda Gaza.<\/li>\n<\/ul>\n<p class=\"\">\u00a9Foto: Jeenah Moon (Reuters)<\/p>\n<p class=\"\"><a href=\"https:\/\/elpais.com\/internacional\/2025-09-26\/netanyahu-niega-la-hambruna-en-gaza-en-una-asamblea-de-la-onu-casi-vacia-como-protesta-por-la-masacre.html\" target=\"_self\" rel=\"nofollow noopener\" title=\"https:\/\/elpais.com\/internacional\/2025-09-26\/netanyahu-niega-la-hambruna-en-gaza-en-una-asamblea-de-la-onu-casi-vacia-como-protesta-por-la-masacre.html\">Si quieres saber m\u00e1s, puedes leer aqu\u00ed.<\/a><\/p>\n","protected":false},"excerpt":{"rendered":"Israeli Prime Minister Benjamin Netanyahu addresses the 80th United Nations General Assembly (UNGA) at U.N. headquarters in New&hellip;\n","protected":false},"author":2,"featured_media":142376,"comment_status":"","ping_status":"","sticky":false,"template":"","format":"standard","meta":{"footnotes":""},"categories":[42],"tags":[41518,13241,17,18,68,352,24,629,13,14,317,73,75,11,61,62,63,64,74,19,20,9,10,15,16,732,76,12,21,22,65,66,67],"class_list":{"0":"post-142375","1":"post","2":"type-post","3":"status-publish","4":"format-standard","5":"has-post-thumbnail","7":"category-internacional","8":"tag-asamblea-general-onu","9":"tag-benjamin-netanyahu","10":"tag-breaking-news","11":"tag-breakingnews","12":"tag-conflicto-arabe-israeli","13":"tag-donald-trump","14":"tag-espana","15":"tag-estados-unidos","16":"tag-featured-news","17":"tag-featurednews","18":"tag-francia","19":"tag-franja-gaza","20":"tag-hamas","21":"tag-headlines","22":"tag-internacional","23":"tag-international","24":"tag-international-news","25":"tag-internationalnews","26":"tag-israel","27":"tag-latest-news","28":"tag-latestnews","29":"tag-news","30":"tag-noticias","31":"tag-noticias-destacadas","32":"tag-noticiasdestacadas","33":"tag-onu","34":"tag-palestina","35":"tag-titulares","36":"tag-ultimas-noticias","37":"tag-ultimasnoticias","38":"tag-world","39":"tag-world-news","40":"tag-worldnews"},"share_on_mastodon":{"url":"","error":""},"_links":{"self":[{"href":"https:\/\/www.europesays.com\/es\/wp-json\/wp\/v2\/posts\/142375","targetHints":{"allow":["GET"]}}],"collection":[{"href":"https:\/\/www.europesays.com\/es\/wp-json\/wp\/v2\/posts"}],"about":[{"href":"https:\/\/www.europesays.com\/es\/wp-json\/wp\/v2\/types\/post"}],"author":[{"embeddable":true,"href":"https:\/\/www.europesays.com\/es\/wp-json\/wp\/v2\/users\/2"}],"replies":[{"embeddable":true,"href":"https:\/\/www.europesays.com\/es\/wp-json\/wp\/v2\/comments?post=142375"}],"version-history":[{"count":0,"href":"https:\/\/www.europesays.com\/es\/wp-json\/wp\/v2\/posts\/142375\/revisions"}],"wp:featuredmedia":[{"embeddable":true,"href":"https:\/\/www.europesays.com\/es\/wp-json\/wp\/v2\/media\/142376"}],"wp:attachment":[{"href":"https:\/\/www.europesays.com\/es\/wp-json\/wp\/v2\/media?parent=142375"}],"wp:term":[{"taxonomy":"category","embeddable":true,"href":"https:\/\/www.europesays.com\/es\/wp-json\/wp\/v2\/categories?post=142375"},{"taxonomy":"post_tag","embeddable":true,"href":"https:\/\/www.europesays.com\/es\/wp-json\/wp\/v2\/tags?post=142375"}],"curies":[{"name":"wp","href":"https:\/\/api.w.org\/{rel}","templated":true}]}}