{"id":142377,"date":"2025-09-27T14:16:07","date_gmt":"2025-09-27T14:16:07","guid":{"rendered":"https:\/\/www.europesays.com\/es\/142377\/"},"modified":"2025-09-27T14:16:07","modified_gmt":"2025-09-27T14:16:07","slug":"los-reyes-y-la-princesa-leonor-visitan-olite-y-tudela","status":"publish","type":"post","link":"https:\/\/www.europesays.com\/es\/142377\/","title":{"rendered":"Los reyes y la princesa Leonor visitan Olite y Tudela"},"content":{"rendered":"<p>La princesa Leonor, acompa\u00f1ada por los reyes Felipe VI y do\u00f1a Letizia, ha finalizado su viaje oficial a Navarra visitando este s\u00e1bado las localidades de Olite y Tudela.<\/p>\n<p>La primera parada ha sido en Olite, donde un grupo de ni\u00f1os, de 9 a\u00f1os y <strong>escolares del CEIP Pr\u00edncipe de Viana<\/strong>, han entregado a la princesa un trabajo que han realizado sobre la historia de Carlos III, pr\u00edncipe de Viana, que han explicado a los reyes y a la heredera de la Corona los alumnos Sebasti\u00e1n y Marina.<\/p>\n<p>A continuaci\u00f3n, la princesa y los reyes han visitado el Palacio Real de la localidad. \u00abEst\u00e1 muy bien que conozca su cuna\u00bb, ha dicho una vecina que se ha acercado a la entrada del palacio para saludar a la <strong>princesa de Viana, t\u00edtulo que Leonor de Borb\u00f3n ostenta junto con los de Asturias y Girona<\/strong>.<\/p>\n<p>El Castillo de Olite es el <strong>monumento m\u00e1s visitado de Navarra<\/strong>, obra cumbre del rey Carlos III el Noble (1387-1425) y su esposa, tambi\u00e9n llamada Leonor, y el emblema m\u00e1s representativo del viejo Reino de Navarra.<\/p>\n<p>El Castillo de Olite\u00a0EFE\/ Villar Lopez<\/p>\n<p>En la \u00e9poca moderna, tras la conquista de Navarra en 1512 y con el declive de la importancia pol\u00edtica de Olite, cay\u00f3 en desuso hasta que <strong>un incendio lo devast\u00f3 en 1813<\/strong> y no fue hasta principios del siglo XX cuando se reconstruy\u00f3.<\/p>\n<p>Tudela, \u00faltima parada de la visita oficial a Navarra<\/p>\n<p>Tras visitar el Palacio Real de Olite, la familia real ha llegado a Tudela sobre las 12.50 horas. \u00abTudela nunca falla\u00bb, ha dicho el alcalde, Alejandro Toquero, y no lo ha hecho este s\u00e1bado con miles de vecinos en sus calles para recibir a los reyes y a la princesa Leonor en la <strong>primera visita oficial de la heredera de la Corona a la Comunidad Foral<\/strong>.<\/p>\n<p>A su llegada al Ayuntamiento, los reyes y la princesa, acompa\u00f1ados por la presidenta de la Comunidad Foral, Mar\u00eda Chivite, y la ministra de Inclusi\u00f3n, Seguridad Social y Migraciones, Elma Saiz, han saludado a los miembros de la corporaci\u00f3n y han firmado en el libro de honor de la instituci\u00f3n, tras lo que han salido a saludar al balc\u00f3n del edificio consistorial.<\/p>\n<p>El <strong>alcalde ha obsequiado a la princesa con el pa\u00f1uelo rojo caracter\u00edstico de Navarra<\/strong>, con el escudo de Tudela y su nombre bordado en oro. Y los reyes se llevan tambi\u00e9n verdura de temporada: tomate feo de Tudela, cogollos, la primera borraja que est\u00e1 saliendo ya y pimiento, as\u00ed como melocotones, todo recogido este s\u00e1bado por la ma\u00f1ana por los agricultores de la zona, ha explicado el alcalde.<\/p>\n<p>Y un pan de enormes dimensiones y con un peso de nueve kilos que un vecino de la zona suele regalar a la <strong>reina Letizia cuando acude al festival de cine de Tudela<\/strong>. En esta ocasi\u00f3n se le\u00eda en \u00e9l: \u00ab!Vivan los reyes!\u00bb.<\/p>\n<p>Los reyes y la princesa han <strong>recorrido andando las calles del casco antiguo de Tudela hasta el Palacio del Marqu\u00e9s de San Adri\u00e1n<\/strong>, sede actual de la UNED, donde se han reunido con representantes de a C\u00e1mara de Comercio y de la Junta de las Bardenas Reales.<\/p>\n<p>La C\u00e1mara Oficial de Comercio, Industria y Servicios de Navarra concedi\u00f3 a la Comunidad Bardenas Reales su premio especial 2025 por los trabajos e inversiones realizadas para la <strong>sostenibilidad ambiental del territorio<\/strong>.<\/p>\n<p>La princesa Leonor y la reina Letizia a su llegada al palacio del Marqu\u00e9s de San Adri\u00e1n, en Tudela.\u00a0EFE\/Villar Lopez<\/p>\n<p>Por \u00faltimo, <strong>se han reunido con una veintena de j\u00f3venes navarros representantes de diferentes colectivos<\/strong> como la universidad, las artes, la formaci\u00f3n profesional, la m\u00fasica, el deporte, la m\u00fasica, la investigaci\u00f3n y la agricultura.<\/p>\n<p>Entre ellos estaba <strong>Pablo S\u00e1nchez, Premio Princesa de Girona 2025<\/strong> por su labor como fundador y director de la ONG Medicina Abierta al Mundo, que lidera la fabricaci\u00f3n y distribuci\u00f3n de una incubadora neonatal de bajo coste destinada a hospitales de bajos recursos, y al que ya conocieron en Barcelona con motivo de la entrega de los galardones.<\/p>\n<p>Tras esta visita de dos d\u00edas por Navarra, en la que tambi\u00e9n han estado en Pamplona, Viana y el Monasterio de Leyre, los reyes y la princesa regresan a Madrid, desde donde <strong>Leonor de Borb\u00f3n se reincorporar\u00e1 a la Academia General del Aire de San Javier<\/strong> (Murcia) donde cursa su \u00faltimo a\u00f1o de formaci\u00f3n militar, tras pasar por el Ej\u00e9rcito de Tierra y la Armada.<\/p>\n","protected":false},"excerpt":{"rendered":"La princesa Leonor, acompa\u00f1ada por los reyes Felipe VI y do\u00f1a Letizia, ha finalizado su viaje oficial a&hellip;\n","protected":false},"author":2,"featured_media":142378,"comment_status":"","ping_status":"","sticky":false,"template":"","format":"standard","meta":{"footnotes":""},"categories":[8],"tags":[17,18,25,24,13,14,11,19,20,9,10,15,16,23,12,21,22],"class_list":{"0":"post-142377","1":"post","2":"type-post","3":"status-publish","4":"format-standard","5":"has-post-thumbnail","7":"category-espana","8":"tag-breaking-news","9":"tag-breakingnews","10":"tag-es","11":"tag-espana","12":"tag-featured-news","13":"tag-featurednews","14":"tag-headlines","15":"tag-latest-news","16":"tag-latestnews","17":"tag-news","18":"tag-noticias","19":"tag-noticias-destacadas","20":"tag-noticiasdestacadas","21":"tag-spain","22":"tag-titulares","23":"tag-ultimas-noticias","24":"tag-ultimasnoticias"},"share_on_mastodon":{"url":"","error":""},"_links":{"self":[{"href":"https:\/\/www.europesays.com\/es\/wp-json\/wp\/v2\/posts\/142377","targetHints":{"allow":["GET"]}}],"collection":[{"href":"https:\/\/www.europesays.com\/es\/wp-json\/wp\/v2\/posts"}],"about":[{"href":"https:\/\/www.europesays.com\/es\/wp-json\/wp\/v2\/types\/post"}],"author":[{"embeddable":true,"href":"https:\/\/www.europesays.com\/es\/wp-json\/wp\/v2\/users\/2"}],"replies":[{"embeddable":true,"href":"https:\/\/www.europesays.com\/es\/wp-json\/wp\/v2\/comments?post=142377"}],"version-history":[{"count":0,"href":"https:\/\/www.europesays.com\/es\/wp-json\/wp\/v2\/posts\/142377\/revisions"}],"wp:featuredmedia":[{"embeddable":true,"href":"https:\/\/www.europesays.com\/es\/wp-json\/wp\/v2\/media\/142378"}],"wp:attachment":[{"href":"https:\/\/www.europesays.com\/es\/wp-json\/wp\/v2\/media?parent=142377"}],"wp:term":[{"taxonomy":"category","embeddable":true,"href":"https:\/\/www.europesays.com\/es\/wp-json\/wp\/v2\/categories?post=142377"},{"taxonomy":"post_tag","embeddable":true,"href":"https:\/\/www.europesays.com\/es\/wp-json\/wp\/v2\/tags?post=142377"}],"curies":[{"name":"wp","href":"https:\/\/api.w.org\/{rel}","templated":true}]}}