{"id":142386,"date":"2025-09-27T14:23:14","date_gmt":"2025-09-27T14:23:14","guid":{"rendered":"https:\/\/www.europesays.com\/es\/142386\/"},"modified":"2025-09-27T14:23:14","modified_gmt":"2025-09-27T14:23:14","slug":"pedaladas-desde-barcelona-a-san-pedro-de-cansoles","status":"publish","type":"post","link":"https:\/\/www.europesays.com\/es\/142386\/","title":{"rendered":"Pedaladas desde Barcelona a San Pedro de Cansoles"},"content":{"rendered":"<p><a class=\"v-mdl-ath__fig-a\" href=\"https:\/\/www.elnortedecastilla.es\/autor\/esther-bengoechea-836.html\" title=\"Esther Bengoechea\" rel=\"nofollow noopener\" target=\"_blank\"><br \/>\n<img decoding=\"async\" class=\"v-mdl-ath__img\" src=\"https:\/\/www.europesays.com\/es\/wp-content\/uploads\/2025\/08\/autor-836-foto-1.jpeg\" alt=\"Esther Bengoechea\"\/><br \/>\n<\/a><\/p>\n<p class=\"v-mdl-ath__p v-mdl-ath__p--6\">\nS\u00e1bado, 27 de septiembre 2025, 08:21<\/p>\n<p class=\"v-p\">Fue uno de los voluntarios an\u00f3nimos que ayud\u00f3, durante los d\u00edas que tanto castigaron los incendios al norte de la provincia en verano, a limpiar las zonas pr\u00f3ximas a los pueblos. \u00abHac\u00edamos cortafuegos y limpi\u00e1bamos para, si llegaban las llamas, que no entrasen en los pueblos\u00bb, explica David Torre, quien este domingo se subir\u00e1 a su bicicleta en Barcelona y no dejar\u00e1 de pedalear hasta que llegue a San Pedro de Cansoles. No es nuevo en este tipo de retos solidarios. Hace tres a\u00f1os se embarc\u00f3, tambi\u00e9n sobre las dos ruedas, en la ruta Barcelona (donde reside) y Velilla del R\u00edo Carri\u00f3n (donde tiene familia). Fueron <a href=\"https:\/\/www.elnortedecastilla.es\/palencia\/kilometros-pedaladas-horas-20220614213346-nt.html\" title=\"www.elnortedecastilla.es\" data-voc-vtm-id=\"in-text-traffic\" data-mrf-link=\"www.elnortedecastilla.es\" rel=\"nofollow noopener\" target=\"_blank\">760 kil\u00f3metros en 40 horas de pedaladas<\/a> por una causa solidaria, la asociaci\u00f3n Obrir-se al M\u00f3n de autismo de Catalu\u00f1a. <\/p>\n<p class=\"v-p\">Para este a\u00f1o ten\u00eda preparada otra ruta distinta, desde la Ciudad Condal hasta Finisterre. \u00abDoblaba el objetivo de hace unos a\u00f1os y contaba con cuatro d\u00edas para llevarlo a cabo\u00bb, argumenta. Pero los incendios, lo que vivi\u00f3 y lo que vio, le hicieron cambiar de idea y de recorrido. Por este motivo, tambi\u00e9n ha duplicado las causas solidarias. No solo ser\u00e1 la entidad de autismo, como en la ocasi\u00f3n anterior, sino que a\u00f1ade adem\u00e1s un canal de ayuda para San Pedro de Cansoles, pueblo en el que <a href=\"https:\/\/www.elnortedecastilla.es\/palencia\/fuego-arrasa-casas-cansoles-trabajo-centra-proteger-20250818000745-nt.html\" title=\"www.elnortedecastilla.es\" data-voc-vtm-id=\"in-text-traffic\" data-mrf-link=\"www.elnortedecastilla.es\" rel=\"nofollow noopener\" target=\"_blank\">el fuego arras\u00f3 varias viviendas durante los incendios forestales<\/a>. \u00abEstoy ultimando d\u00f3nde y c\u00f3mo puede la gente comprar kil\u00f3metros y ayudar a la causa solidaria que quieran o a las dos. Lo publicar\u00e9 en mi Instagram, datos72, cuando lo tenga\u00bb, se\u00f1ala. <\/p>\n<p class=\"v-p\">Este verano conoci\u00f3 a un vecino de San Pedro de Cansoles por casualidad. Acudi\u00f3 a la cafeter\u00eda del complejo tur\u00edstico de Kyomu, en Velilla, y comenz\u00f3 a conversar con otro cliente, que le pregunt\u00f3 por el tatuaje que tiene del anterior reto (Barcelona-Velilla Non-Stop). David Torre le cont\u00f3 su haza\u00f1a y le reconoci\u00f3 que lo iba a repetir este a\u00f1o con Barcelona-San Pedro de Cansoles, antes de saber que hablaba con uno de los vecinos desalojados por el fuego. \u00abSe me puso la carne de gallina al enterarme. As\u00ed cobra m\u00e1s sentido el hecho de hacer este reto. Lo veo clar\u00edsimo\u00bb, asegura. <\/p>\n<p class=\"v-p\">\u00abCalculo que tardar\u00e9 dos d\u00edas, unas 48 horas, son 760 kil\u00f3metros, pero esta vez voy sin asistencia. El anterior viaje a Velilla fueron 40 horas, pero llevaba asistencia, pero ahora lo voy a hacer yo solo. Ya tengo mis pautas de nutrici\u00f3n con la dietista\u00bb, asegura y a\u00f1ade que, en este nuevo viaje que emprende el domingo 28 \u2013y hasta el martes 30\u2013, intentar\u00e1 ir cont\u00e1ndolo a trav\u00e9s de su red social para \u00abhacer a la gente m\u00e1s part\u00edcipes de mis kil\u00f3metros\u00bb.<\/p>\n<p class=\"v-p\">Que este reto sea &#8216;non-stop&#8217; quiere decir que solo va a parar para hacer peque\u00f1as pausas para comer, ir al servicio o descansar, pero nunca periodos de m\u00e1s de 20 minutos \u00abSi duermes m\u00e1s, es peor. Con un m\u00e1ximo de 20 minuto el cuerpo descansa much\u00edsimo. Y luego arrancas bien, porque no da tiempo a volverse sedentario\u00bb, explica. <\/p>\n<p class=\"v-p\">Con la ruta y las paradas m\u00e1s o menos establecidas, tiene claro que se detendr\u00e1 en Zaragoza para ver a un amigo, que le tendr\u00e1 preparado macarrones, pechuga de pollo y un bocata de tortilla para el camino, mismo esquema que repetir\u00e1 en Burgos. \u00abEl objetivo de este tipo de retos es marcar objetivos cortos. De aqu\u00ed 30, de aqu\u00ed 40 o de aqu\u00ed 50, porque si est\u00e1s buscando ver Burgos nada m\u00e1s salir, no lo vas a ver\u00bb, concluye David Torre, quien afirma que cada kil\u00f3metro que pedalear\u00e1 suma esperanza para San Pedro de Cansoles y Obrir-se al M\u00f3n. <\/p>\n<p>Comenta<\/p>\n<p>Reporta un error<\/p>\n","protected":false},"excerpt":{"rendered":"S\u00e1bado, 27 de septiembre 2025, 08:21 Fue uno de los voluntarios an\u00f3nimos que ayud\u00f3, durante los d\u00edas que&hellip;\n","protected":false},"author":2,"featured_media":142387,"comment_status":"","ping_status":"","sticky":false,"template":"","format":"standard","meta":{"footnotes":""},"categories":[273],"tags":[210,44166,313,312,168,25,24,32198,1822,2228,23,167],"class_list":{"0":"post-142386","1":"post","2":"type-post","3":"status-publish","4":"format-standard","5":"has-post-thumbnail","7":"category-ciclismo","8":"tag-barcelona","9":"tag-cansoles","10":"tag-ciclismo","11":"tag-cycling","12":"tag-deportes","13":"tag-es","14":"tag-espana","15":"tag-pedaladas","16":"tag-pedro","17":"tag-san","18":"tag-spain","19":"tag-sports"},"share_on_mastodon":{"url":"","error":""},"_links":{"self":[{"href":"https:\/\/www.europesays.com\/es\/wp-json\/wp\/v2\/posts\/142386","targetHints":{"allow":["GET"]}}],"collection":[{"href":"https:\/\/www.europesays.com\/es\/wp-json\/wp\/v2\/posts"}],"about":[{"href":"https:\/\/www.europesays.com\/es\/wp-json\/wp\/v2\/types\/post"}],"author":[{"embeddable":true,"href":"https:\/\/www.europesays.com\/es\/wp-json\/wp\/v2\/users\/2"}],"replies":[{"embeddable":true,"href":"https:\/\/www.europesays.com\/es\/wp-json\/wp\/v2\/comments?post=142386"}],"version-history":[{"count":0,"href":"https:\/\/www.europesays.com\/es\/wp-json\/wp\/v2\/posts\/142386\/revisions"}],"wp:featuredmedia":[{"embeddable":true,"href":"https:\/\/www.europesays.com\/es\/wp-json\/wp\/v2\/media\/142387"}],"wp:attachment":[{"href":"https:\/\/www.europesays.com\/es\/wp-json\/wp\/v2\/media?parent=142386"}],"wp:term":[{"taxonomy":"category","embeddable":true,"href":"https:\/\/www.europesays.com\/es\/wp-json\/wp\/v2\/categories?post=142386"},{"taxonomy":"post_tag","embeddable":true,"href":"https:\/\/www.europesays.com\/es\/wp-json\/wp\/v2\/tags?post=142386"}],"curies":[{"name":"wp","href":"https:\/\/api.w.org\/{rel}","templated":true}]}}