{"id":142388,"date":"2025-09-27T14:24:08","date_gmt":"2025-09-27T14:24:08","guid":{"rendered":"https:\/\/www.europesays.com\/es\/142388\/"},"modified":"2025-09-27T14:24:08","modified_gmt":"2025-09-27T14:24:08","slug":"verstappen-vuelve-a-estar-en-nurburgring-con-su-ferrari-y-alonso-tiene-una-opinion-muy-clara-al-respecto","status":"publish","type":"post","link":"https:\/\/www.europesays.com\/es\/142388\/","title":{"rendered":"Verstappen vuelve a estar en N\u00fcrburgring con su Ferrari y Alonso tiene una opini\u00f3n muy clara al respecto"},"content":{"rendered":"<p class=\"Paragraph-module-scss-module__YTaiWG__paragraph\"><strong>Fernando Alonso<\/strong> y Max Verstappen siempre se han llevado bien y se han admirado mutuamente. Adem\u00e1s de su talento como pilotos, comparten el permanente deseo de tener un volante en las manos, sea el tipo de coche que sea.<\/p>\n<p class=\"Paragraph-module-scss-module__YTaiWG__paragraph\">El veterano piloto espa\u00f1ol ya lo demostr\u00f3 cuando compagin\u00f3 la F\u00f3rmula 1 con las 500 Millas de Indian\u00e1polis en 2017, y con el WEC al a\u00f1o siguiente. Posteriormente, en 2019 y 2020, abandon\u00f3 la categor\u00eda reina para seguir acumulando \u00e9xitos en el Mundial de Resistencia y debutar en el <strong>Rally Dakar<\/strong>.<\/p>\n<p class=\"Paragraph-module-scss-module__YTaiWG__paragraph Paragraph-module-scss-module__YTaiWG__paragraph--highlighted\">\u00abTal vez para \u00e9l son las 24 Horas de N\u00fcrburgring el a\u00f1o que viene. Supongo que tiene que hacer Le Mans, Sebring\u00bb<\/p>\n<p class=\"Paragraph-module-scss-module__YTaiWG__paragraph\"><strong>Max Verstappen<\/strong> est\u00e1 tomando un camino similar. De momento, el neerland\u00e9s sigue muy centrado en la F\u00f3rmula 1, pero no pierde ocasi\u00f3n de probar otras cosas durante los fines de semana libres. En este caso, con su Ferrari de la categor\u00eda GT3 como preparaci\u00f3n para las 24 Horas de <strong>N\u00fcrburgring<\/strong> del a\u00f1o que viene, que se disputan en el m\u00edtico Nordschleife.<\/p>\n<p>Alonso opina sobre Verstappen<\/p>\n<p class=\"Paragraph-module-scss-module__YTaiWG__paragraph\">Seguramente a varios pilotos de la parrilla les parezca un error no descansar entre grandes premios, pero no a <strong>Fernando Alonso<\/strong>. Para el veterano piloto de 44 a\u00f1os, pasar los fines de semana libres en un kart u otro tipo de veh\u00edculo es la mejor forma de relajarse.<\/p>\n<p class=\"Paragraph-module-scss-module__YTaiWG__paragraph\">Pero, adem\u00e1s, para el asturiano tambi\u00e9n tiene que ver con el deseo de trascender m\u00e1s all\u00e1 de la <strong>F\u00f3rmula 1<\/strong>, compitiendo y ganando las mejores carreras del mundo para dejar huella en los libros de historia. Del mismo modo, para Alonso el proceso de aprender de cero otra disciplina es muy satisfactorio.<\/p>\n<p class=\"Paragraph-module-scss-module__YTaiWG__paragraph\">\u00abEs m\u00e1s una pregunta para \u00e9l, pero <strong>es bonito cuando se prueba un campeonato diferente en el automovilismo<\/strong>. Tienes que aprender de los mejores. Vas all\u00ed, y hay pilotos que tienen m\u00e1s experiencia que t\u00fa\u00bb, <a class=\"Button-module-scss-module__pf66aq__link Button-module-scss-module__pf66aq__link--content NewsContent-module-scss-module__6_SHrq__news-content__link\" href=\"https:\/\/www.gpblog.com\/en\/news\/heres-what-alonso-thinks-about-verstappen-racing-at-the-nordschleife\" rel=\"noopener nofollow\" target=\"_blank\">apunta<\/a> el doble ganador de Le Mans.<\/p>\n<p class=\"Paragraph-module-scss-module__YTaiWG__paragraph\">\u00abConocen diferentes l\u00edneas en mojado, en seco, m\u00e1s estrategias, procedimientos o cambios de piloto. <strong>Hay muchas cosas involucradas en una nueva aventura, y tienen m\u00e1s experiencia que t\u00fa<\/strong>. As\u00ed que es agradable aprender de cero\u00bb, reitera el tambi\u00e9n vencedor en Daytona.<\/p>\n<p><img figcaption=\"Max Verstappen, a bordo de su Ferrari GT3 en N\u00fcrburgring Nordschleife\" alt=\"\" loading=\"lazy\" width=\"1280\" height=\"720\" decoding=\"async\" data-nimg=\"1\" class=\"Image-module-scss-module__gObqBW__img\" style=\"color:transparent\"   src=\"https:\/\/www.europesays.com\/es\/wp-content\/uploads\/2025\/09\/verstappen-nurburgring-ferrari-alonso-opinion-clara-2025110258-1758959080_1.jpg\"\/>Max Verstappen, a bordo de su Ferrari GT3 en N\u00fcrburgring Nordschleife<\/p>\n<p class=\"Paragraph-module-scss-module__YTaiWG__paragraph\">Fernando Alonso cree que a <strong>Max Verstappen<\/strong> lo que le mueve es ganar las mejores carreras, igual que a \u00e9l, y ha decidido empezar por uno de los cl\u00e1sicos de las carreras de turismos y GT.<\/p>\n<p class=\"Paragraph-module-scss-module__YTaiWG__paragraph\">\u00abPienso que quieres ganar las mejores carreras del mundo y las carreras m\u00e1s prestigiosas del mundo. <strong>Tal vez para \u00e9l son las 24 Horas de N\u00fcrburgring el a\u00f1o que viene<\/strong>. Supongo que tiene que hacer Le Mans, Sebring, o lo que haya en su cabeza, y lo mismo con todas las mejores carreras del mundo\u00bb, concluye Fernando Alonso.<\/p>\n<p class=\"Paragraph-module-scss-module__YTaiWG__paragraph\">Max Verstappen ya ha expresado en varias ocasiones su deseo de competir en Le Mans, incluso se\u00f1alando a Fernando Alonso como potencial compa\u00f1ero en el futuro. No cabe duda de que ser\u00eda un gran regalo para los aficionados al automovilismo.<\/p>\n<p data-mrf-recirculation=\"Motor.es - Noticia - Follow Discover\" class=\"Paragraph-module-scss-module__YTaiWG__paragraph Paragraph-module-scss-module__YTaiWG__paragraph--blockquote\">S\u00edguenos en Google Discover y mantente informado de las \u00faltimas noticias del motor. <a class=\"Button-module-scss-module__pf66aq__link Button-module-scss-module__pf66aq__link--content\" href=\"https:\/\/profile.google.com\/cp\/GhVodHRwczovL3d3dy5tb3Rvci5lcy9aDS9nL2psMG42N2V6cnBiDS9nL2Rpa2gyb2V1bjAyDS9nLzkzdXUzN2N0cm0KDS9nLzExZjUwbWp5Mnk6DC9nLzEyNjludHpicEINL2cvMTFkZHp5eTdmc0oIL20vMDZfZG5SCS9tLzAxc20zdw?pf=0\" target=\"_blank\" rel=\"nofollow noopener\">Haz click aqu\u00ed<\/a><\/p>\n<p class=\"Paragraph-module-scss-module__YTaiWG__paragraph Source-module-scss-module__Q94Sfa__source\"><strong>Fuente:<\/strong> GPblog.com<\/p>\n","protected":false},"excerpt":{"rendered":"Fernando Alonso y Max Verstappen siempre se han llevado bien y se han admirado mutuamente. Adem\u00e1s de su&hellip;\n","protected":false},"author":2,"featured_media":142389,"comment_status":"","ping_status":"","sticky":false,"template":"","format":"standard","meta":{"footnotes":""},"categories":[270],"tags":[168,25,24,306,271,272,23,167],"class_list":{"0":"post-142388","1":"post","2":"type-post","3":"status-publish","4":"format-standard","5":"has-post-thumbnail","7":"category-formula-1","8":"tag-deportes","9":"tag-es","10":"tag-espana","11":"tag-f1","12":"tag-formula-1","13":"tag-formula1","14":"tag-spain","15":"tag-sports"},"share_on_mastodon":{"url":"","error":""},"_links":{"self":[{"href":"https:\/\/www.europesays.com\/es\/wp-json\/wp\/v2\/posts\/142388","targetHints":{"allow":["GET"]}}],"collection":[{"href":"https:\/\/www.europesays.com\/es\/wp-json\/wp\/v2\/posts"}],"about":[{"href":"https:\/\/www.europesays.com\/es\/wp-json\/wp\/v2\/types\/post"}],"author":[{"embeddable":true,"href":"https:\/\/www.europesays.com\/es\/wp-json\/wp\/v2\/users\/2"}],"replies":[{"embeddable":true,"href":"https:\/\/www.europesays.com\/es\/wp-json\/wp\/v2\/comments?post=142388"}],"version-history":[{"count":0,"href":"https:\/\/www.europesays.com\/es\/wp-json\/wp\/v2\/posts\/142388\/revisions"}],"wp:featuredmedia":[{"embeddable":true,"href":"https:\/\/www.europesays.com\/es\/wp-json\/wp\/v2\/media\/142389"}],"wp:attachment":[{"href":"https:\/\/www.europesays.com\/es\/wp-json\/wp\/v2\/media?parent=142388"}],"wp:term":[{"taxonomy":"category","embeddable":true,"href":"https:\/\/www.europesays.com\/es\/wp-json\/wp\/v2\/categories?post=142388"},{"taxonomy":"post_tag","embeddable":true,"href":"https:\/\/www.europesays.com\/es\/wp-json\/wp\/v2\/tags?post=142388"}],"curies":[{"name":"wp","href":"https:\/\/api.w.org\/{rel}","templated":true}]}}