{"id":142394,"date":"2025-09-27T14:27:17","date_gmt":"2025-09-27T14:27:17","guid":{"rendered":"https:\/\/www.europesays.com\/es\/142394\/"},"modified":"2025-09-27T14:27:17","modified_gmt":"2025-09-27T14:27:17","slug":"la-princesa-leonor-en-busca-de-la-otra-leonor-reina-de-la-otra-navarra-en-el-palacio-encantado","status":"publish","type":"post","link":"https:\/\/www.europesays.com\/es\/142394\/","title":{"rendered":"La princesa Leonor en busca de la otra Leonor, reina de la otra Navarra, en el palacio encantado"},"content":{"rendered":"<p id=\"eEsaMUP98V\" data-wc=\"192\">La visita de la <strong>princesa Leonor\u00a0<\/strong>a Navarra es hist\u00f3rica, pero, sobre todo, es una cita con su propia historia. De ah\u00ed que el s\u00e1bado,<a class=\"hm-link ho-link\" href=\"https:\/\/www.hola.com\/realeza\/casa_espanola\/20250926858113\/princesa-leonor-saludando-a-su-reino-la-imagen-de-un-dia-historico-en-viana\/\" data-mrf-recirculation=\"article-body-link\" rel=\"nofollow noopener\" target=\"_blank\">\u00a0tras visitar Pamplona, Viana y Leyre, continuara, tambi\u00e9n junto a los Reyes, su viaje por Olite y Tudela,<\/a> enclaves de gran valor simb\u00f3lico. Hab\u00eda visto el pergamino con el que se cre\u00f3 su t\u00edtulo hace seis siglos y \u201ccomprendi\u00f3 a\u00fan m\u00e1s su dimensi\u00f3n hist\u00f3rica y simb\u00f3lica\u201d. Se hab\u00eda encontrado con los ciudadanos de Viana -la recibieron con un ba\u00f1o de masas- \u00a0en una ma\u00f1ana emocionante en la que la ciudad navarra, con alma medieval, recib\u00eda \u00a0despu\u00e9s de seis siglos a una princesa de Viana. Y tambi\u00e9n hab\u00eda homenajeado a los reyes antiguos de Navarra \u00a0en un momento de recogimiento en el Monasterio de Leyre. Y el s\u00e1bado la volvimos a ver igual de ilusionada pisando tierra del viejo Reino. Olite era otra visita obligada. <strong>Do\u00f1a Leonor ten\u00eda que conocer el Palacio Real, residencia de los monarcas navarros durante siglos y centro de poder en el reino medieval.<\/strong> Uno de los edificios civiles g\u00f3ticos m\u00e1s importantes de Europa y uno de los palacios m\u00e1s espl\u00e9ndidos \u00a0en su \u00e9poca.<\/p>\n<p> <img src=\"https:\/\/www.europesays.com\/es\/wp-content\/uploads\/2025\/09\/4fa899541de1-gettyimages-2237671175.jpg\"   width=\"682\" height=\"1024\" loading=\"lazy\" decoding=\"async\" alt=\"Media Image\" fetchpriority=\"auto\" class=\"image ho-image\"\/>\u00a9 Getty Images<\/p>\n<blockquote class=\"ho-bl-1081603\" cite=\"\">\n<p id=\"eaeJ7Sgd2tk\">\u00abLa princesa sigue su camino de conocer cada d\u00eda m\u00e1s y mejor esta tierra y su pueblo\u00bb<\/p>\n<\/blockquote>\n<p>Felipe VI<\/p>\n<p id=\"euAf-k9Lsi\" data-wc=\"121\">Los Reyes y la Princesa de Asturias y Viana llegaron a las 10:30 \u00a0para \u201cviajar\u201d al mundo \u201cperfecto\u201d de Carlos III, el rey que cre\u00f3 su t\u00edtulo, y \u00a0Leonor de Trast\u00e1mara, que fue reina consorte coronada y la primera en llevar su nombre en Navarra para<strong>\u00a0seguir reforzando los v\u00ednculos de la Corona con la Comunidad Foral.\u00a0<\/strong>Como dej\u00f3 escrito Felipe VI en la dedicatoria (conjunta con la Reina) del libro de Oro del palacio de Navarra, sede del Gobierno, para que la \u201cprincesa siga su camino de conocer cada d\u00eda m\u00e1s y mejor esta tierra y su pueblo, que siente con fuerza su identidad y su historia como parte de la Espa\u00f1a constitucional para seguir encarando juntos un mejor futuro\u201d.<\/p>\n<p> <img src=\"https:\/\/www.europesays.com\/es\/wp-content\/uploads\/2025\/09\/7ce5d82f7e42-gettyimages-2237671045.jpg\"   width=\"1024\" height=\"682\" loading=\"lazy\" decoding=\"async\" alt=\"Media Image\" fetchpriority=\"auto\" class=\"image ho-image\"\/>\u00a9 Getty Images<\/p>\n<p> <img src=\"https:\/\/www.europesays.com\/es\/wp-content\/uploads\/2025\/09\/3dadcc6c773c-gettyimages-2237671078.jpg\"   width=\"1024\" height=\"682\" loading=\"lazy\" decoding=\"async\" alt=\"Media Image\" fetchpriority=\"auto\" class=\"image ho-image\"\/>\u00a9 Getty Images<\/p>\n<p> <img src=\"https:\/\/www.europesays.com\/es\/wp-content\/uploads\/2025\/09\/3ed3c950c2b8-dlu592058062.jpg\"   width=\"1024\" height=\"682\" loading=\"lazy\" decoding=\"async\" alt=\"Media Image\" fetchpriority=\"auto\" class=\"image ho-image\"\/>\u00a9 GTRES<br \/>\nOlite se vuelca con la princesa de Viana<\/p>\n<p id=\"ewlrkmXYLN\" data-wc=\"147\">Lo primero que hicieron al llegar Olite fue <strong>pararse a saludar a los vecinos, que se volcaron por completo con la visita real.<\/strong> Esta localidad no tiene m\u00e1s de 4.160 habitantes, pero es un destacado enclave tur\u00edstico y esta visita todav\u00eda la ha puesto m\u00e1s en el foco. La reina Letizia y la princesa Leonor fueron directas a agradecer la presencia de una bandera de Asturias, principado hist\u00f3rico de los herederos de la Corona, como lo son Girona y Viana, y con el que la Familia Real mantienen una fuerte conexi\u00f3n emocional. Entonces Leonor mir\u00f3 al cielo, al darse cuenta de que los aplausos y los vivas tambi\u00e9n llegaban desde las ventanas. Despu\u00e9s se detuvieron con los alumnos de 4\u00ba de primaria del Colegio Pr\u00edncipe de Viana, algunos les hab\u00edan escrito cartas y otras manualidades para la princesa, que hoy vest\u00eda m\u00e1s informal, vaqueros blancos y deportivas.<\/p>\n<p> <img src=\"https:\/\/www.europesays.com\/es\/wp-content\/uploads\/2025\/09\/8f4c4c223eeb-dlu592058071.jpg\"   width=\"682\" height=\"1024\" loading=\"lazy\" decoding=\"async\" alt=\"Media Image\" fetchpriority=\"auto\" class=\"image ho-image\"\/>\u00a9 GTRES<\/p>\n<p> <img src=\"https:\/\/www.europesays.com\/es\/wp-content\/uploads\/2025\/09\/d62fb464de8f-gettyimages-2237671116.jpg\"   width=\"1080\" height=\"1800\" loading=\"lazy\" decoding=\"async\" alt=\"Media Image\" fetchpriority=\"auto\" class=\"image ho-image\"\/>\u00a9 Getty Images<\/p>\n<p> <img src=\"https:\/\/www.europesays.com\/es\/wp-content\/uploads\/2025\/09\/dfd2bbe8ade3-dlu592058026.jpg\"   width=\"1080\" height=\"1800\" loading=\"lazy\" decoding=\"async\" alt=\"Los reyes de Espa\u00f1a y la princesa Leonor en su visita a Navarra\" fetchpriority=\"auto\" class=\"image ho-image\"\/>\u00a9 GTRES<\/p>\n<p id=\"e2Jo2zH-73\" data-wc=\"76\">Minutos despu\u00e9s entraban en el palacio de cuento. Leonor al encuentro de \u00a0Carlos \u00a0lll, uno de los reyes m\u00e1s importantes de la historia del reino de Navarra de finales del siglo XIV y principios del XV, de la reina Leonor y hasta de la primera princesa de Viana. <strong>Lo mandaron construir Carlos III el Noble y su esposa, Leonor de Trast\u00e1mara\u00a0<\/strong>(1402) ideando un edificio majestuoso que termin\u00f3 si\u00e9ndolo al cabo de 22 a\u00f1os de obras. \u00a0<\/p>\n<p> <img src=\"https:\/\/www.europesays.com\/es\/wp-content\/uploads\/2025\/09\/fd56d365ebad-gettyimages-2237671424.jpg\"   width=\"1024\" height=\"768\" loading=\"lazy\" decoding=\"async\" alt=\"Media Image\" fetchpriority=\"auto\" class=\"image ho-image\"\/>\u00a9 GettyImages<\/p>\n<p> <img src=\"https:\/\/www.europesays.com\/es\/wp-content\/uploads\/2025\/09\/0998ca165ae0-gettyimages-2237671136.jpg\"   width=\"1024\" height=\"683\" loading=\"lazy\" decoding=\"async\" alt=\"Media Image\" fetchpriority=\"auto\" class=\"image ho-image\"\/>\u00a9 GettyImages<\/p>\n<p> <img src=\"https:\/\/www.europesays.com\/es\/wp-content\/uploads\/2025\/09\/ad7043d32eaf-gettyimages-2237673290.jpg\"   width=\"1024\" height=\"768\" loading=\"lazy\" decoding=\"async\" alt=\"Media Image\" fetchpriority=\"auto\" class=\"image ho-image\"\/>\u00a9 GettyImages<\/p>\n<p id=\"eyWPBWq_-V\" data-wc=\"105\">Siete torres, una muralla, jardines (algunos colgantes para deleite de la Reina) y una impresionante decoraci\u00f3n para poder disfrutar \u00a0de un lujo que no exist\u00eda en Espa\u00f1a \u00a0en aquella \u00e9poca. Ten\u00eda su sentido. Carlos III, de la dinast\u00eda d\u2019Evreux, era franc\u00e9s. \u00a0Los maestros constructores y directores de obra viajaron a sus castillos en el reino vecino y a los castellanos de la familia de la reina Leonor y el resultado fue un palacio de cuento que \u00abten\u00eda tantas habitaciones como d\u00edas el a\u00f1o\u00bb. Eso sin olvidar, los vi\u00f1edos, huertas, estanques con cisnes, jaur\u00edas de perros para las cacer\u00edas, y un verdadero zool\u00f3gico (ten\u00edan hasta leones).<\/p>\n<p> <img src=\"https:\/\/www.europesays.com\/es\/wp-content\/uploads\/2025\/09\/5f8be11e5eab-whatsapp-image-2025-09-27-at-092537.jpg\"   width=\"768\" height=\"1024\" loading=\"lazy\" decoding=\"async\" alt=\"Castillo de Olite\" fetchpriority=\"auto\" class=\"image ho-image\"\/>\u00a9 \u00a1HOLA!<\/p>\n<p> <img src=\"https:\/\/www.europesays.com\/es\/wp-content\/uploads\/2025\/09\/0bfa20720841-whatsapp-image-2025-09-27-at-092533.jpg\"   width=\"768\" height=\"1024\" loading=\"lazy\" decoding=\"async\" alt=\"Castillo de Olite\" fetchpriority=\"auto\" class=\"image ho-image\"\/>\u00a9 \u00a1HOLA!<\/p>\n<p> <img src=\"https:\/\/www.europesays.com\/es\/wp-content\/uploads\/2025\/09\/acc9cb233875-whatsapp-image-2025-09-27-at-092528.jpg\"   width=\"768\" height=\"1024\" loading=\"lazy\" decoding=\"async\" alt=\"Castillo de Olite\" fetchpriority=\"auto\" class=\"image ho-image\"\/>\u00a9 \u00a1HOLA!<br \/>\nRealidad virtual para descubrir el palacio en tiempos de Carlos III &#8216;El noble&#8217; y su esposa Leonor de Trast\u00e1mara<\/p>\n<p id=\"eJ6Xdi-hYn\" data-wc=\"100\">En la corte del \u00abrey Noble\u00bb tambi\u00e9n \u00a0se organizaban grandes fiestas amenizadas por m\u00fasicos y juglares, maestros de esgrima, enanos y bufones. Hab\u00eda cacer\u00edas, torneos, corridas de toros. De todo ello hablaron en esta visita mientras recorr\u00edan las estancias y algunas de sus torres. Tambi\u00e9n de los adelantos que se trajeron los reyes a este impresionante rinc\u00f3n de Navarra: agua canalizada con tuber\u00edas de plomo, y hasta una \u201cnevera\u201d- huevo, en la que se conservaban los alimentos en nieve. Un viaje a otra \u00e9poca que los Reyes y la Princesa han podido descubrir gracias a unas gafas de realidad virtual.\u00a0<\/p>\n<p> <img src=\"https:\/\/www.europesays.com\/es\/wp-content\/uploads\/2025\/09\/07fe9ba3ed56-fgr2151.jpg\"   width=\"1024\" height=\"682\" loading=\"lazy\" decoding=\"async\" alt=\"Princesa Leonor en Navarra 2025\" fetchpriority=\"auto\" class=\"image ho-image\"\/>\u00a9 FRANCISCO GOMEZ<\/p>\n<p> <img src=\"https:\/\/www.europesays.com\/es\/wp-content\/uploads\/2025\/09\/77d9e138210c-fgr2143.jpg\"   width=\"1024\" height=\"682\" loading=\"lazy\" decoding=\"async\" alt=\"Princesa Leonor en Navarra 2025\" fetchpriority=\"auto\" class=\"image ho-image\"\/>\u00a9 Casa de S.M. el Rey<\/p>\n<p> <img src=\"https:\/\/www.europesays.com\/es\/wp-content\/uploads\/2025\/09\/bda592154310-fgr2123.jpg\"   width=\"1024\" height=\"682\" loading=\"lazy\" decoding=\"async\" alt=\"Princesa Leonor en Navarra 2025\" fetchpriority=\"auto\" class=\"image ho-image\"\/>\u00a9 Casa de S.M. el Rey<\/p>\n<p id=\"e-eXFmJg4w\" data-wc=\"147\">Ubicado en el casco medieval del municipio, el palacio incluye tres zonas: Palacio Viejo (actual Parador Nacional), las ruinas de la Capilla de San Jorge y el Palacio Nuevo, que se construy\u00f3 a comienzos del s. XV, y es el coraz\u00f3n del conjunto monumental. En 1512, se entreg\u00f3 al Duque de Alba. Y, en la \u00e9poca moderna, tras la conquista de Navarra en 151, ya fue solo residencia espor\u00e1dica de virreyes y comenz\u00f3 su deterioro, aunque no fue hasta la Guerra de la Independencia (1813) cuando un incendio devastador, ordenado por el general Espoz y Mina, le llev\u00f3 a su casi completa destrucci\u00f3n. Expuesto al abandono por m\u00e1s de un siglo, lo adquiri\u00f3 en 1913 la Diputaci\u00f3n Foral de Navarra, fue reconstruido \u00a0-es el edificio medieval m\u00e1s importante de Navarra- y declarado Monumento Nacional (conjuntamente con la iglesia de Santa Mar\u00eda) el 17 de enero de 1925.<\/p>\n<p> <img src=\"https:\/\/www.europesays.com\/es\/wp-content\/uploads\/2025\/09\/a08de7317cfc-gettyimages-2237679224.jpg\"   width=\"1024\" height=\"682\" loading=\"lazy\" decoding=\"async\" alt=\"Media Image\" fetchpriority=\"auto\" class=\"image ho-image\"\/>\u00a9 Getty Images<\/p>\n<p> <img src=\"https:\/\/www.europesays.com\/es\/wp-content\/uploads\/2025\/09\/e616b1417462-fgr2097.jpg\"   width=\"1024\" height=\"682\" loading=\"lazy\" decoding=\"async\" alt=\"Princesa Leonor en Navarra 2025\" fetchpriority=\"auto\" class=\"image ho-image\"\/>\u00a9 Casa de S.M. el Rey<\/p>\n<p> <img src=\"https:\/\/www.europesays.com\/es\/wp-content\/uploads\/2025\/09\/f0f3ff9491b9-g12mecxw8aat4oy.jpg\"   width=\"1024\" height=\"683\" loading=\"lazy\" decoding=\"async\" alt=\"Princesa Leonor en Navarra 2025\" fetchpriority=\"auto\" class=\"image ho-image\"\/>\u00a9 Casa de S.M. el Rey<\/p>\n<p id=\"e56wjeBGxI\" data-wc=\"108\">Los Reyes Carlos y Leonor vivieron aqu\u00ed los a\u00f1os m\u00e1s felices como matrimonio y murieron tambi\u00e9n con una diferencia de diez a\u00f1os \u00a0en este palacio al que estuvieron muy ligados su hija, do\u00f1a Blanca y su nieto Carlos, Pr\u00edncipe de Viana, quien aun siendo rey por derecho no pudo reinar por la ambici\u00f3n de su padre Juan II de Arag\u00f3n. Tambi\u00e9n, Francisco Febo (Rey de Navarra (1479-1483), que sucedi\u00f3 a su abuela \u00a0(la reina Leonor I de Navarra); y su madre Magdalena, Infanta francesa, Princesa de Viana, \u00faltima y \u00fanica reina regente de Navarra. As\u00ed como don Juan de Labrit y do\u00f1a Catalina, los \u00faltimos reyes de Navarra.\u00a0<\/p>\n<p>Leonor y una conexi\u00f3n con seis siglos de historia\u00a0<\/p>\n<p id=\"eRkk0yrAXM\" data-wc=\"165\">M\u00e1s de 600 a\u00f1os despu\u00e9s, la visita de los Reyes y de Leonor de Borb\u00f3n remarc\u00f3<strong>\u00a0el v\u00ednculo de siglos con esta ciudad, el compromiso de la Monarqu\u00eda con Navarra y la continuidad din\u00e1stica de una princesa conectada con el pasado medieval<\/strong>\u00a0 y entrando en la vida de las antecesoras que reinaron con su nombre: Reinas de Arag\u00f3n, de Castilla y del Reino de Navarra. No deja de ser curioso, en este viaje, la princesa de Asturias, Girona y de Viana ha entrado y sentido \u00a0la historia de dos antecesoras que llevaron su mismo nombre. La primera ya la hemos situado: L<strong>eonor de Trast\u00e1mara<\/strong> (1350-1415), hija de Enrique II, Rey de Castilla, y esposa de Carlos III. Ella fue coronada reina consorte en 1387, tuvo un papel clave en Navarra, aunque su coraz\u00f3n siempre estuvo en Castilla: lograr la paz con los reinos de Arag\u00f3n, Castilla, Inglaterra y Francia, promover la prosperidad en sus territorios y gobernar cuando su esposo se encontraba ausente en Francia.<\/p>\n<p> <img src=\"https:\/\/www.europesays.com\/es\/wp-content\/uploads\/2025\/09\/b8445c791492-g12p610w0aao-en.jpg\"   width=\"1024\" height=\"684\" loading=\"lazy\" decoding=\"async\" alt=\"Princesa Leonor en Navarra 2025\" fetchpriority=\"auto\" class=\"image ho-image\"\/>\u00a9 Casa de S.M. el Rey<\/p>\n<p id=\"eE8KVB2sSx\" data-wc=\"117\">Despu\u00e9s est\u00e1 la segunda Leonor, Leonor I, su nieta, que fue princesa de Navarra y Arag\u00f3n, condesa de Foix por matrimonio (1441 a 1472) con el heredero de la casa condal de Foix, Gast\u00f3n. Reina de sangre y <strong>una de las figuras m\u00e1s destacadas del siglo XV, a pesar de haber reinado tan solo quince d\u00edas<\/strong>. Su padre, Juan II de Arag\u00f3n la utiliz\u00f3 contra las reivindicaciones din\u00e1sticas de sus hermanos mayores, Carlos y Blanca, en plena guerra civil en Navarra y fue a la muerte de este en 1479 \u00a0-mantuvo usurpado el reino- pudo Leonor acceder al trono de navarra, aunque su reinado solo dur\u00f3 quince d\u00edas -28 de enero de 1479 al 12 de febrero.\u00a0<\/p>\n<p> <img src=\"https:\/\/www.europesays.com\/es\/wp-content\/uploads\/2025\/09\/34266c6ed433-g12p61xxyaeir-v.jpg\"   width=\"1024\" height=\"683\" loading=\"lazy\" decoding=\"async\" alt=\"Princesa Leonor en Navarra 2025\" fetchpriority=\"auto\" class=\"image ho-image\"\/>\u00a9 Casa de S.M. el Rey<\/p>\n<p> <img src=\"https:\/\/www.europesays.com\/es\/wp-content\/uploads\/2025\/09\/07e6cd1366c5-g12p613woaepoix.jpg\"   width=\"1024\" height=\"683\" loading=\"lazy\" decoding=\"async\" alt=\"Princesa Leonor en Navarra 2025\" fetchpriority=\"auto\" class=\"image ho-image\"\/>\u00a9 Casa de S.M. el Rey<\/p>\n<p id=\"eUDpyx2_Nx\" data-wc=\"65\">La visita a Navarra, una agenda intensa en la que durante dos d\u00edas ha recorrido cinco localidades y cumplido con siete compromisos- finalizar\u00e1 en el palacio del Marqu\u00e9s de San Adri\u00e1n, sede de la UNED en Tudela, donde la princesa Leonor mantendr\u00e1 un encuentro con un grupo de j\u00f3venes, adem\u00e1s de con representantes de la C\u00e1mara de Comercio y de la Junta de Bardenas Reales.<\/p>\n","protected":false},"excerpt":{"rendered":"La visita de la princesa Leonor\u00a0a Navarra es hist\u00f3rica, pero, sobre todo, es una cita con su propia&hellip;\n","protected":false},"author":2,"featured_media":142395,"comment_status":"","ping_status":"","sticky":false,"template":"","format":"standard","meta":{"footnotes":""},"categories":[174],"tags":[255,146,147,25,24,256,811,1027,1029,11362,8140,23],"class_list":{"0":"post-142394","1":"post","2":"type-post","3":"status-publish","4":"format-standard","5":"has-post-thumbnail","7":"category-famosos","8":"tag-celebrities","9":"tag-entertainment","10":"tag-entretenimiento","11":"tag-es","12":"tag-espana","13":"tag-famosos","14":"tag-princesa-leonor","15":"tag-realeza","16":"tag-realeza-espanola","17":"tag-reina-letizia","18":"tag-rey-felipe-vi","19":"tag-spain"},"share_on_mastodon":{"url":"","error":""},"_links":{"self":[{"href":"https:\/\/www.europesays.com\/es\/wp-json\/wp\/v2\/posts\/142394","targetHints":{"allow":["GET"]}}],"collection":[{"href":"https:\/\/www.europesays.com\/es\/wp-json\/wp\/v2\/posts"}],"about":[{"href":"https:\/\/www.europesays.com\/es\/wp-json\/wp\/v2\/types\/post"}],"author":[{"embeddable":true,"href":"https:\/\/www.europesays.com\/es\/wp-json\/wp\/v2\/users\/2"}],"replies":[{"embeddable":true,"href":"https:\/\/www.europesays.com\/es\/wp-json\/wp\/v2\/comments?post=142394"}],"version-history":[{"count":0,"href":"https:\/\/www.europesays.com\/es\/wp-json\/wp\/v2\/posts\/142394\/revisions"}],"wp:featuredmedia":[{"embeddable":true,"href":"https:\/\/www.europesays.com\/es\/wp-json\/wp\/v2\/media\/142395"}],"wp:attachment":[{"href":"https:\/\/www.europesays.com\/es\/wp-json\/wp\/v2\/media?parent=142394"}],"wp:term":[{"taxonomy":"category","embeddable":true,"href":"https:\/\/www.europesays.com\/es\/wp-json\/wp\/v2\/categories?post=142394"},{"taxonomy":"post_tag","embeddable":true,"href":"https:\/\/www.europesays.com\/es\/wp-json\/wp\/v2\/tags?post=142394"}],"curies":[{"name":"wp","href":"https:\/\/api.w.org\/{rel}","templated":true}]}}