{"id":142396,"date":"2025-09-27T14:28:10","date_gmt":"2025-09-27T14:28:10","guid":{"rendered":"https:\/\/www.europesays.com\/es\/142396\/"},"modified":"2025-09-27T14:28:10","modified_gmt":"2025-09-27T14:28:10","slug":"sonia-moldes-alto-y-claro-retrata-a-un-maquiavelico-alessandro-lequio-y-revela-que-el-italiano-tenia-camaras-en-casa","status":"publish","type":"post","link":"https:\/\/www.europesays.com\/es\/142396\/","title":{"rendered":"Sonia Moldes, alto y claro, retrata a un \u00abmaquiav\u00e9lico\u00bb Alessandro Lequio y revela que el italiano ten\u00eda c\u00e1maras en casa"},"content":{"rendered":"<p class=\"paragraph\" id=\"paragraph_1\">\u00ab<strong>Sonia es una mujer que destaca sobre las dem\u00e1s<\/strong>\u00ab, \u00abAlessandro es el hombre de mi vida\u00bb. Estos son s\u00f3lo algunos de los titulares que<strong> Sonia Moldes<\/strong> (52 a\u00f1os) y<strong> Alessandro Lequio<\/strong> (65), una de las parejas m\u00e1s seguidas de los 90, conced\u00edan a las revistas tras descubrirse su relaci\u00f3n.<\/p>\n<p class=\"paragraph\" id=\"paragraph_2\">Hoy, el relato dista mucho de aquel; es otro bien distinto, marcado por el \u00ab<strong>miedo<\/strong>\u00bb que Moldes dice haber sentido al lado del conde italiano. La emisi\u00f3n de \u00a1De Viernes! este pasado viernes, d\u00eda 26, se ha convertido en el epicentro de <strong>una de las revelaciones m\u00e1s impactantes del papel couch\u00e9<\/strong>.<\/p>\n<p class=\"paragraph\" id=\"paragraph_3\">La gran invitada al espacio de Mediaset ha sido Sonia Moldes, modelo gallega y expareja de Lequio, quien ha roto a\u00f1os de silencio para ofrecer un <strong>testimonio demoledor<\/strong> sobre su relaci\u00f3n con el arist\u00f3crata italiano.<\/p>\n<p><img loading=\"lazy\" decoding=\"async\" alt=\"La empresaria gallega Sonia Moldes en una imagen de archivo.\" height=\"180\" src=\"https:\/\/www.europesays.com\/es\/wp-content\/uploads\/2025\/09\/679192603_225005458_320x180.jpg\" width=\"320\" data-lazy-status=\"processed\" data-lazy-info=\"remove loading item 1\"\/><\/p>\n<p><img decoding=\"async\" alt=\"Sonia Moldes, sentada en el plat\u00f3 de '\u00a1De Viernes!'.\" data-imgm=\"true\" height=\"180\" loading=\"lazy\"  src=\"https:\/\/www.europesays.com\/es\/wp-content\/uploads\/2025\/09\/1003743943896_259027915_1024x576.jpg\"  width=\"320\"\/><\/p>\n<p>                                                            Sonia Moldes, sentada en el plat\u00f3 de &#8216;\u00a1De Viernes!&#8217;.<\/p>\n<p>                    Mediaset<\/p>\n<p class=\"paragraph\" id=\"paragraph_4\">En plena resaca medi\u00e1tica por las memorias de<strong> Mar Flores<\/strong> (56), Moldes decide alzar la voz y compartir su versi\u00f3n de los hechos, y lo ha hecho sin filtros ni concesiones. Antes de nada, Sonia se posiciona al lado de Mar, y secunda la verdad que narra en <strong>Mar en calma<\/strong>.<\/p>\n<p class=\"paragraph\" id=\"paragraph_5\">Sostiene Sonia Moldes que \u00ab<strong>le ten\u00eda miedo<\/strong>\u00bb a Alessandro Lequio. Describe al italiano como una persona \u00abmuy temperamental\u00bb y dif\u00edcil de convivir.<\/p>\n<p class=\"paragraph\" id=\"paragraph_6\">La modelo, que mantuvo una relaci\u00f3n con \u00e9l en los a\u00f1os 90 justo despu\u00e9s de su ruptura con Mar Flores, asegura ahora que el colaborador de televisi\u00f3n <strong>urdi\u00f3 un plan para romper el noviazgo de Mar con Fernando Fern\u00e1ndez Tapias<\/strong>.<\/p>\n<p class=\"paragraph\" id=\"paragraph_7\">Para ello, utiliz\u00f3 las famosas fotos de \u00e9l y Mar, en la farola, como detonante. \u00abLo que hizo para dinamitar esa relaci\u00f3n <strong>fue provocar que Fernando les pillara<\/strong>. Para m\u00ed eso no es amor\u00bb, ha sentenciado Moldes.<\/p>\n<p class=\"paragraph\" id=\"paragraph_8\">Durante la entrevista, Sonia dibuja un perfil un tanto inquietante de Lequio, al que califica como \u00ab<strong>maquiav\u00e9lico<\/strong>\u00bb y \u00ab<strong>el mayor mentiroso de todo esto<\/strong>\u00ab. Seg\u00fan su relato, el arist\u00f3crata no solo manipulaba emocionalmente a sus parejas, sino que tambi\u00e9n habr\u00eda recurrido a otras pr\u00e1cticas.<\/p>\n<p class=\"paragraph\" id=\"paragraph_9\">Seg\u00fan titula la web de Mediaset, \u00abMoldes cuenta c\u00f3mo Lequio grababa a las mujeres con las que se acostaba\u00bb. Es decir, siempre seg\u00fan Sonia, en casa del conde hab\u00eda c\u00e1maras: \u00abUn d\u00eda, cuando est\u00e1bamos juntos, <strong>yo en el techo de su habitaci\u00f3n veo una especie de rejilla negra extra\u00f1a<\/strong>\u00ab.<\/p>\n<p class=\"paragraph\" id=\"paragraph_10\">Y contin\u00faa su relato: \u00abY le pregunto qu\u00e9 era eso, <strong>entonces \u00e9l se sienta en la cama<\/strong>,<strong> se r\u00ede y me dice <\/strong>&#8216;<strong>eres la primera persona que se ha dado cuenta de esto<\/strong>&#8216;\u00bb.<\/p>\n<p class=\"paragraph\" id=\"paragraph_11\">La insinuaci\u00f3n de que podr\u00eda haber grabado a sus conquistas sin consentimiento deja al p\u00fablico de \u00a1De Viernes! perplejo.<\/p>\n<p class=\"paragraph\" id=\"paragraph_12\">\u00abCon ese material yo no s\u00e9 qu\u00e9 quer\u00eda hacer, pero la respuesta es obvia\u2026 <strong>Algo bueno no pensaba hacer<\/strong>. \u00bfChantajear? Yo no lo s\u00e9\u00bb, a\u00f1ade Sonia.<\/p>\n<p><img decoding=\"async\" alt=\"Sonia Moldes y Alessandro Lequio durante el tiempo en el que estuvieron juntos.\" data-imgm=\"true\" height=\"180\" loading=\"lazy\"  src=\"https:\/\/www.europesays.com\/es\/wp-content\/uploads\/2025\/09\/679192476_225001493_1024x576.jpg\"  width=\"320\"\/><\/p>\n<p>                                                            Sonia Moldes y Alessandro Lequio durante el tiempo en el que estuvieron juntos.<\/p>\n<p class=\"paragraph\" id=\"paragraph_13\">La modelo tambi\u00e9n afirma que conoce \u00ab<strong>toda su vida<\/strong>, <strong>familiar y personal<\/strong>\u00bb porque \u00e9l mismo se lo cont\u00f3, y que guarda informaci\u00f3n que podr\u00eda \u00ab<strong>dejar con la boca abierta al pa\u00eds entero<\/strong>\u00ab.<\/p>\n<p class=\"paragraph\" id=\"paragraph_14\">En cuanto a su relaci\u00f3n con Lequio, Moldes sostiene que \u00e9l nunca mostr\u00f3 su verdadera cara con ella, y que hablaba de su ruptura con Mar Flores como un hombre dolido, pero sin odio. \u00ab<strong>Dec\u00eda que lo hab\u00eda pasado muy mal<\/strong>,<strong> pero conmigo nunca daba la cara real<\/strong>\u00ab, explica.<\/p>\n<p class=\"paragraph\" id=\"paragraph_15\">Tambi\u00e9n cuestiona Moldes la autoridad moral del arist\u00f3crata para juzgar infidelidades, recordando que \u00e9l mismo fue infiel a <strong>Antonia Dell<\/strong>&#8216;<strong>Atte<\/strong> (65) y<strong> Ana Garc\u00eda Obreg\u00f3n <\/strong>(70), dos de sus parejas m\u00e1s medi\u00e1ticas. \u00ab\u00bfC\u00f3mo te atreves a juzgar a Mar Flores cuando t\u00fa has sido infiel toda tu vida?\u00bb, lanza como reflexi\u00f3n final.<\/p>\n","protected":false},"excerpt":{"rendered":"\u00abSonia es una mujer que destaca sobre las dem\u00e1s\u00ab, \u00abAlessandro es el hombre de mi vida\u00bb. Estos son&hellip;\n","protected":false},"author":2,"featured_media":142397,"comment_status":"","ping_status":"","sticky":false,"template":"","format":"standard","meta":{"footnotes":""},"categories":[173],"tags":[15908,13318,229,233,231,230,232,234,146,147,25,24,256,9892,23],"class_list":{"0":"post-142396","1":"post","2":"type-post","3":"status-publish","4":"format-standard","5":"has-post-thumbnail","7":"category-arte-y-diseno","8":"tag-alessandro-lequio","9":"tag-ana-obregon","10":"tag-arte","11":"tag-arte-y-diseno","12":"tag-arts","13":"tag-arts-and-design","14":"tag-design","15":"tag-diseno","16":"tag-entertainment","17":"tag-entretenimiento","18":"tag-es","19":"tag-espana","20":"tag-famosos","21":"tag-mar-flores","22":"tag-spain"},"share_on_mastodon":{"url":"","error":""},"_links":{"self":[{"href":"https:\/\/www.europesays.com\/es\/wp-json\/wp\/v2\/posts\/142396","targetHints":{"allow":["GET"]}}],"collection":[{"href":"https:\/\/www.europesays.com\/es\/wp-json\/wp\/v2\/posts"}],"about":[{"href":"https:\/\/www.europesays.com\/es\/wp-json\/wp\/v2\/types\/post"}],"author":[{"embeddable":true,"href":"https:\/\/www.europesays.com\/es\/wp-json\/wp\/v2\/users\/2"}],"replies":[{"embeddable":true,"href":"https:\/\/www.europesays.com\/es\/wp-json\/wp\/v2\/comments?post=142396"}],"version-history":[{"count":0,"href":"https:\/\/www.europesays.com\/es\/wp-json\/wp\/v2\/posts\/142396\/revisions"}],"wp:featuredmedia":[{"embeddable":true,"href":"https:\/\/www.europesays.com\/es\/wp-json\/wp\/v2\/media\/142397"}],"wp:attachment":[{"href":"https:\/\/www.europesays.com\/es\/wp-json\/wp\/v2\/media?parent=142396"}],"wp:term":[{"taxonomy":"category","embeddable":true,"href":"https:\/\/www.europesays.com\/es\/wp-json\/wp\/v2\/categories?post=142396"},{"taxonomy":"post_tag","embeddable":true,"href":"https:\/\/www.europesays.com\/es\/wp-json\/wp\/v2\/tags?post=142396"}],"curies":[{"name":"wp","href":"https:\/\/api.w.org\/{rel}","templated":true}]}}