{"id":142404,"date":"2025-09-27T14:34:07","date_gmt":"2025-09-27T14:34:07","guid":{"rendered":"https:\/\/www.europesays.com\/es\/142404\/"},"modified":"2025-09-27T14:34:07","modified_gmt":"2025-09-27T14:34:07","slug":"la-consejeria-de-sanidad-inicia-la-campana-de-inmunizacion-infantil-frente-al-virus-respiratorio-sincitial-vrs","status":"publish","type":"post","link":"https:\/\/www.europesays.com\/es\/142404\/","title":{"rendered":"La Consejer\u00eda de Sanidad inicia la campa\u00f1a de inmunizaci\u00f3n infantil frente al virus respiratorio sincitial (VRS)"},"content":{"rendered":"<p>La Consejer\u00eda de Sanidad y Servicios Sociales iniciar\u00e1, a partir del 1 de octubre, la campa\u00f1a de inmunizaci\u00f3n infantil frente al virus respiratorio sincitial (VRS).<\/p>\n<p>\u00a0<\/p>\n<p>Durante esta campa\u00f1a se administrar\u00e1 el anticuerpo monoclonal Nirsevimab como medida preventiva frente a la infecci\u00f3n por VRS, estando especialmente indicada para los siguientes grupos prioritarios:<\/p>\n<p>\u00a0<\/p>\n<p>\u00b7 Lactantes menores de 6 meses.<\/p>\n<p>\u00b7 Prematuros nacidos con menos de 35 semanas de gestaci\u00f3n.<\/p>\n<p>\u00b7 Poblaci\u00f3n infantil nacida a partir del 1 de octubre de 2025 hasta el 31 de marzo de 2026.<\/p>\n<p>\u00b7 Poblaci\u00f3n infantil nacida entre el 1 de abril de 2025 y el 30 de septiembre de 2025.<\/p>\n<p>\u00b7 Pacientes con cardiopat\u00edas cong\u00e9nitas con afectaci\u00f3n hemodin\u00e1mica significativa cianosantes o no cianosantes, pacientes con displasia broncopulmonar, cirug\u00eda card\u00edaca con bypass cardiopulmonar y pacientes con otras patolog\u00edas de base que suponen un gran riesgo para padecer bronquiolitis grave por VRS antes de cumplir los 24 meses de edad en el momento de recibir la inmunizaci\u00f3n.<\/p>\n<p>\u00a0<\/p>\n<p>La administraci\u00f3n de esta profilaxis se llevar\u00e1 a cabo en los tres centros de salud y Hospital Universitario de INGESA y, para los mutualistas, en los centros privados Cl\u00ednica Septem y la consulta del Dr. Carlos L\u00f3pez Gonz\u00e1lez Garrido.<\/p>\n<p>\u00a0<\/p>\n<p>Como novedad este a\u00f1o, la Consejer\u00eda ampl\u00eda la estrategia de inmunizaci\u00f3n incorporando la vacunaci\u00f3n frente al VRS en adultos (Arexvy) que re\u00fanan los siguientes criterios (siempre bajo prescripci\u00f3n m\u00e9dica individualizada):<\/p>\n<p>\u00a0<\/p>\n<p>\u00b7 Residentes institucionalizados en Centros de mayores (a partir de 60 a\u00f1os de edad).<\/p>\n<p>\u00b7 Personas a partir de los 60 a\u00f1os de edad con las siguientes condiciones de riesgo en situaci\u00f3n avanzada, por orden de prioridad:<\/p>\n<p>\u00a0<\/p>\n<p>o Inmunodepresi\u00f3n grave: c\u00e1ncer hematol\u00f3gico o de \u00f3rgano s\u00f3lido en tratamiento activo, pacientes trasplantados de \u00f3rganos s\u00f3lidos o c\u00e9lulas madre, tratamiento con CAR-T, inmunodeficiencias primarias, infecci\u00f3n por VIH avanzado (CD4 <\/p>\n<p>\u00a0<\/p>\n<p>o Enfermedad renal cr\u00f3nica: enfermedad renal cr\u00f3nica avanzada, es decir, en estadio igual o superior a grado IV (FG \u226430) incluyendo pacientes en tratamiento renal sustitutivo (di\u00e1lisis peritoneal y hemodi\u00e1lisis).<\/p>\n<p>\u00a0<\/p>\n<p>o Enfermedad pulmonar cr\u00f3nica grave: incluye EPOC, asma grave, fibrosis qu\u00edstica, enfermedad pulmonar intersticial difusa y bronquiectasias e hipertensi\u00f3n pulmonar grave.<\/p>\n<p>\u00a0<\/p>\n<p>o Enfermedad cardiovascular cr\u00f3nica: insuficiencia card\u00edaca grave, cardiopat\u00edas cong\u00e9nitas y coronariopat\u00edas.<\/p>\n<p>o Obesidad grave: IMC mayor o igual a 40 kg\/m\u00b2.<\/p>\n<p>\u00a0<\/p>\n<p>o Diabetes mellitus complicada: con da\u00f1o en \u00f3rganos diana.<\/p>\n<p>\u00a0<\/p>\n<p>o Enfermedad hep\u00e1tica cr\u00f3nica avanzada: fibrosis avanzada (FIB-4) y cirrosis.<\/p>\n<p>\u00a0<\/p>\n<p>o Enfermedad neurol\u00f3gica o neuromuscular avanzada: enfermedades neurodegenerativas y desmielinizantes que alteren la capacidad respiratoria; excluyendo accidente cerebrovascular sin alteraci\u00f3n del aclaramiento de las v\u00edas respiratorias.<\/p>\n<p>\u00a0<\/p>\n<p>Dada la elevada morbilidad que el virus respiratorio sincitial puede causar en estos colectivos, especialmente en t\u00e9rminos de ingresos hospitalarios y complicaciones respiratorias severas, la Consejer\u00eda de Sanidad y Servicios Sociales reafirma su compromiso con la protecci\u00f3n de la salud p\u00fablica mediante la adopci\u00f3n de medidas preventivas eficaces y accesibles. En este sentido, se han implementado actuaciones dirigidas a garantizar que los grupos con mayor riesgo cuenten con las herramientas necesarias para reducir complicaciones graves, promoviendo as\u00ed una respuesta sanitaria m\u00e1s equitativa y proactiva.<\/p>\n<p>\u00a0<\/p>\n","protected":false},"excerpt":{"rendered":"La Consejer\u00eda de Sanidad y Servicios Sociales iniciar\u00e1, a partir del 1 de octubre, la campa\u00f1a de inmunizaci\u00f3n&hellip;\n","protected":false},"author":2,"featured_media":142405,"comment_status":"","ping_status":"","sticky":false,"template":"","format":"standard","meta":{"footnotes":""},"categories":[92],"tags":[517,4486,44171,25,24,4806,2972,44173,165,1667,590,10,44170,44172,6371,166,23,7803,4664],"class_list":{"0":"post-142404","1":"post","2":"type-post","3":"status-publish","4":"format-standard","5":"has-post-thumbnail","7":"category-salud","8":"tag-actualidad","9":"tag-ceuta","10":"tag-diario-de-ceuta","11":"tag-es","12":"tag-espana","13":"tag-eventos","14":"tag-frontera","15":"tag-frontera-de-ceuta","16":"tag-health","17":"tag-informacion","18":"tag-inmigracion","19":"tag-noticias","20":"tag-noticias-ceuta","21":"tag-periodico-digital-en-ceuta","22":"tag-publicidad","23":"tag-salud","24":"tag-spain","25":"tag-tradiciones","26":"tag-turismo"},"share_on_mastodon":{"url":"","error":""},"_links":{"self":[{"href":"https:\/\/www.europesays.com\/es\/wp-json\/wp\/v2\/posts\/142404","targetHints":{"allow":["GET"]}}],"collection":[{"href":"https:\/\/www.europesays.com\/es\/wp-json\/wp\/v2\/posts"}],"about":[{"href":"https:\/\/www.europesays.com\/es\/wp-json\/wp\/v2\/types\/post"}],"author":[{"embeddable":true,"href":"https:\/\/www.europesays.com\/es\/wp-json\/wp\/v2\/users\/2"}],"replies":[{"embeddable":true,"href":"https:\/\/www.europesays.com\/es\/wp-json\/wp\/v2\/comments?post=142404"}],"version-history":[{"count":0,"href":"https:\/\/www.europesays.com\/es\/wp-json\/wp\/v2\/posts\/142404\/revisions"}],"wp:featuredmedia":[{"embeddable":true,"href":"https:\/\/www.europesays.com\/es\/wp-json\/wp\/v2\/media\/142405"}],"wp:attachment":[{"href":"https:\/\/www.europesays.com\/es\/wp-json\/wp\/v2\/media?parent=142404"}],"wp:term":[{"taxonomy":"category","embeddable":true,"href":"https:\/\/www.europesays.com\/es\/wp-json\/wp\/v2\/categories?post=142404"},{"taxonomy":"post_tag","embeddable":true,"href":"https:\/\/www.europesays.com\/es\/wp-json\/wp\/v2\/tags?post=142404"}],"curies":[{"name":"wp","href":"https:\/\/api.w.org\/{rel}","templated":true}]}}