{"id":142414,"date":"2025-09-27T14:39:08","date_gmt":"2025-09-27T14:39:08","guid":{"rendered":"https:\/\/www.europesays.com\/es\/142414\/"},"modified":"2025-09-27T14:39:08","modified_gmt":"2025-09-27T14:39:08","slug":"jubileo-de-los-catequistas-fisichella-caminar-cada-dia-con-cristo","status":"publish","type":"post","link":"https:\/\/www.europesays.com\/es\/142414\/","title":{"rendered":"Jubileo de los Catequistas. Fisichella: Caminar cada d\u00eda con Cristo"},"content":{"rendered":"<p>En la Bas\u00edlica Vaticana, Vigilia de oraci\u00f3n del Pro-Prefecto del Dicasterio para la Evangelizaci\u00f3n con ocasi\u00f3n del A\u00f1o Santo dedicado a veinte mil catequistas procedentes de m\u00e1s de cien pa\u00edses del mundo.<\/p>\n<p><b>Isabella Piro &#8211; Ciudad del Vaticano\u00a0<\/b><\/p>\n<p>\u201cLa catequesis es un camino, un recorrido, un proyecto que se realiza d\u00eda a d\u00eda\u201d: lo subray\u00f3 Mons. Rino Fisichella, Proprefecto del Dicasterio para la Evangelizaci\u00f3n, al presidir la Vigilia de oraci\u00f3n por el Jubileo de los Catequistas en la Bas\u00edlica Vaticana, ayer en la tarde, viernes 26 de septiembre.\u00a0\u00a0<\/p>\n<p>El Resucitado es el centro de la historia y el coraz\u00f3n de la fe\u00a0 <\/p>\n<p>El prelado ofreci\u00f3 tres reflexiones particulares durante su homil\u00eda ante veinte mil fieles de 115 pa\u00edses: primero, dijo: \u00abLa catequesis debe fundarse en Cristo Resucitado, centro de la historia y coraz\u00f3n de la fe\u00bb, ya que \u00abel misterio de su salvaci\u00f3n es el misterio de nuestra historia\u00bb. Luego, enfatiz\u00f3 que la catequesis debe realizarse \u00abcon Cristo, porque \u00c9l nos acompa\u00f1a, \u00c9l nos encuentra. A menudo\u00bb, se\u00f1al\u00f3, \u00abhablamos de Cristo, pero no vivimos de \u00c9l, y la catequesis, por muy hermosa que sea, queda vac\u00eda si el Se\u00f1or no camina con nosotros\u00bb.\u00a0<\/p>\n<p>     <a href=\"https:\/\/www.vaticannews.va\/es\/vaticano\/news\/2025-09\/jubileo-catequistas-mas-de-20-000-peregrinos-de-115-paises.html\" title=\"Roma se prepara para el Jubileo de los Catequistas\" rel=\"nofollow noopener\" target=\"_blank\"><\/p>\n<p>        <img decoding=\"async\" src=\"data:image\/gif;base64,R0lGODlhAQABAIAAAAAAAP\/\/\/yH5BAEAAAAALAAAAAABAAEAAAIBRAA7\" data-original=\"https:\/\/www.vaticannews.va\/content\/dam\/vaticannews\/agenzie\/images\/srv\/2025\/03\/08\/2025-03-08-pellegrinaggio-giubilare-dei-volontari\/1741422769965.JPG\/_jcr_content\/renditions\/cq5dam.thumbnail.cropped.500.281.jpeg\" alt=\"Roma se prepara para el Jubileo de los Catequistas\"\/><\/p>\n<p>      <\/a><\/p>\n<p>\n      Del 26 al 28 de septiembre, la Ciudad Eterna acoger\u00e1 a delegaciones de todo el mundo en un evento jubilar que pondr\u00e1 en el centro a quienes transmiten la fe cada d\u00eda. El Papa Le\u00f3n &#8230;\n     <\/p>\n<p>Combinando catequesis y sacramentos <\/p>\n<p>Finalmente, el celebrante los inst\u00f3 a combinar la ense\u00f1anza catequ\u00e9tica con la riqueza sacramental, recordando el ejemplo de los disc\u00edpulos de Ema\u00fas, quienes reconocieron a Jes\u00fas al partir el pan y sintieron la urgencia de regresar a Jerusal\u00e9n y proclamar su Resurrecci\u00f3n. Esto demuestra, se\u00f1al\u00f3 Fisichella, que \u00abla catequesis es un evento comunitario, no individual. Cada catequista nunca est\u00e1 solo, sino que lleva consigo a la comunidad cristiana\u00bb. De ah\u00ed su exhortaci\u00f3n final a ser \u00abtestigos de una esperanza mayor que nos muestra el futuro que debemos construir\u00bb.\u00a0<\/p>\n<p>La peregrinaci\u00f3n a la Puerta Santa\u00a0 <\/p>\n<p>Precedida por la peregrinaci\u00f3n de los participantes a la Puerta Santa de la Bas\u00edlica Vaticana, la Vigilia de oraci\u00f3n se abri\u00f3 con las notas del himno jubilar Peregrinos de la Esperanza, y continu\u00f3 luego con el Memorial del Bautismo y la Liturgia de la Palabra, centrada precisamente en el paso de los disc\u00edpulos de Ema\u00fas (\u00a0Lc\u00a0\u00a024,13-33a).\u00a0<\/p>\n<p>Los testimonios\u00a0 <\/p>\n<p>A continuaci\u00f3n, se presentaron los testimonios de tres catequistas que compartieron sus experiencias de servicio en sus respectivos pa\u00edses de origen: Paulo Agostinho Matica en Mozambique, Estela Evangelista Torres en M\u00e9xico y Liliana Russo en Italia. Esta \u00faltima describi\u00f3 el desaf\u00edo de evangelizar hoy, en una era inmersa en las redes sociales, que \u00abcondicionan nuestras relaciones\u00bb. \u00abEl mensaje cristiano\u00bb, observ\u00f3, \u00abes siempre el mismo, pero es necesario encontrar nuevos lenguajes\u00bb. Por lo tanto, a\u00f1adi\u00f3, es importante \u00abpotenciar la proclamaci\u00f3n de la buena nueva del amor de Dios\u00bb, especialmente entre los j\u00f3venes: ellos, de hecho, \u00abson capaces de profundizar para hablar de Jes\u00fas no como una figura hist\u00f3rica, sino como una Persona que hay que encontrar\u00bb.\u00a0<\/p>\n<p>Oraci\u00f3n por los \u201cnuevos misioneros del Evangelio\u201d\u00a0 <\/p>\n<p>Tras la oraci\u00f3n de los fieles, durante la cual se expres\u00f3 la intenci\u00f3n especial de que Cristo suscite \u00abnuevos misioneros del Evangelio\u00bb, el arzobispo Fisichella pronunci\u00f3 la bendici\u00f3n para los catequistas, para que \u00abcrezcan en la fe hasta la plena madurez en Cristo, y se conviertan en testigos vivos del Evangelio\u00bb. La asamblea se levant\u00f3 al son del canto \u00abLev\u00e1ntate, ve y proclama mi Palabra\u00bb.\u00a0<\/p>\n<p>La Audiencia Jubilar y la Misa de Le\u00f3n XIV <\/p>\n<p>El Jubileo de los Catequistas, que comenz\u00f3 ayer, continu\u00f3 esta ma\u00f1ana, s\u00e1bado 27 de septiembre, con la Audiencia Jubilar de Le\u00f3n XIV en la Plaza de San Pedro. Por la tarde, los participantes se reunir\u00e1n en diversas iglesias del centro de Roma para escuchar la catequesis de los obispos en varios idiomas. Finalmente, ma\u00f1ana por la ma\u00f1ana, a las 10:00 h, el Pont\u00edfice presidir\u00e1 la Misa del Vig\u00e9simo Sexto Domingo del Tiempo Ordinario en la Bas\u00edlica Vaticana, durante la cual ordenar\u00e1 a 39 nuevos catequistas de quince pa\u00edses.<\/p>\n<p>     <a href=\"https:\/\/www.vaticannews.va\/es\/papa\/news\/2025-09\/el-papa-dios-es-sencillo-y-se-revela-a-los-sencillos.html\" title=\"El Papa: \u201cDios es sencillo y se revela a los sencillos\u201d\" rel=\"nofollow noopener\" target=\"_blank\"><\/p>\n<p>        <img decoding=\"async\" src=\"data:image\/gif;base64,R0lGODlhAQABAIAAAAAAAP\/\/\/yH5BAEAAAAALAAAAAABAAEAAAIBRAA7\" data-original=\"https:\/\/www.vaticannews.va\/content\/dam\/vaticannews\/agenzie\/images\/srv\/2025\/09\/27\/2025-09-27-udienza-giubilare\/1758961294952.JPG\/_jcr_content\/renditions\/cq5dam.thumbnail.cropped.500.281.jpeg\" alt=\"El Papa: \u201cDios es sencillo y se revela a los sencillos\u201d\"\/><\/p>\n<p>      <\/a><\/p>\n<p>\n      El Santo Padre Le\u00f3n XIV reflexion\u00f3 en la catequesis de la audiencia jubilar sobre la gracia de la \u201cintuici\u00f3n\u201d y \u201csensus fidei\u201d del pueblo de Dios que puede generar esperanza, &#8230;\n     <\/p>\n<p>\u00a0<\/p>\n","protected":false},"excerpt":{"rendered":"En la Bas\u00edlica Vaticana, Vigilia de oraci\u00f3n del Pro-Prefecto del Dicasterio para la Evangelizaci\u00f3n con ocasi\u00f3n del A\u00f1o&hellip;\n","protected":false},"author":2,"featured_media":142415,"comment_status":"","ping_status":"","sticky":false,"template":"","format":"standard","meta":{"footnotes":""},"categories":[8],"tags":[436,17,18,44174,25,24,13,14,11,433,19,20,44175,9,10,15,16,23,12,21,22,403],"class_list":{"0":"post-142414","1":"post","2":"type-post","3":"status-publish","4":"format-standard","5":"has-post-thumbnail","7":"category-espana","8":"tag-jubileo2025","9":"tag-breaking-news","10":"tag-breakingnews","11":"tag-catequesis","12":"tag-es","13":"tag-espana","14":"tag-featured-news","15":"tag-featurednews","16":"tag-headlines","17":"tag-jovenes","18":"tag-latest-news","19":"tag-latestnews","20":"tag-mons-rino-fisichella","21":"tag-news","22":"tag-noticias","23":"tag-noticias-destacadas","24":"tag-noticiasdestacadas","25":"tag-spain","26":"tag-titulares","27":"tag-ultimas-noticias","28":"tag-ultimasnoticias","29":"tag-vaticano"},"share_on_mastodon":{"url":"","error":""},"_links":{"self":[{"href":"https:\/\/www.europesays.com\/es\/wp-json\/wp\/v2\/posts\/142414","targetHints":{"allow":["GET"]}}],"collection":[{"href":"https:\/\/www.europesays.com\/es\/wp-json\/wp\/v2\/posts"}],"about":[{"href":"https:\/\/www.europesays.com\/es\/wp-json\/wp\/v2\/types\/post"}],"author":[{"embeddable":true,"href":"https:\/\/www.europesays.com\/es\/wp-json\/wp\/v2\/users\/2"}],"replies":[{"embeddable":true,"href":"https:\/\/www.europesays.com\/es\/wp-json\/wp\/v2\/comments?post=142414"}],"version-history":[{"count":0,"href":"https:\/\/www.europesays.com\/es\/wp-json\/wp\/v2\/posts\/142414\/revisions"}],"wp:featuredmedia":[{"embeddable":true,"href":"https:\/\/www.europesays.com\/es\/wp-json\/wp\/v2\/media\/142415"}],"wp:attachment":[{"href":"https:\/\/www.europesays.com\/es\/wp-json\/wp\/v2\/media?parent=142414"}],"wp:term":[{"taxonomy":"category","embeddable":true,"href":"https:\/\/www.europesays.com\/es\/wp-json\/wp\/v2\/categories?post=142414"},{"taxonomy":"post_tag","embeddable":true,"href":"https:\/\/www.europesays.com\/es\/wp-json\/wp\/v2\/tags?post=142414"}],"curies":[{"name":"wp","href":"https:\/\/api.w.org\/{rel}","templated":true}]}}