{"id":142416,"date":"2025-09-27T14:40:20","date_gmt":"2025-09-27T14:40:20","guid":{"rendered":"https:\/\/www.europesays.com\/es\/142416\/"},"modified":"2025-09-27T14:40:20","modified_gmt":"2025-09-27T14:40:20","slug":"elon-musk-y-el-principe-andres-aparecen-en-nuevos-documentos-del-caso-epstein","status":"publish","type":"post","link":"https:\/\/www.europesays.com\/es\/142416\/","title":{"rendered":"Elon Musk y el pr\u00edncipe Andr\u00e9s aparecen en nuevos documentos del caso Epstein"},"content":{"rendered":"<p><img fetchpriority=\"high\" decoding=\"async\" src=\"https:\/\/www.europesays.com\/es\/wp-content\/uploads\/2025\/09\/cb0dcc30-9b0b-11f0-b741-177e3e2c2fc7.jpg.webp.webp\"   alt=\"Elon Musk.  \" loading=\"eager\" width=\"976\" height=\"549\" style=\"aspect-ratio:976 \/ 549\" class=\"bbc-139onq\"\/><\/p>\n<p class=\"bbc-by8ykd\" role=\"text\">Fuente de la imagen, Getty Images<\/p>\n<p>Pie de foto, Elon Musk no ha comentado p\u00fablicamente sobre las recientes revelaciones<strong id=\"article-byline\" aria-hidden=\"true\" class=\"bbc-m04vo2\">Informaci\u00f3n del art\u00edculo<\/strong><\/p>\n<ul class=\"bbc-1rvtlej\">\n<li class=\"bbc-oe8da4\">\n<ul role=\"list\" class=\"bbc-r1yif8\">\n<li>Autor, Jaroslav Lukiv<\/li>\n<li>T\u00edtulo del autor,  <\/li>\n<\/ul>\n<ul role=\"list\" class=\"bbc-r1yif8\">\n<li>Autor, Olivia Davies<\/li>\n<li>T\u00edtulo del autor,  <\/li>\n<\/ul>\n<ul role=\"list\" class=\"bbc-r1yif8\">\n<li>Autor, Chi Chi Izundu<\/li>\n<li>T\u00edtulo del autor,  Corresponsal de investigaciones, BBC News<\/li>\n<\/ul>\n<\/li>\n<li class=\"bbc-1clfxfc\">27 septiembre 2025, 10:25 GMT\n<p>Actualizado 2 horas<\/p>\n<\/li>\n<li class=\"bbc-1clfxfc\"\/><\/ul>\n<p dir=\"ltr\" class=\"bbc-hhl7in e17g058b0\"><b>El multimillonario Elon Musk y el pr\u00edncipe Andr\u00e9s aparecen en los nuevos archivos publicados por dem\u00f3cratas del Congreso vinculados con el fallecido condenado por delitos sexuales Jeffrey Epstein.<\/b><\/p>\n<p dir=\"ltr\" class=\"bbc-hhl7in e17g058b0\">Los archivos fueron entregados al Comit\u00e9 de Supervisi\u00f3n de la C\u00e1mara de Representantes por el patrimonio de Jeffrey Epstein y parecen mostrar que Musk fue invitado a la isla del financiero en diciembre de 2014.<\/p>\n<p dir=\"ltr\" class=\"bbc-hhl7in e17g058b0\">Por otra parte, un manifiesto de un vuelo de Nueva Jersey a Florida en mayo de 2000 menciona al duque de York, el pr\u00edncipe Andr\u00e9s, entre los pasajeros.<\/p>\n<p dir=\"ltr\" class=\"bbc-hhl7in e17g058b0\">La BBC contact\u00f3 a Musk y al pr\u00edncipe Andr\u00e9s para obtener declaraciones.<\/p>\n<p dir=\"ltr\" class=\"bbc-hhl7in e17g058b0\">Este \u00faltimo ha negado rotundamente cualquier irregularidad. Musk fue citado anteriormente y afirm\u00f3 que Epstein lo invit\u00f3 a la isla, pero que \u00e9l lo rechaz\u00f3.<\/p>\n<p dir=\"ltr\" class=\"bbc-hhl7in e17g058b0\">Los registros parciales forman parte del tercer lote de documentos elaborados por el patrimonio de Epstein.<\/p>\n<p dir=\"ltr\" class=\"bbc-hhl7in e17g058b0\">Los dem\u00f3cratas del Comit\u00e9 de Supervisi\u00f3n de la C\u00e1mara de Representantes afirman que incluyen registros de mensajes telef\u00f3nicos, copias de registros de vuelo y manifiestos de aeronaves, copias de libros contables y la agenda diaria de Epstein.<\/p>\n<p dir=\"ltr\" class=\"bbc-hhl7in e17g058b0\">Adem\u00e1s de Musk y el pr\u00edncipe Andr\u00e9s, los archivos publicados tambi\u00e9n contienen los nombres de otras figuras prominentes, como el empresario de internet Peter Thiel y Steve Bannon, exasesor del presidente estadounidense Donald Trump.<\/p>\n<p dir=\"ltr\" class=\"bbc-hhl7in e17g058b0\">Una l\u00ednea en los registros, fechada el 6 de diciembre de 2014, dice: \u00abRecordatorio: Elon Musk a la isla el 6 de diciembre (\u00bftodav\u00eda va a ocurrir esto?)\u00bb.<\/p>\n<p dir=\"ltr\" class=\"bbc-hhl7in e17g058b0\">Un manifiesto de vuelo registra que el pr\u00edncipe Andr\u00e9s viaj\u00f3 con Epstein y su socia Ghislaine Maxwell desde Teterboro, Nueva Jersey, a West Palm Beach, Florida, el 12 de mayo de 2000.<\/p>\n<p dir=\"ltr\" class=\"bbc-hhl7in e17g058b0\">Maxwell fue condenada en 2021 por conspirar con Epstein para traficar con ni\u00f1as con fines sexuales.<\/p>\n<p dir=\"ltr\" class=\"bbc-hhl7in e17g058b0\">Un libro de contabilidad, con abundantes textos censurados, registra dos referencias de pagos por masajes a un \u00abAndrew\u00bb en febrero y mayo de 2000.<\/p>\n<p dir=\"ltr\" class=\"bbc-hhl7in e17g058b0\">Aunque los registros del Palacio de Buckingham, fotograf\u00edas e informes de prensa de la \u00e9poca indican que el pr\u00edncipe Andr\u00e9s viaj\u00f3 a Estados Unidos aproximadamente en las fechas registradas en el documento reci\u00e9n publicado, no est\u00e1 claro qui\u00e9n es el \u00abAndrew\u00bb al que se refiere el libro de contabilidad.<\/p>\n<p dir=\"ltr\" class=\"bbc-hhl7in e17g058b0\">El 11 de mayo de 2000, el Palacio de Buckingham anunci\u00f3 en su sitio web que el pr\u00edncipe Andr\u00e9s vol\u00f3 a Nueva York para asistir a una recepci\u00f3n de la Sociedad Nacional para la Prevenci\u00f3n de la Crueldad Infantil.<\/p>\n<p dir=\"ltr\" class=\"bbc-hhl7in e17g058b0\">Andr\u00e9s regres\u00f3 a Reino Unido el 15 de mayo, seg\u00fan una publicaci\u00f3n posterior.<\/p>\n<p><img decoding=\"async\" src=\"https:\/\/www.europesays.com\/es\/wp-content\/uploads\/2025\/09\/868a53c0-9b1b-11f0-b87b-794bcb76d087.jpg.webp.webp\"   alt=\"El pr\u00edncipe Andr\u00e9s \" loading=\"lazy\" width=\"800\" height=\"450\" style=\"aspect-ratio:800 \/ 450\" class=\"bbc-139onq\"\/><\/p>\n<p class=\"bbc-by8ykd\" role=\"text\">Fuente de la imagen, EPA<\/p>\n<p>Pie de foto, El pr\u00edncipe Andr\u00e9s ha negado previamente haber cometido alguna irregularidad durante su amistad con Epstein.<\/p>\n<p dir=\"ltr\" class=\"bbc-hhl7in e17g058b0\">Tambi\u00e9n hay una anotaci\u00f3n en los archivos que hace referencia a un almuerzo planeado con Peter Thiel en noviembre de 2017.<\/p>\n<p dir=\"ltr\" class=\"bbc-hhl7in e17g058b0\">Asimismo incluyen una entrada sobre un desayuno planeado con Steve Bannon el 17 de febrero de 2019.<\/p>\n<p dir=\"ltr\" class=\"bbc-hhl7in e17g058b0\">Los archivos tambi\u00e9n mencionan planes provisionales para un desayuno con Bill Gates, fundador de Microsoft, en diciembre de 2014. En 2022, Gates le dijo a la BBC que reunirse con Epstein hab\u00eda sido un \u00aberror\u00bb.<\/p>\n<p dir=\"ltr\" class=\"bbc-hhl7in e17g058b0\">No se sugiere que las personas mencionadas en los archivos estuvieran al tanto de la presunta actividad delictiva por la que Epstein fue posteriormente arrestado.<\/p>\n<p dir=\"ltr\" class=\"bbc-hhl7in e17g058b0\">Epstein se suicid\u00f3 en una celda de una c\u00e1rcel de Nueva York en agosto de 2019 mientras esperaba su juicio por tr\u00e1fico sexual.<\/p>\n<p dir=\"ltr\" class=\"bbc-hhl7in e17g058b0\">En 2008, lleg\u00f3 a un acuerdo con la fiscal\u00eda despu\u00e9s de que los padres de una ni\u00f1a de 14 a\u00f1os declararan a la polic\u00eda de Florida que Epstein hab\u00eda abusado sexualmente de su hija en su casa de Palm Beach.<\/p>\n<p dir=\"ltr\" class=\"bbc-hhl7in e17g058b0\">Fue arrestado de nuevo en julio de 2019 por tr\u00e1fico sexual.<\/p>\n<p dir=\"ltr\" class=\"bbc-hhl7in e17g058b0\">Sara Guerrero, portavoz de los dem\u00f3cratas en el Comit\u00e9 de Supervisi\u00f3n de la C\u00e1mara de Representantes, inst\u00f3 a la fiscal general de Estados Unidos, Pam Bondi, a publicar m\u00e1s archivos relacionados con Epstein.<\/p>\n<p dir=\"ltr\" class=\"bbc-hhl7in e17g058b0\">\u00abDeber\u00eda quedar claro para todos los estadounidenses que Jeffrey Epstein era amigo de algunos de los hombres m\u00e1s poderosos y ricos del mundo\u00bb, declar\u00f3.<\/p>\n<p dir=\"ltr\" class=\"bbc-hhl7in e17g058b0\">\u00abCada nuevo documento que se publica aporta nueva informaci\u00f3n mientras trabajamos para hacer justicia a los sobrevivientes y las v\u00edctimas\u00bb.<\/p>\n<p dir=\"ltr\" class=\"bbc-hhl7in e17g058b0\">Los republicanos del comit\u00e9 acusaron a los dem\u00f3cratas de \u00abanteponer la pol\u00edtica a las v\u00edctimas\u00bb y afirmaron que pronto publicar\u00edan la documentaci\u00f3n completa.<\/p>\n<p><img decoding=\"async\" src=\"https:\/\/www.europesays.com\/es\/wp-content\/uploads\/2025\/09\/2a6bb5b0-9b7b-11f0-92db-77261a15b9d2.png.webp.webp\"   alt=\"line\" loading=\"lazy\" width=\"800\" height=\"100\" style=\"aspect-ratio:800 \/ 100\" class=\"bbc-139onq\"\/><\/p>\n<p dir=\"ltr\" class=\"bbc-hhl7in e17g058b0\"><a href=\"https:\/\/www.bbc.com\/mundo\/send\/u184973209\" class=\"focusIndicatorReducedWidth bbc-n8oauk e1p3sufg0\" rel=\"nofollow noopener\" target=\"_blank\">Suscr\u00edbete aqu\u00ed<\/a> a nuestro nuevo newsletter para recibir cada viernes una selecci\u00f3n de nuestro mejor contenido de la semana.<\/p>\n<p dir=\"ltr\" class=\"bbc-hhl7in e17g058b0\">Y recuerda que puedes recibir notificaciones en nuestra app. Descarga la \u00faltima versi\u00f3n y act\u00edvalas.<\/p>\n","protected":false},"excerpt":{"rendered":"Fuente de la imagen, Getty Images Pie de foto, Elon Musk no ha comentado p\u00fablicamente sobre las recientes&hellip;\n","protected":false},"author":2,"featured_media":142417,"comment_status":"","ping_status":"","sticky":false,"template":"","format":"standard","meta":{"footnotes":""},"categories":[5],"tags":[17,18,25,24,13,14,11,19,20,9,10,15,16,23,12,21,22],"class_list":{"0":"post-142416","1":"post","2":"type-post","3":"status-publish","4":"format-standard","5":"has-post-thumbnail","7":"category-titulares","8":"tag-breaking-news","9":"tag-breakingnews","10":"tag-es","11":"tag-espana","12":"tag-featured-news","13":"tag-featurednews","14":"tag-headlines","15":"tag-latest-news","16":"tag-latestnews","17":"tag-news","18":"tag-noticias","19":"tag-noticias-destacadas","20":"tag-noticiasdestacadas","21":"tag-spain","22":"tag-titulares","23":"tag-ultimas-noticias","24":"tag-ultimasnoticias"},"share_on_mastodon":{"url":"","error":""},"_links":{"self":[{"href":"https:\/\/www.europesays.com\/es\/wp-json\/wp\/v2\/posts\/142416","targetHints":{"allow":["GET"]}}],"collection":[{"href":"https:\/\/www.europesays.com\/es\/wp-json\/wp\/v2\/posts"}],"about":[{"href":"https:\/\/www.europesays.com\/es\/wp-json\/wp\/v2\/types\/post"}],"author":[{"embeddable":true,"href":"https:\/\/www.europesays.com\/es\/wp-json\/wp\/v2\/users\/2"}],"replies":[{"embeddable":true,"href":"https:\/\/www.europesays.com\/es\/wp-json\/wp\/v2\/comments?post=142416"}],"version-history":[{"count":0,"href":"https:\/\/www.europesays.com\/es\/wp-json\/wp\/v2\/posts\/142416\/revisions"}],"wp:featuredmedia":[{"embeddable":true,"href":"https:\/\/www.europesays.com\/es\/wp-json\/wp\/v2\/media\/142417"}],"wp:attachment":[{"href":"https:\/\/www.europesays.com\/es\/wp-json\/wp\/v2\/media?parent=142416"}],"wp:term":[{"taxonomy":"category","embeddable":true,"href":"https:\/\/www.europesays.com\/es\/wp-json\/wp\/v2\/categories?post=142416"},{"taxonomy":"post_tag","embeddable":true,"href":"https:\/\/www.europesays.com\/es\/wp-json\/wp\/v2\/tags?post=142416"}],"curies":[{"name":"wp","href":"https:\/\/api.w.org\/{rel}","templated":true}]}}