{"id":142418,"date":"2025-09-27T14:41:26","date_gmt":"2025-09-27T14:41:26","guid":{"rendered":"https:\/\/www.europesays.com\/es\/142418\/"},"modified":"2025-09-27T14:41:26","modified_gmt":"2025-09-27T14:41:26","slug":"el-caserio-quiere-prolongar-la-fiesta","status":"publish","type":"post","link":"https:\/\/www.europesays.com\/es\/142418\/","title":{"rendered":"El Caser\u00edo quiere prolongar la fiesta"},"content":{"rendered":"<p>El Balonmano Caser\u00edo retorna al Quijote Arena con el \u00e1nimo de vivir otra fiesta. Tras el ag\u00f3nico triunfo en el derbi regional frente al Cuenca, los de Santi Urdiales buscan su segunda victoria en tres jornadas frente al Puente Genil (s\u00e1bado, 17.30 horas. Arbitraje de S\u00e1nchez Bordetas y Mill\u00e1n Cazorla), a priori, un rival directo por la permanencia, y en el que milita el portero ciudadreale\u00f1o \u00c1lvaro de Hita, el m\u00e1s longevo de la competici\u00f3n y que a sus 48 a\u00f1os disputa su duod\u00e9cima campa\u00f1a con el conjunto cordob\u00e9s.<br \/>Repite en casa el Caser\u00edo y la afici\u00f3n est\u00e1 deseando celebrar otro buen resultado. El conjunto ciudadreale\u00f1o es el que m\u00e1s p\u00fablico ha llevado en las dos primeras jornadas de competici\u00f3n y se aferra a su afici\u00f3n para conseguir el objetivo de la permanencia.<br \/>A priori, Carlos Oca\u00f1a y Kostas Kotanidis ser\u00e1n las \u00fanicas bajas del equipo manchego. El portero griego sufri\u00f3 una rotura muscular en un entrenamiento de la pasada semana y estar\u00e1 cerca de un mes de baja. Salvo sorpresa de \u00faltima hora, todos los dem\u00e1s jugadores estar\u00e1n disponibles para Santi Urdiales, que deber\u00e1 efectuar, por lo tanto, varios descartes.<\/p>\n<p>Enfrente estar\u00e1 un Puente Genil que ha perdido sus dos primeros encuentros en un inicio de Liga realmente exigente, visitando la pista del Granollers y recibiendo al Bidasoa. Los cordobeses comparten objetivo con el Caser\u00edo en el sentido de que tambi\u00e9n buscan la permanencia, de ah\u00ed la importancia de los puntos que se ponen en juego en el Quijote Arena este s\u00e1bado.<\/p>\n<p>Santi Urdiales, t\u00e9cnico del Caser\u00edo, asegura que haber puntuado \u00abes ya un lastre que nos hemos quitado\u00bb, pero insisti\u00f3 en que \u00abnuestras opciones de salvaci\u00f3n pasan m\u00e1s por seguir mejorando y creciendo, y m\u00e1s a\u00fan en los partidos de casa. Se est\u00e1n viendo cosas buenas, como esa capacidad de no rendirse, ese esp\u00edritu, pero lo que nos dar\u00e1 puntos es mejorar cosas que no estamos haciendo bien porque no siempre vamos a ganar partidos que vayan a cara o cruz o vamos a poder remontar de forma \u00e9pica\u00bb.<br \/>Sobre el rival, advirti\u00f3 que Puente Genil \u00abes un equipazo. Tiene cero puntos, pero posee jugadores con mucha experiencia en Asobal. A lo mejor as\u00ed vienen extramotivados, mientras que nosotros, por el hecho de haber ganado el s\u00e1bado, no se puede traducir en que bajemos la intensidad\u00bb.<\/p>\n<p>Se espera una gran entrada de nuevo en el Quijote Arena y es que el Caser\u00edo ha sido el equipo que m\u00e1s aficionados ha llevado a los pabellones en estas dos primeras jornadas de competici\u00f3n.<\/p>\n<p>El Puente Genil llega con la principal novedad del debut del lateral internacional caboverdiano Leandro Semedo, cuyo tr\u00e1nsfer internacional ha sido tramitado a tiempo para que pueda estrenarse con la camiseta del club.<br \/>Para el choque ser\u00e1 baja confirmada por lesi\u00f3n Domingo Luis Mosquera, mientras que se mantiene la duda del joven primera l\u00ednea egipcio Youssef Ahmed Laoloua por no haberse resuelto a\u00fan sus tr\u00e1mites burocr\u00e1ticos, as\u00ed como por su lesi\u00f3n en el hombro.<\/p>\n","protected":false},"excerpt":{"rendered":"El Balonmano Caser\u00edo retorna al Quijote Arena con el \u00e1nimo de vivir otra fiesta. Tras el ag\u00f3nico triunfo&hellip;\n","protected":false},"author":2,"featured_media":142419,"comment_status":"","ping_status":"","sticky":false,"template":"","format":"standard","meta":{"footnotes":""},"categories":[278],"tags":[376,1944,1942,168,25,24,375,23687,1675,4092,23,167],"class_list":{"0":"post-142418","1":"post","2":"type-post","3":"status-publish","4":"format-standard","5":"has-post-thumbnail","7":"category-balonmano","8":"tag-balonmano","9":"tag-balonmano-caserio","10":"tag-cuenca","11":"tag-deportes","12":"tag-es","13":"tag-espana","14":"tag-handball","15":"tag-hita","16":"tag-liga-asobal","17":"tag-quijote-arena","18":"tag-spain","19":"tag-sports"},"share_on_mastodon":{"url":"","error":""},"_links":{"self":[{"href":"https:\/\/www.europesays.com\/es\/wp-json\/wp\/v2\/posts\/142418","targetHints":{"allow":["GET"]}}],"collection":[{"href":"https:\/\/www.europesays.com\/es\/wp-json\/wp\/v2\/posts"}],"about":[{"href":"https:\/\/www.europesays.com\/es\/wp-json\/wp\/v2\/types\/post"}],"author":[{"embeddable":true,"href":"https:\/\/www.europesays.com\/es\/wp-json\/wp\/v2\/users\/2"}],"replies":[{"embeddable":true,"href":"https:\/\/www.europesays.com\/es\/wp-json\/wp\/v2\/comments?post=142418"}],"version-history":[{"count":0,"href":"https:\/\/www.europesays.com\/es\/wp-json\/wp\/v2\/posts\/142418\/revisions"}],"wp:featuredmedia":[{"embeddable":true,"href":"https:\/\/www.europesays.com\/es\/wp-json\/wp\/v2\/media\/142419"}],"wp:attachment":[{"href":"https:\/\/www.europesays.com\/es\/wp-json\/wp\/v2\/media?parent=142418"}],"wp:term":[{"taxonomy":"category","embeddable":true,"href":"https:\/\/www.europesays.com\/es\/wp-json\/wp\/v2\/categories?post=142418"},{"taxonomy":"post_tag","embeddable":true,"href":"https:\/\/www.europesays.com\/es\/wp-json\/wp\/v2\/tags?post=142418"}],"curies":[{"name":"wp","href":"https:\/\/api.w.org\/{rel}","templated":true}]}}