{"id":142426,"date":"2025-09-27T14:47:08","date_gmt":"2025-09-27T14:47:08","guid":{"rendered":"https:\/\/www.europesays.com\/es\/142426\/"},"modified":"2025-09-27T14:47:08","modified_gmt":"2025-09-27T14:47:08","slug":"la-forma-en-que-se-tratan-no-es-buena","status":"publish","type":"post","link":"https:\/\/www.europesays.com\/es\/142426\/","title":{"rendered":"La forma en que se tratan no es buena"},"content":{"rendered":"<p data-journey-content=\"true\" data-node-id=\"3\" class=\"css-6wxqfj emevuu60\">El 1 de febrero de 2024, el equipo Ferrari hac\u00eda oficial el fichaje de Lewis Hamilton de cara a la temporada 2025, en la que no contar\u00edan con Carlos Sainz. De primeras, las sensaciones del brit\u00e1nico a los mandos del SF-25 no estaban siendo malas, al contrario, porque en el GP de China, la 2\u00ba carrera de la temporada, el \u201844\u2019 ya consigui\u00f3 su primera pole y victoria al Sprint vestido de rojo, algo que no ha logrado mantener con el paso de los Grandes Premios. <\/p>\n<p>La relaci\u00f3n entre Lewis Hamilton y Ferrari F1<\/p>\n<p data-journey-content=\"true\" data-node-id=\"7\" class=\"css-6wxqfj emevuu60\">Desde el fin de semana en Arabia Saud\u00ed, el heptacampe\u00f3n comenz\u00f3 a difundir mensajes de pesimismo,<strong data-node-id=\"7.1\"> asegurando que no se encontraba c\u00f3modo a los mandos del monoplaza o incluso el de \u201csoy un in\u00fatil\u201d,<\/strong> durante el GP de Hungr\u00eda donde Charles Leclerc logr\u00f3 la pole en clasificaci\u00f3n. Estas palabras hicieron que miembros de la Scuderia, como el propio Fr\u00e9d\u00e9ric Vasseur, salieran a decir que esa actitud <a href=\"https:\/\/www.caranddriver.com\/es\/formula-1\/a65816407\/frederic-vasseur-se-impacienta-lewis-hamilton-ferrari-f1-su-mensaje-empeora-cosas\/\" target=\"_blank\" data-vars-ga-outbound-link=\"https:\/\/www.caranddriver.com\/es\/formula-1\/a65816407\/frederic-vasseur-se-impacienta-lewis-hamilton-ferrari-f1-su-mensaje-empeora-cosas\/\" data-vars-ga-ux-element=\"Hyperlink\" data-vars-ga-call-to-action=\"no estaba beneficiando al ambiente del equipo. \" data-node-id=\"7.3\" class=\"body-link css-168zq96 emevuu60\" rel=\"nofollow noopener\">no estaba beneficiando al ambiente del equipo. <\/a><\/p>\n<p data-journey-content=\"true\" data-node-id=\"9\" class=\"css-6wxqfj emevuu60\">Por ello, tras el par\u00f3n de verano, Lewis Hamilton trat\u00f3 de recuperar las buenas sensaciones de anta\u00f1o, algo que ha logrado (en parte) conseguir durante el GP de los Pa\u00edses Bajos o de Italia. Sin embargo,<strong data-node-id=\"9.1\"> este cruce de declaraciones hace que algunos integrantes de la parrilla <a href=\"https:\/\/www.caranddriver.com\/es\/formula-1\/a68036982\/vasseur-explica-hamilton-salto-ordenes-equipo-leclerc-ferrari\/\" target=\"_blank\" data-vars-ga-outbound-link=\"https:\/\/www.caranddriver.com\/es\/formula-1\/a68036982\/vasseur-explica-hamilton-salto-ordenes-equipo-leclerc-ferrari\/\" data-vars-ga-ux-element=\"Hyperlink\" data-vars-ga-call-to-action=\"pongan en duda la relaci\u00f3n entre la Scuderia y el piloto\" data-node-id=\"9.1.1\" class=\"body-link css-168zq96 emevuu60\" rel=\"nofollow noopener\">pongan en duda la relaci\u00f3n entre la Scuderia y el piloto<\/a><\/strong>, como el propio Ralf Schumacher, quien ha asegurado que, en caso de seguir manteniendo este tipo de palabras, deber\u00edan separar sus caminos a final de temporada.<\/p>\n<p><img draggable=\"true\" alt=\"lewis hamilton, fr\u00e9d\u00e9ric vasseur y charles leclerc en ferrari f1\" title=\"Lewis Hamilton, Fr\u00e9d\u00e9ric Vasseur y Charles Leclerc en Ferrari F1\" loading=\"lazy\" width=\"4818\" height=\"3212\" decoding=\"async\" data-nimg=\"1\" style=\"color:transparent;width:100%;height:auto;\"   src=\"https:\/\/www.europesays.com\/es\/wp-content\/uploads\/2025\/09\/gettyimages-2233823599-68d6b070e884d.jpg\" class=\"css-0 e1g79fud0\"\/><a target=\"_blank\" rel=\"noopener nofollow\" data-theme-key=\"base-link\" href=\"https:\/\/pinterest.com\/pin\/create\/button\/?url=https:\/\/www.caranddriver.com\/es\/formula-1\/a68077610\/ralf-schumacher-relacion-lewis-hamilton-ferrari-f1-forma-tratan-no-buena\/&amp;description=&amp;media=https:\/\/hips.hearstapps.com\/hmg-prod\/images\/gettyimages-2233823599-68d6b070e884d.jpg?resize=1600:*\" class=\"pinterest css-on9hn5 e1c1bym14\"><img decoding=\"async\" data-dynamic-svg=\"true\" src=\"https:\/\/www.caranddriver.com\/_assets\/design-tokens\/fre\/static\/icons\/social\/pinterest.e8cf655.svg?primary=%2523ffffff\" loading=\"lazy\" data-testid=\"dynamic-svg-base\" height=\"auto\" width=\"auto\" alt=\"pinterest\" class=\"css-4lml0h e1mlxuuw1\"\/><\/a><\/p>\n<p>Marco Canoniero<\/p>\n<p data-journey-content=\"true\" data-node-id=\"14\" class=\"css-6wxqfj emevuu60\">\u201c<strong data-node-id=\"14.1\">La forma en que se tratan no es buena. Adem\u00e1s, est\u00e1 la cr\u00edtica de Lewis al equipo. Soy esc\u00e9ptico con la combinaci\u00f3n<\/strong>\u201d, dec\u00eda el expiloto de F1.<\/p>\n<p data-journey-content=\"true\" data-node-id=\"16\" class=\"css-6wxqfj emevuu60\">\u201c<strong data-node-id=\"16.1\">Ferrari tiene que trabajar internamente y c\u00f3mo se tratan entre s\u00ed, de lo contrario, se desintegrar\u00e1 por dentro<\/strong>\u201d, prosigui\u00f3.<\/p>\n<p data-journey-content=\"true\" data-node-id=\"18\" class=\"css-6wxqfj emevuu60\">\u201c<strong data-node-id=\"18.1\">Si Lewis ya no conf\u00eda en el equipo, y viceversa, ser\u00eda una l\u00e1stima. Porque si la desconfianza crece,<\/strong> es mejor dejarla ir y tomar caminos separados al final del a\u00f1o\u201d, concluy\u00f3 Ralf Schumacher.<\/p>\n<p data-journey-content=\"true\" data-node-id=\"20\" class=\"css-6wxqfj emevuu60\">Es as\u00ed como el expiloto de F1 ha querido analizar la relaci\u00f3n entre <a href=\"https:\/\/www.caranddriver.com\/es\/formula-1\/pilotos\/a3526\/lewis-hamilton\/\" target=\"_blank\" data-vars-ga-outbound-link=\"https:\/\/www.caranddriver.com\/es\/formula-1\/pilotos\/a3526\/lewis-hamilton\/\" data-vars-ga-ux-element=\"Hyperlink\" data-vars-ga-call-to-action=\"Lewis Hamilton\" data-node-id=\"20.1\" class=\"body-link css-168zq96 emevuu60\" rel=\"nofollow noopener\">Lewis Hamilton<\/a> y Ferrari con el paso de las carreras en este 2025. <\/p>\n<p>Contenidos relacionados<\/p>\n","protected":false},"excerpt":{"rendered":"El 1 de febrero de 2024, el equipo Ferrari hac\u00eda oficial el fichaje de Lewis Hamilton de cara&hellip;\n","protected":false},"author":2,"featured_media":142427,"comment_status":"","ping_status":"","sticky":false,"template":"","format":"standard","meta":{"footnotes":""},"categories":[270],"tags":[168,253,25,24,306,271,272,23,167],"class_list":{"0":"post-142426","1":"post","2":"type-post","3":"status-publish","4":"format-standard","5":"has-post-thumbnail","7":"category-formula-1","8":"tag-deportes","9":"tag-discover","10":"tag-es","11":"tag-espana","12":"tag-f1","13":"tag-formula-1","14":"tag-formula1","15":"tag-spain","16":"tag-sports"},"share_on_mastodon":{"url":"","error":""},"_links":{"self":[{"href":"https:\/\/www.europesays.com\/es\/wp-json\/wp\/v2\/posts\/142426","targetHints":{"allow":["GET"]}}],"collection":[{"href":"https:\/\/www.europesays.com\/es\/wp-json\/wp\/v2\/posts"}],"about":[{"href":"https:\/\/www.europesays.com\/es\/wp-json\/wp\/v2\/types\/post"}],"author":[{"embeddable":true,"href":"https:\/\/www.europesays.com\/es\/wp-json\/wp\/v2\/users\/2"}],"replies":[{"embeddable":true,"href":"https:\/\/www.europesays.com\/es\/wp-json\/wp\/v2\/comments?post=142426"}],"version-history":[{"count":0,"href":"https:\/\/www.europesays.com\/es\/wp-json\/wp\/v2\/posts\/142426\/revisions"}],"wp:featuredmedia":[{"embeddable":true,"href":"https:\/\/www.europesays.com\/es\/wp-json\/wp\/v2\/media\/142427"}],"wp:attachment":[{"href":"https:\/\/www.europesays.com\/es\/wp-json\/wp\/v2\/media?parent=142426"}],"wp:term":[{"taxonomy":"category","embeddable":true,"href":"https:\/\/www.europesays.com\/es\/wp-json\/wp\/v2\/categories?post=142426"},{"taxonomy":"post_tag","embeddable":true,"href":"https:\/\/www.europesays.com\/es\/wp-json\/wp\/v2\/tags?post=142426"}],"curies":[{"name":"wp","href":"https:\/\/api.w.org\/{rel}","templated":true}]}}