{"id":142434,"date":"2025-09-27T14:51:25","date_gmt":"2025-09-27T14:51:25","guid":{"rendered":"https:\/\/www.europesays.com\/es\/142434\/"},"modified":"2025-09-27T14:51:25","modified_gmt":"2025-09-27T14:51:25","slug":"los-ganadores-del-premio-de-arquitectura-felix-hernandez-reciben-su-galardon","status":"publish","type":"post","link":"https:\/\/www.europesays.com\/es\/142434\/","title":{"rendered":"Los ganadores del premio de arquitectura F\u00e9lix Hern\u00e1ndez reciben su galard\u00f3n"},"content":{"rendered":"<p class=\"article-text\">\n        El Colegio Oficial de Arquitectos de C\u00f3rdoba ha entregado este jueves el XVIII Premio de Arquitectura F\u00e9lix Hern\u00e1ndez al \u2018Acceso Occidental al Jard\u00edn-Huerto de Orive\u2019, de los arquitectos Rafael Luis Garc\u00eda Castej\u00f3n y Mar\u00eda Mu\u00f1oz Romero, y al \u2018Pabell\u00f3n Ferrob\u00fas\u2019 de Palma del R\u00edo, proyectado por los arquitectos Juan Jos\u00e9 Baena Mart\u00ednez, Marta G\u00f3mez Mart\u00ednez y Joanna Ewa Jedrus Cabrera.\n    <\/p>\n<p class=\"article-text\">\n        Este galard\u00f3n reconoce desde 1982 la arquitectura de excelencia realizada en C\u00f3rdoba, en cumplimiento de los estatutos del COACo, que tambi\u00e9n persiguen la divulgaci\u00f3n de los valores culturales y sociales de la arquitectura. Un total de 14 proyectos han concurrido a este premio que ser\u00e1 entregado en una gala que se celebrar\u00e1 el 25 de septiembre.\n    <\/p>\n<p>    \u2018Intervenci\u00f3n en espacio p\u00fablico\u2019<\/p>\n<p class=\"article-text\">\n        El proyecto para la conexi\u00f3n occidental del Jard\u00edn Huerto de Orive con la calle Capitulares obtiene el premio en la categor\u00eda de \u2018Intervenci\u00f3n en espacio p\u00fablico\u2019. La actuaci\u00f3n que afecta a unos 940 metros cuadrados y fue inaugurada en junio de 2023, cre\u00f3 un nuevo itinerario accesible, se\u00f1alizado e iluminado, como parte de las fases que progresivamente se han desarrollado en esta manzana de la ciudad de C\u00f3rdoba desde 2004 y que incluy\u00f3 la apertura al p\u00fablico del jard\u00edn o la reforma de la sala capitular de Orive. De esta fase, el jurado valora la \u201carquitectura del silencio\u201d que reconoce las huellas de lo existente para ponerlas en valor en ir generando secuencias de emoci\u00f3n en el recorrido. El proyecto de los arquitectos Rafael Luis Garc\u00eda Castej\u00f3n y Mar\u00eda Mu\u00f1oz Romero destac\u00f3 por su valor como \u201cproceso urbano que ha permitido \u2013de la mano de la administraci\u00f3n\u2013 recuperar para la ciudad un espacio fundamental de manera equilibrada, serena y respetuosa con el entorno\u201d, seg\u00fan el jurado, quien tambi\u00e9n anim\u00f3 al Ayuntamiento de C\u00f3rdoba a proponer otra ubicaci\u00f3n para las \u201cinoportunas instalaciones de Sadeco en la calle Capitulares\u201d. La intervenci\u00f3n ahora premiada conllev\u00f3 igualmente la plantaci\u00f3n de 20 \u00e1rboles en el recorrido, vegetaci\u00f3n tapizante como refugio paisaj\u00edstico y bioclim\u00e1tico, la restauraci\u00f3n de la portada ornamental renacentista asentada sobre el borde de la alberca de almunia omeya hallada en el proceso de la obra y la restauraci\u00f3n de los arcos ojivales en el paso bajo el edificio neog\u00f3tico del convento.\n    <\/p>\n<p>            <img decoding=\"async\" class=\"lazy\" loading=\"lazy\" data-src=\"https:\/\/static.eldiario.es\/clip\/53e8f848-79b5-4d7f-8835-ae4a92da7087_16-9-discover-aspect-ratio_default_0_x2662y1831.jpg\" src=\"data:image\/svg+xml,%3Csvg xmlns=\" http:=\"\" viewbox=\"0 0 1200 675\" alt=\"Foto de familia a las puertas del Colegio de Arquitectos.\"\/><\/p>\n<p>    Obras de reforma o rehabilitaci\u00f3n<\/p>\n<p class=\"article-text\">\n        La reforma del pabell\u00f3n deportivo CEIP Ferrob\u00fas (Palma del R\u00edo) supuso la creaci\u00f3n de un espacio deportivo comunitario vers\u00e1til y sostenible, punto de encuentro inclusivo para promover la participaci\u00f3n y el sentido de pertenencia de los vecinos hacia el barrio del V Centenario, donde se ubica. La transformaci\u00f3n favorece el uso por asociaciones y organizaciones fuera del horario lectivo y el flexible programa arquitect\u00f3nico permite albergar diversas actividades deportivas. No se trata de una mera rehabilitaci\u00f3n funcional, sino de transformar espacial, urbana y socialmente este equipamiento y convertirlo en una infraestructura abierta al servicio de la colectividad. En t\u00e9rminos de sostenibilidad, la optimizaci\u00f3n de la estructura met\u00e1lica y la aplicaci\u00f3n de una envolvente que combina cer\u00e1mica esmaltada, policarbonato y chapa grecada contribuye a reducir la huella ambiental del edificio. Precisamente, la envolvente colabora en la eficiencia t\u00e9rmica y ac\u00fastica al tiempo que prioriza la entrada de luz natural y ventilaci\u00f3n y otorga una nueva identidad al espacio. El interior, con dise\u00f1o crom\u00e1tico art\u00edstico, busca crear un entorno atractivo y estimulante para los usuarios. El jurado ha valorado el trabajo de los arquitectos Juan Jos\u00e9 Baena Mart\u00ednez, Marta G\u00f3mez Mart\u00ednez y Joanna Ewa Jedrus Cabrera por asimilar \u201ccon naturalidad la preexistencia del solar, resolviendo con sencillez y pulcritud, en un mismo gesto, la imagen urbana y el programa funcional\u201d. El jurado destac\u00f3 la \u201calt\u00edsima eficacia en t\u00e9rminos \u00e9ticos, de sostenibilidad y funcionamiento del edificio, con un excelente comportamiento bioclim\u00e1tico, a partir de dotar a la estructura de una envolvente industrializada y precisa\u201d.\n    <\/p>\n<p class=\"article-text\">\n        En la misma categor\u00eda, el jurado decidi\u00f3 destacar con una <strong>menci\u00f3n especial<\/strong> la restauraci\u00f3n del <strong>Castillo de Luque<\/strong>, proyecto de los arquitectos Juan Jim\u00e9nez Povedano y Manuel Rold\u00e1n Fern\u00e1ndez, y promovido por el Ayuntamiento de Luque, por \u201cpreservar las estructuras originales, recuperar la memoria colectiva de la comunidad e incorporar una lectura contempor\u00e1nea en espacios y texturas\u201d.\n    <\/p>\n<p class=\"article-text\">\n        El jurado determin\u00f3 dejar desierto el premio en su categor\u00eda de <strong>Obra de Edificaci\u00f3n de Nueva Planta<\/strong>.\n    <\/p>\n<p>    Divulgaci\u00f3n de la arquitectura de excelencia<\/p>\n<p class=\"article-text\">\n         El decano del Colegio Oficial de Arquitectos de C\u00f3rdoba, Juan Eusebio Benito, considera que la convocatoria de este premio de car\u00e1cter bienal permite a la ciudadan\u00eda identificar algunos de los principales ejemplos de arquitectura de excelencia que se realizan en la provincia de C\u00f3rdoba. Con ello, se da cumplimiento a los objetivos del COACo, entre los que se encuentran la divulgaci\u00f3n de los valores de la arquitectura. Adem\u00e1s, este galard\u00f3n supone un est\u00edmulo para los profesionales y un ejercicio que permite compartir los proyectos desarrollados en la sociedad. El jurado de la XVIII edici\u00f3n ha estado compuesto por el director de la Escuela T\u00e9cnica Superior de Arquitectura de Sevilla, Ram\u00f3n Pico Valima\u00f1a; el de la Escuela T\u00e9cnica Superior de Arquitectura de M\u00e1laga, Carlos Rosa Jim\u00e9nez; el Subdirector de Extensi\u00f3n, Proyecci\u00f3n Social y Emprendimiento de la Escuela T\u00e9cnica Superior de Arquitectura de Granada, Tom\u00e1s Garc\u00eda Piriz; el arquitecto Jorge Ben\u00edtez Castro, designado por la Junta de Gobierno del COACo; y el decano del COACo, Juan Eusebio Benito P\u00e9rez, actuando como secretario del jurado V\u00edctor Manuel D\u00edaz Huerta, secretario de la Junta de Gobierno del COACo.\n    <\/p>\n","protected":false},"excerpt":{"rendered":"El Colegio Oficial de Arquitectos de C\u00f3rdoba ha entregado este jueves el XVIII Premio de Arquitectura F\u00e9lix Hern\u00e1ndez&hellip;\n","protected":false},"author":2,"featured_media":142435,"comment_status":"","ping_status":"","sticky":false,"template":"","format":"standard","meta":{"footnotes":""},"categories":[173],"tags":[801,229,233,231,230,232,234,146,147,25,24,27390,27082,6611,4504,843,16281,23],"class_list":{"0":"post-142434","1":"post","2":"type-post","3":"status-publish","4":"format-standard","5":"has-post-thumbnail","7":"category-arte-y-diseno","8":"tag-arquitectura","9":"tag-arte","10":"tag-arte-y-diseno","11":"tag-arts","12":"tag-arts-and-design","13":"tag-design","14":"tag-diseno","15":"tag-entertainment","16":"tag-entretenimiento","17":"tag-es","18":"tag-espana","19":"tag-felix","20":"tag-galardon","21":"tag-ganadores","22":"tag-hernandez","23":"tag-premio","24":"tag-reciben","25":"tag-spain"},"share_on_mastodon":{"url":"","error":""},"_links":{"self":[{"href":"https:\/\/www.europesays.com\/es\/wp-json\/wp\/v2\/posts\/142434","targetHints":{"allow":["GET"]}}],"collection":[{"href":"https:\/\/www.europesays.com\/es\/wp-json\/wp\/v2\/posts"}],"about":[{"href":"https:\/\/www.europesays.com\/es\/wp-json\/wp\/v2\/types\/post"}],"author":[{"embeddable":true,"href":"https:\/\/www.europesays.com\/es\/wp-json\/wp\/v2\/users\/2"}],"replies":[{"embeddable":true,"href":"https:\/\/www.europesays.com\/es\/wp-json\/wp\/v2\/comments?post=142434"}],"version-history":[{"count":0,"href":"https:\/\/www.europesays.com\/es\/wp-json\/wp\/v2\/posts\/142434\/revisions"}],"wp:featuredmedia":[{"embeddable":true,"href":"https:\/\/www.europesays.com\/es\/wp-json\/wp\/v2\/media\/142435"}],"wp:attachment":[{"href":"https:\/\/www.europesays.com\/es\/wp-json\/wp\/v2\/media?parent=142434"}],"wp:term":[{"taxonomy":"category","embeddable":true,"href":"https:\/\/www.europesays.com\/es\/wp-json\/wp\/v2\/categories?post=142434"},{"taxonomy":"post_tag","embeddable":true,"href":"https:\/\/www.europesays.com\/es\/wp-json\/wp\/v2\/tags?post=142434"}],"curies":[{"name":"wp","href":"https:\/\/api.w.org\/{rel}","templated":true}]}}