{"id":142438,"date":"2025-09-27T14:53:17","date_gmt":"2025-09-27T14:53:17","guid":{"rendered":"https:\/\/www.europesays.com\/es\/142438\/"},"modified":"2025-09-27T14:53:17","modified_gmt":"2025-09-27T14:53:17","slug":"supremme-de-luxe","status":"publish","type":"post","link":"https:\/\/www.europesays.com\/es\/142438\/","title":{"rendered":"Supremme de Luxe:"},"content":{"rendered":"<p>Una edici\u00f3n m\u00e1s, y ya van cinco, Supremme de Luxe se pone al frente de Drag Race como presentadora. <b>El formato de Atresmedia se estrena en Atresplayer el domingo 28 de septiembre a las 20:00 horas<\/b> y promete muchas sorpresas y emoci\u00f3n. Son 12 las reinas que luchar\u00e1n como nunca para llevarse la victoria. Y <b>para juzgarlas est\u00e1n nuevamente los Javis y Ana Locking<\/b>, a los que se suma un cuarto jurado que va rotando y que empieza con Amaia Romero. De todo ello nos habla Supremme, que adem\u00e1s repasa c\u00f3mo ha ido su carrera, todo lo que le ha aportado el programa y, por supuesto, temas como<b> los derechos LGTBI y la importancia de protegerlos en un momento de regresi\u00f3n<\/b> como el que vivimos.<\/p>\n<p><b>\u00bfQu\u00e9 nos espera en la quinta temporada de Drag Race?<\/b><\/p>\n<p>Es una temporada de sorpresas en la que el coraz\u00f3n est\u00e1 muy presente. Esto no es una met\u00e1fora, sino que es verdad. Lo descubrir\u00e9is en el primer programa. El coraz\u00f3n est\u00e1 muy presente y el coraz\u00f3n hace cambiar las din\u00e1micas habituales del programa. Es una temporada con mucho giro.\u00a0<\/p>\n<p><b>El premio final se eleva de 30.000 a 50.000 euros. \u00bfEs una edici\u00f3n m\u00e1s complicada?<\/b><\/p>\n<p>Bueno, es que es complicada siempre. Para las concursantes es un concurso duro. No es m\u00e1s complicada, pero s\u00ed tienen que tomar m\u00e1s decisiones de las habituales. Vamos a decirlo as\u00ed. Cuando suceden cosas inesperadas, puede que aumente la dificultad quiz\u00e1 por eso. En ese aspecto s\u00ed puede ser una temporada m\u00e1s dif\u00edcil.<\/p>\n<p><b>Tenemos 12 nuevas reinas. \u00bfAlgo que nos puedas contar de alguna de ellas que te ha llamado la atenci\u00f3n?\u00a0<\/b><\/p>\n<p>Te hablo en general. Para m\u00ed es un orgullo ver que sigue habiendo mucho talento en Espa\u00f1a, en el drag, y\u00a0que todav\u00eda nos puede seguir sorprendiendo lo que tienen para mostrarnos. Son muy diferentes entre s\u00ed, son muy variadas.\u00a0Y ese es uno de los puntos fuertes que creo que hay en Drag Race Espa\u00f1a.\u00a0<\/p>\n<p><b>Si t\u00fa fueras concursante, \u00bfqu\u00e9 ser\u00eda lo m\u00e1s complicado para ti?<\/b><\/p>\n<p>Pues pruebas que no me interesar\u00edan mucho. En general. No te dir\u00eda alguna concreta. A m\u00ed enfrentarme a cosas que no me apetece mucho hacer me cuesta.<\/p>\n<p><b>En el jurado tenemos a los Javis, tenemos a Ana Locking. \u00bfC\u00f3mo es trabajar con ellos?<\/b><\/p>\n<p>Tenemos que pasar por ah\u00ed para que eso salga adelante. Y en ese sentido, los cuatro tenemos esa misma manera de ver el programa. Dejamos que nos pasen cosas y nos sostenemos a la vez.\u00a0Estamos ah\u00ed cuid\u00e1ndonos los unos a los otros. La verdad es que es un muy buen equipo.<\/p>\n<p><img decoding=\"async\" loading=\"lazy\" src=\"https:\/\/img2.huffingtonpost.es\/files\/image_1200_800\/uploads\/2025\/09\/26\/los-javis-ana-locking-y-supremme-de-luxe-jurado-y-presentadora-de-drag-race.jpeg\" width=\"1200\" height=\"800\"  data-full-src=\"https:\/\/www.europesays.com\/es\/wp-content\/uploads\/2025\/09\/los-javis-ana-locking-y-supremme-de-luxe-jurado-y-presentadora-de-drag-race.jpeg\" \/><\/p>\n<p>        Los Javis, Ana Locking y Supremme de Luxe, jurado y presentadora de &#8216;Drag Race&#8217;.Atresmedia<\/p>\n<p><b>Dices que es importante que pasen cosas. \u00bfRecuerdas alguna an\u00e9cdota que te haya pasado en el programa a lo largo de estos a\u00f1os?\u00a0<\/b><\/p>\n<p>Por ejemplo darme cuenta que yo no ten\u00eda pensado que me iba a costar tanto echar a la gente hasta que me toc\u00f3 echar a The Macarena el primer d\u00eda. Y ah\u00ed ya vi que eso no iba a ir bien. Y tampoco va mejorando la cosa. Lo recuerdo porque fue como decir &#8216;\u00bfen serio me pasa eso que no puedo ni hablar?&#8217; Pues s\u00ed, pues me pasa. Ocurre y se ve. Tener que echar a gente que tiene talento no es f\u00e1cil. Pero es lo que toca.<\/p>\n<p><b>Y te sigue pasando como el primer d\u00eda, entiendo&#8230;<\/b><\/p>\n<p>S\u00ed pasa. De repente un d\u00eda que no te salga bien una prueba, o no te haya salido bien un traje o equis cosas no te invalida como artista. Pero en un concurso corres el riesgo de irte a tu casa. Esto le ocurre en una entrevista y no pasa nada. Ocurre aqu\u00ed y se va \u00a1pues qu\u00e9 putada! Es lo que tienen los concursos. Hay gente que se va y sabes que dar\u00eda m\u00e1s de s\u00ed, y no es agradable, pero lo aceptamos todos, tanto los concursantes como el jurado, que sabemos lo que tenemos que hacer. Son las reglas y aceptamos lo que nos toca.<\/p>\n<p><b>Hay un jurado invitado cada programa y la primera es Amaia Romero.\u00a0\u00bfQu\u00e9 tal se le dio lo de ejercer como tal?<\/b><\/p>\n<p>Amaia fue Amaia, que eso siempre es maravilla.\u00a0Es lo que tiene esta mujer, que es ella misma y es natural siempre. Y estaba muy feliz de estar all\u00ed y nosotros muy felices de que estuviera. Estuvo muy bien.<\/p>\n<p><b>\u00bfCuando empezasteis el programa en 2021 esperabas el \u00e9xito que ha tenido y que durase tanto?\u00a0<\/b><\/p>\n<p>No, no esperaba nada. Pero tambi\u00e9n es que como lo hicimos justo despu\u00e9s de la pandemia era todo incierto en general. En la primera edici\u00f3n todav\u00eda el equipo iba con mascarilla, nos ten\u00edamos que hacer una PCR semanal, ant\u00edgenos a diario. Luego en todas las promos, cada vez que llegaba a un sitio era un ant\u00edgeno primero antes de entrar. En realidad lo disfrut\u00e9 mucho porque el \u00fanico rato en el que me pod\u00eda quitar la mascarilla era grabando. Y adem\u00e1s ten\u00eda unos meses de trabajo solucionados.<\/p>\n<p>Despu\u00e9s de tanta incertidumbre no daba para pensar un futuro a largo plazo. Pensaba que en este momento tan chungo que estamos pasando todos, yo por lo menos lo estoy pasando un poquito mejor. Y fue como una liberaci\u00f3n mental.\u00a0Entonces realmente no pens\u00e1bamos que iba a ocurrir porque era m\u00e1s la edici\u00f3n de hacerlo y que se estrenara, pero era un momento complicado social, as\u00ed que fue muy diferente todo.\u00a0Las primeras veces tienen mucho encanto, las primeras veces de todo.\u00a0Siempre lo solemos recordar. Aparte, con todo esto a\u00f1adido, la primera la vivimos con mucha intensidad y la tenemos muy presente quiz\u00e1 por todo esto.<\/p>\n<p><img decoding=\"async\" loading=\"lazy\" src=\"https:\/\/img2.huffingtonpost.es\/files\/image_1200_800\/uploads\/2025\/09\/26\/amaia-romero-jurado-invitada-en-drag-race-junto-a-ana-locking-supremme-de-luxe-javier-ambrossi-y-javier-calvo.jpeg\" width=\"1200\" height=\"800\"  data-full-src=\"https:\/\/www.europesays.com\/es\/wp-content\/uploads\/2025\/09\/amaia-romero-jurado-invitada-en-drag-race-junto-a-ana-locking-supremme-de-luxe-javier-ambrossi-y-jav.jpeg\" \/><\/p>\n<p>        Amaia Romero, jurado invitada en &#8216;Drag Race&#8217; junto a Ana Locking, Supremme de Luxe, Javier Ambrossi y Javier Calvo.Atresmedia<\/p>\n<p><b>\u00bfPor qu\u00e9 es importante que haya programas como Drag Race?<\/b>\u00a0<\/p>\n<p>Porque presenta diferentes maneras de ver la vida y de vivir la vida. Podemos ver que hay muchas maneras de estar en el mundo y de existir. Y tambi\u00e9n hay muchas otras maneras de hacer espect\u00e1culo y de hacer arte y de mostrar. Se habla de todo. Hablamos de libertad en un sentido amplio. De poder expresarte, de poder sentir, de poder vivir y eso siempre est\u00e1 bien.<\/p>\n<p><b>\u00bfTe imaginas el programa en una televisi\u00f3n abierta?<\/b>\u00a0<\/p>\n<p>Cuando empez\u00f3 Drag Race\u00a0podr\u00eda tener algo m\u00e1s de sentido, pero es verdad que ha cambiado mucho el consumo tambi\u00e9n. Sobre todo la gente joven.\u00a0Por ejemplo, en televisi\u00f3n abierta casi ya ni se consume. Y ahora creo que tenemos ya mucho m\u00e1s asumido que cada plataforma tiene un contenido o crea contenido espec\u00edfico para la plataforma y estamos acostumbrados a abonarnos. Yo tengo como alguna fija y luego otras que voy cambiando en funci\u00f3n de lo que haya.<\/p>\n<p>Creo que ha cambiado bastante el modelo. Y tambi\u00e9n el estar en plataforma te asegura cierta tranquilidad en contenido, poder hacer lo que te d\u00e9 la gana, no estar pendiente de una audiencia diaria. Aqu\u00ed tambi\u00e9n es importante, pero\u00a0en una televisi\u00f3n abierta el dato de audiencia por programa tiene mucho peso.\u00a0<\/p>\n<p>No estar pendiente de una audiencia diaria que creo que&#8230; Bueno, aqu\u00ed imagino que sea tambi\u00e9n importante. A lo mejor si te quedas en abierto no pinchas grave, pero a lo mejor pinchas dos d\u00edas que no te ve tanta gente en el programa.\u00a0Y aqu\u00ed f\u00edjate, cinco ediciones y estamos encantados de la vida. En este momento no le viene mal la plataforma. Y creo que es verdad que el consumo ha cambiado y hay otra manera de ver.\u00a0Creo que antes todav\u00eda ten\u00eda m\u00e1s importancia el hecho de estar en abierto, pero yo creo que hoy en d\u00eda da un poco igual la cosa.<\/p>\n<p><b>Hablando de lo que ha cambiado, \u00bfSer drag ahora es m\u00e1s f\u00e1cil que cuando empezaste t\u00fa o es m\u00e1s complicado?\u00a0<\/b><\/p>\n<p>Es que yo empec\u00e9 en los noventa y en ese momento estaba la cosa bastante bien. Hab\u00eda tambi\u00e9n un\u00a0boom, aunque hay ahora m\u00e1s porque es un\u00a0fen\u00f3meno global gracias a Internet y a las redes. Pero cuando empec\u00e9 hab\u00edan estrenado Priscilla.\u00a0En la tele en Espa\u00f1a hab\u00eda drag.\u00a0Yo cuando empec\u00e9 no lo recuerdo dif\u00edcil. Imagino que la gente m\u00e1s mayor que yo lo tuvo un poco m\u00e1s complicado.\u00a0Y hoy en d\u00eda no creo que sea complicado, lo tienes todo al alcance de la mano.\u00a0Hay tutoriales, hay manera de comprarte cosas. En mi \u00e9poca quiz\u00e1s eso era m\u00e1s dif\u00edcil. No lo ten\u00edas todo tan al alcance, pero hab\u00eda recursos.<\/p>\n<p><img decoding=\"async\" loading=\"lazy\" src=\"https:\/\/img2.huffingtonpost.es\/files\/image_720\/uploads\/2025\/09\/26\/supremme-de-luxe-en-la-quinta-temporada-de-drag-race.jpeg\" width=\"720\" height=\"0\"  data-full-src=\"https:\/\/www.europesays.com\/es\/wp-content\/uploads\/2025\/09\/supremme-de-luxe-en-la-quinta-temporada-de-drag-race.jpeg\" \/><\/p>\n<p>            \u00a0<\/p>\n<p>        Supremme de Luxe en la quinta temporada de &#8216;Drag Race&#8217;.Atresmedia<\/p>\n<p><b>\u00bfQu\u00e9 es lo mejor que has vivido en tu carrera?<\/b><\/p>\n<p>No me puedo quedar con un punto. Ya antes de Drag Race siempre he tenido la sensaci\u00f3n de estar en un buen momento, como dice Nebulossa. A m\u00ed me ha pasado mucho. &#8216;\u00a1Qu\u00e9 bien este a\u00f1o!&#8217; &#8216;\u00a1Qu\u00e9 bien he estado!&#8217; He tenido mucho trabajo. Y esa sensaci\u00f3n luego me he dado cuenta que ha sido constante durante mucho tiempo.\u00a0Ahora es verdad que tengo un momento en el que Drag Race me ha colocado en una posici\u00f3n buena, privilegiada. Luego gracias al programa he podido hacer Tu cara me suena.\u00a0O puedo estar como ahora, que vuelvo al Teatro La Latina con un espect\u00e1culo que produzco yo. Tengo esa posibilidad de acceder a esos espacios o de hacer El Cabaret de los hombres perdidos, que ahora empezamos en Madrid.\u00a0<\/p>\n<p>Ahora estoy en un momento de proyectos muy apetecibles y de poder acceder a espacios que antes a lo mejor eran m\u00e1s complicados. Pero es que antes tambi\u00e9n trabajaba mucho y estaba muy feliz haciendo mi m\u00fasica, mis v\u00eddeos y viendo que siempre ten\u00eda trabajo. Digamos que Drag Race ha sido como un punto de inflexi\u00f3n, pero tampoco te dir\u00eda que es el mejor porque he tenido momentos como cuando presentaba Que trabaje Rita. Hay canciones que han funcionado muy bien, que yo no esperaba y de repente la gente las recib\u00eda muy bien.\u00a0<\/p>\n<p>Tengo que tener la sensaci\u00f3n como de siempre estar bien. Y ya cuando llevas tantos a\u00f1os pues para m\u00ed es un logro poder vivir de tu trabajo gan\u00e1ndote la vida bien. Ahora llego a m\u00e1s gente, estoy trabajando en un espacio m\u00e1s grande. Pero antes tambi\u00e9n ven\u00eda la gente a las cosas que hac\u00eda. Siempre he tenido esa sensaci\u00f3n de respuesta del p\u00fablico y de que era \u00fatil y productivo lo que estaba haciendo.<\/p>\n<p><b>\u00bfHas sufrido rechazo por ser drag? \u00bfO lo has visto en otras drags que lo han sufrido?\u00a0<\/b><\/p>\n<p>Yo la verdad que no. S\u00ed que es verdad que hay veces que he intentado presentar mi espect\u00e1culo en espacios y eran puertas que no se abr\u00edan. Pero igual era que no les interesaba la propuesta.\u00a0Es verdad que en la vida personal y en la profesional no he sentido rechazo, pero en el programa escuchamos muchas historias de gente que s\u00ed y que les acarrea problemas en la vida. Imagino que hay gente que s\u00ed. Yo en eso me considero afortunado. No he tenido grandes rechazos. Una cosa puntual, pero nada destacable.<\/p>\n<p><b>Hemos ido avanzando, pero estamos en un momento complicado a nivel mundial.\u00a0\u00bfTe preocupa que haya un retroceso de derechos LGTBI?<\/b><\/p>\n<p>Por un lado me preocupa, pero por otro tambi\u00e9n creo que todo ese sector m\u00e1s oscuro est\u00e1 empe\u00f1ado en que ese mensaje negativo cale y cale hondo. Tambi\u00e9n pienso que somos una sociedad que hemos avanzado much\u00edsimo en derechos.\u00a0Y si hemos avanzado es porque en determinado momento hemos ido de la mano y hemos convenido que eso era lo bueno y lo \u00f3ptimo para la sociedad. Quiero pensar que en el momento en el que se pudiera dar el caso, nos volver\u00edamos a dar la mano y no lo permitir\u00edamos porque hemos avanzado mucho como sociedad. S\u00ed que hay movimientos oscuros y alg\u00fan movimiento que hace mucho ruido, pero creo que al final es mucha m\u00e1s la gente que no est\u00e1 en ese lado.<\/p>\n<p><b>\u00bfQu\u00e9 derechos crees que quedan por conquistar?<\/b>\u00a0<\/p>\n<p>Muchos, principalmente que no haya que tener miedo a perder nada de lo que ya se tiene. Eso por un lado. Y por otro, que seguimos todav\u00eda con la tele, con nuestro colectivo, con todas las personas trans. Hay en sitios en los que se les quiere negar simplemente el derecho a existir, y es gente que lo \u00fanico que est\u00e1 pidiendo es existir y que le dejen tranquila. Ah\u00ed tenemos todav\u00eda mucho camino por recorrer.\u00a0Nadie deber\u00eda sentir miedo, ni deber\u00eda ser insultado, ni deber\u00eda ser acosado ni por su identidad ni por su tendencia sexual. Estamos en el a\u00f1o 2025 pero todav\u00eda hay trabajo por ah\u00ed.<\/p>\n<p><b>\u00bfQu\u00e9 puede hacer la clase pol\u00edtica todav\u00eda para mejorar la vida de las personas trans?<\/b> Primero escuchar lo que tienen que decir y empatizar. Deber\u00edan escuchar lo que est\u00e1n reclamando. Creo que muchas veces es cuesti\u00f3n de que se sienten y escuchen las necesidades reales. En este caso estamos hablando de las personas trans, pero se podr\u00eda extrapolar a cualquier parte de la poblaci\u00f3n.<\/p>\n<p>Creo que en pol\u00edtica en general falta un poco bajarse al pueblo y escuchar realmente lo que la gente pide y lo que la gente necesita. Y creo que entre todos lo que deber\u00edan es escucharse entre ellos porque est\u00e1n ah\u00ed para entenderse y para servir a los ciudadanos y para construir una sociedad mejor. As\u00ed que pasa por escuchar lo que est\u00e1 pidiendo la gente y qu\u00e9 es lo que necesitan.\u00a0De momento que les den el espacio y les den la posibilidad de explicarse y de poder hablar. Queda mucho por hacer. Se ha avanzado mucho, pero queda mucho por hacer.<\/p>\n","protected":false},"excerpt":{"rendered":"Una edici\u00f3n m\u00e1s, y ya van cinco, Supremme de Luxe se pone al frente de Drag Race como&hellip;\n","protected":false},"author":2,"featured_media":142439,"comment_status":"","ping_status":"","sticky":false,"template":"","format":"standard","meta":{"footnotes":""},"categories":[171],"tags":[151,44180,44179,146,147,25,24,23,807,214],"class_list":{"0":"post-142438","1":"post","2":"type-post","3":"status-publish","4":"format-standard","5":"has-post-thumbnail","7":"category-tv","8":"tag-atresmedia","9":"tag-derechos-lgtbi","10":"tag-drag-race","11":"tag-entertainment","12":"tag-entretenimiento","13":"tag-es","14":"tag-espana","15":"tag-spain","16":"tag-television","17":"tag-tv"},"share_on_mastodon":{"url":"","error":""},"_links":{"self":[{"href":"https:\/\/www.europesays.com\/es\/wp-json\/wp\/v2\/posts\/142438","targetHints":{"allow":["GET"]}}],"collection":[{"href":"https:\/\/www.europesays.com\/es\/wp-json\/wp\/v2\/posts"}],"about":[{"href":"https:\/\/www.europesays.com\/es\/wp-json\/wp\/v2\/types\/post"}],"author":[{"embeddable":true,"href":"https:\/\/www.europesays.com\/es\/wp-json\/wp\/v2\/users\/2"}],"replies":[{"embeddable":true,"href":"https:\/\/www.europesays.com\/es\/wp-json\/wp\/v2\/comments?post=142438"}],"version-history":[{"count":0,"href":"https:\/\/www.europesays.com\/es\/wp-json\/wp\/v2\/posts\/142438\/revisions"}],"wp:featuredmedia":[{"embeddable":true,"href":"https:\/\/www.europesays.com\/es\/wp-json\/wp\/v2\/media\/142439"}],"wp:attachment":[{"href":"https:\/\/www.europesays.com\/es\/wp-json\/wp\/v2\/media?parent=142438"}],"wp:term":[{"taxonomy":"category","embeddable":true,"href":"https:\/\/www.europesays.com\/es\/wp-json\/wp\/v2\/categories?post=142438"},{"taxonomy":"post_tag","embeddable":true,"href":"https:\/\/www.europesays.com\/es\/wp-json\/wp\/v2\/tags?post=142438"}],"curies":[{"name":"wp","href":"https:\/\/api.w.org\/{rel}","templated":true}]}}