{"id":142448,"date":"2025-09-27T15:01:08","date_gmt":"2025-09-27T15:01:08","guid":{"rendered":"https:\/\/www.europesays.com\/es\/142448\/"},"modified":"2025-09-27T15:01:08","modified_gmt":"2025-09-27T15:01:08","slug":"guerra-ucrania-rusia-en-directo-alarma-en-los-cielos-europeos-alemania-dinamarca-y-noruega-detectan-drones","status":"publish","type":"post","link":"https:\/\/www.europesays.com\/es\/142448\/","title":{"rendered":"Guerra Ucrania-Rusia, en directo | Alarma en los cielos europeos: Alemania, Dinamarca y Noruega detectan drones"},"content":{"rendered":"<p class=\"c-paragraph\">En medio de las crecientes tensiones con Mosc\u00fa a ra\u00edz de las \u00faltimas violaciones rusas del espacio a\u00e9reo de pa\u00edses de la\u00a0<a href=\"https:\/\/www.20minutos.es\/tags\/instituciones-empresas\/otan.html\" title=\"OTAN\" rel=\"nofollow noopener\" target=\"_blank\">OTAN<\/a>, Dinamarca y Noruega han informado del avistamiento de drones sobre instalaciones militares de ambos territorios, mientras que Alemania ha informado tambi\u00e9n de que se ha detectado un \u00ab<b>enjambres de drones<\/b>\u00bb sobre el estado de<b>\u00a0<\/b>Schleswig-Holstein, fronterizo con Dinamarca. Por un lado, las autoridades danesas ha\u00a0informado este s\u00e1bado de la detecci\u00f3n de <b>nuevos sobrevuelos de drones<\/b>\u00a0sobre varias bases e instalaciones militares, entre ellas la de Karup, la m\u00e1s grande del pa\u00eds. Estos drones,\u00a0que a\u00fan no han sido identificados, forman parte de lo que las fuerzas danesas han calificado como \u00abataque h\u00edbrido\u00bb, y su presencia se enmarca en <b>una serie de incidentes<\/b> que han llevado a cerrar los principales aeropuertos del pa\u00eds escandinavo a lo largo de la semana.<\/p>\n<p class=\"c-paragraph\">Noruega, por su parte, se encuentra investigando un <b>posible avistamiento de drones<\/b>, tambi\u00e9n sobre instalaciones militares. \u00abPodemos confirmar que hemos recibido informaciones de posible actividad de drones observada en la zona alrededor de la base a\u00e9rea de aviones de combate en Orland\u00bb, ha declarado este s\u00e1bado un portavoz de las Fuerzas Armadas noruegas. Seg\u00fan esta fuente, dichos avistamientos han tenido lugar este s\u00e1bado fuera del \u00e1rea de la base y sus operaciones no se han visto afectadas.<\/p>\n<p class=\"c-paragraph\">En paralelo, el ministro alem\u00e1n del Interior, Alexander Dobrindt, ha confirmado este s\u00e1bado la detecci\u00f3n de \u00ab<b>enjambres de drones<\/b> sobre Schleswig-Holstein\u00bb, un incidente que se produjo este viernes por la noche y que ha calificado de \u00abamenaza que sin duda puede clasificarse como alta\u00bb, seg\u00fan recoge el medio Frankfurter Allgemeine. Tras este suceso, Dobrindt ha anunciado su intenci\u00f3n de reestructurar las competencias de las fuerzas de seguridad del pa\u00eds para que puedan\u00a0<b>detectar, interceptar e incluso derribar drones<\/b>, una medida para la que es necesario modificar su ley de seguridad a\u00e9rea.<\/p>\n<p class=\"c-paragraph\">Precisamente, las \u00faltimas incursiones de Mosc\u00fa en el espacio a\u00e9reo de pa\u00edses de la Alianza\u00a0han acelerado los planes de la Uni\u00f3n Europea para tener cuanto antes <b>un &#8216;muro antidrones&#8217;<\/b> en el flanco oriental de sus fronteras.\u00a0Esta prioridad qued\u00f3 patente el viernes en una reuni\u00f3n de los ministros de Defensa de Bulgaria, Estonia, Finlandia, Letonia, Lituania, Polonia, Ruman\u00eda, Hungr\u00eda y Eslovaquia con el comisario europeo de Defensa, Andrius Kubilius. \u00abNecesitamos radares, sensores ac\u00fasticos y todo tipo de equipos tecnol\u00f3gicos de vigilancia\u00bb, asegur\u00f3, ya que Europa dispone de una alta capacidad para detectar aeronaves y misiles, pero no para localizar peque\u00f1os drones volando a baja altura.<\/p>\n<p class=\"c-paragraph\">Bruselas desgran\u00f3 que la nueva estrategia europea de defensa estar\u00e1 basada en <b>cuatro pilares<\/b>: el &#8216;muro de drones&#8217;, con capacidades avanzadas de detecci\u00f3n, seguimiento e interceptaci\u00f3n; las defensas terrestres, entre ellas los sistemas antimovilidad; la seguridad mar\u00edtima para los mares B\u00e1ltico y Negro; y la vigilancia desde el espacio.\u00a0<\/p>\n<p>16:3527\/09\/2025<\/p>\n<p>Avistamiento de drones en Alemania<\/p>\n<p class=\"c-paragraph\">El ministro de Interior alem\u00e1n, Alexander Dobrindt, se ha referido este s\u00e1bado a un <b>avistamiento de drones<\/b> ocurrido el viernes por la noche en el estado de Schleswig-Holstein, al norte del pa\u00eds y que hace frontera con Dinamarca. En un comunicado recogido por el medio Frankfurter Allgemeine, Dobrindt ha advertido del aumento del nivel de amenaza en Alemania despu\u00e9s de que este viernes \u00abse detectaron <b>enjambres de drones sobre Schleswig-Holstein<\/b>\u00ab. En palabras del ministro federal alem\u00e1n, \u00abexiste una amenaza que sin duda puede clasificarse como <b>alta<\/b>\u00ab. Aunque se ha referido a una \u00abamenaza abstracta\u00bb, sin concretar, tambi\u00e9n ha dicho que hay un \u00ab<b>elemento de espionaje<\/b> obviamente asociado con los sobrevuelos de drones\u00bb.<\/p>\n<p>16:2227\/09\/2025<\/p>\n<p>Zaporiyia lleva cuatro d\u00edas desconectada<\/p>\n<p class=\"c-paragraph\">El ministro de Exteriores ucraniano, Andr\u00ed Sibiga, ha advertido este s\u00e1bado de que la central nuclear de Zaporiyia, bajo ocupaci\u00f3n rusa, lleva <b>cuatro d\u00edas desconectada del suministro el\u00e9ctrico<\/b> y dependiendo de sus generadores de emergencia debido a las acciones de las fuerzas invasoras y acus\u00f3 a Mosc\u00fa de querer \u00abrobar\u00bb la planta. \u00abSe trata del <b>d\u00e9cimo apag\u00f3n<\/b> causado en la planta por los rusos\u00bb, ha escrito en la red social X. Adem\u00e1s, Sibiga ha denunciado que Rusia ha construido 200 kil\u00f3metros de l\u00edneas el\u00e9ctricas con el objetivo de <b>\u00abrobar\u00bb la central<\/b>, la mayor de Europa y ocupada desde 2022, para conectarla a la red rusa.<\/p>\n<p>15:1927\/09\/2025<\/p>\n<p>Ucrania se prepara para exportar armas de fabricaci\u00f3n propia<\/p>\n<p class=\"c-paragraph\">El Gobierno ucraniano est\u00e1 trabajando para expandir su producci\u00f3n de defensa y para empezar a <b>exportar armas de fabricaci\u00f3n nacional<\/b>, ha afirmado este s\u00e1bado el presidente Volod\u00edmir Zelenski, en un mensaje en redes sociales en el que ha hecho un balance de la participaci\u00f3n esta semana en la Asamblea General de Naciones Unidas en Nueva York. \u00abEstamos trabajando para <b>expandir nuestra producci\u00f3n de defensa<\/b> y para empezar exportaciones controladas de armas ucranianas; se alcanz\u00f3 otro acuerdo sobre esto y estamos ya trabajando con cuatro pa\u00edses para abrir nuestras plataformas de exportaci\u00f3n\u00bb, ha declarado.<\/p>\n<p>15:0127\/09\/2025<\/p>\n<p>Alemania busca endurecer sus leyes antidrones<\/p>\n<p class=\"c-paragraph\">El Gobierno alem\u00e1n est\u00e1 planeando reforzar sus capacidades de defensa ante la amenaza de los sobrevuelos ilegales con drones que han generado alarma en pa\u00edses del B\u00e1ltico. Seg\u00fan ha declarado el ministro del Interior alem\u00e1n, Alexander Dobrindt, el objetivo es <b>endurecer la ley de seguridad a\u00e9rea<\/b> para poder derribar drones de este tipo bajo ciertas condiciones. \u00abMi objetivo es establecer en la ley de seguridad a\u00e9rea que el ej\u00e9rcito pueda prestar asistencia nacional a la polic\u00eda\u00bb, ha dicho al medio <a href=\"https:\/\/rp-online.de\/politik\/deutschland\/drohnenabwehr-dobrindts-vorstoss-findet-unterstuetzung_aid-135798189\" rel=\"nofollow noreferrer noopener\" title=\"Ver noticia\" target=\"_blank\">Rheinische Post<\/a>. Para ello, busca establecer un centro de competencia en drones que combine a los gobiernos federal, estatal y militar. \u00abSolo si unimos experiencia t\u00e9cnica y solidez financiera podremos resistir la amenaza\u00bb, ha indicado. El canciller alem\u00e1n, Friedrich Merz, se mostraba contundente esta semana: \u00abNo permitiremos que estas intrusiones se sigan produciendo y<b> tomaremos todas las medidas que sean necesarias<\/b> para tener <b>una disuasi\u00f3n efectiva<\/b> tambi\u00e9n contra estas violaciones del espacio a\u00e9reo, contra estas intrusiones del ej\u00e9rcito, para impedirlas\u00bb, asegur\u00f3 desde la ciudad alemana de Weimar.<\/p>\n<p>14:3027\/09\/2025<\/p>\n<p>Rusia toma otras tres localidades al este de Ucrania<\/p>\n<p class=\"c-paragraph\">El Ej\u00e9rcito ruso ha tomado otra localidad en la regi\u00f3n ucraniana de Dnipropetrovsk y ha continuado su avance en Donetsk con la conquista de dos pueblos en esa regi\u00f3n del este del pa\u00eds, ha informado este s\u00e1bado el Ministerio de Defensa de Rusia en Telegram. Seg\u00fan un comunicado castrense, se trata de las localidades de <b>Derilove <\/b>y <b>Maiske <\/b>en Donetsk, y <b>Stepove<\/b> en Dnipropetrovsk.\u00a0\u00abLas unidades del grupo de tropas Oeste continuaron su avance y han logrado liberar la localidad de Stepovoe. Asimismo, los grupos de tropas Oeste y Sur han liberado las ciudades de Donetsk\u00bb, recoge el texto. Donetsk es, junto con Lugansk, Zaporiyia y Jers\u00f3n, una de las cuatro provincias parcialmente ocupadas y anexionadas por Mosc\u00fa en octubre de 2022, un hecho que se sum\u00f3 a la anexi\u00f3n en 2014 de la pen\u00ednsula de Crimea, unas acciones no reconocidas hasta la fecha por la comunidad internacional.<\/p>\n<p>14:1427\/09\/2025<\/p>\n<p>Hallan fragmentos de un dron en Estonia<\/p>\n<p class=\"c-paragraph\">\u00a0Los fragmentos de un dron han sido hallados este s\u00e1bado en una reserva natural en el suroeste de Estonia, en un suceso que <b>est\u00e1 siendo investigado<\/b> por las autoridades y que se produce apenas una semana despu\u00e9s de que el pa\u00eds b\u00e1ltico denunciase una violaci\u00f3n de su espacio a\u00e9reo por aviones rusos. De acuerdo con la cadena p\u00fablica ERR, un residente de la zona encontr\u00f3 el fragmento en la Reserva Natural de Luitemaa, en la comarca de P\u00e4rnu, y seg\u00fan informaciones preliminares <b>pudo ser arrastrado por las olas<\/b> hasta la playa. La Polic\u00eda de Seguridad (KAPO), la Guardia Fronteriza y la Polic\u00eda est\u00e1n trabajando en el lugar de los hechos para intentar determinar c\u00f3mo el fragmento lleg\u00f3 hasta la costa estonia, se\u00f1al\u00f3 el medio. \u00abAhora mismo <b>no hay motivos para pensar que el dron entr\u00f3 en Estonia<\/b> o supuso un riesgo para la seguridad a\u00e9rea y, seg\u00fan las informaciones disponibles, no conten\u00eda explosivos\u00bb, ha declarado el fiscal encargado del caso, Taavi Pern.<\/p>\n<p>13:1427\/09\/2025<\/p>\n<p>Noruega investiga un posible avistamiento de drones<\/p>\n<p class=\"c-paragraph\">Poco despu\u00e9s del anuncio de Dinamarca, las autoridades noruegas est\u00e1n investigando un posible avistamiento de drones sobre instalaciones militares. \u00abPodemos confirmar que hemos recibido informaciones de <b>posible actividad de drones<\/b> observada en la zona alrededor de la base a\u00e9rea de aviones de combate en Orland\u00bb, ha declarado un portavoz de las Fuerzas Armadas al diario Dagens Naeringsliv, aludiendo a una base situada en el centro del pa\u00eds donde est\u00e1n estacionados cazas F-35. Los avistamientos se han producido este s\u00e1bado fuera del \u00e1rea de la base y sus operaciones no se han visto afectadas, de acuerdo con el portavoz.<\/p>\n<p>12:4027\/09\/2025<\/p>\n<p>Nuevos avistamientos de drones en Dinamarca<\/p>\n<p class=\"c-paragraph\">Un portavoz de la polic\u00eda danesa ha confirmado a la agencia Ritzau que el viernes por la noche hubo una \u00aboperaci\u00f3n\u00bb debido al <b>vuelo ilegal de drones<\/b> tanto dentro como fuera del \u00e1rea de la base a\u00e9rea de Karup. Esto llev\u00f3 a que se cerrara durante alg\u00fan tiempo el espacio a\u00e9reo al tr\u00e1fico civil, pero ello no tuvo un impacto significativo en la pr\u00e1ctica. La polic\u00eda contabiliz\u00f3 <b>\u00abuno o quiz\u00e1s dos drones\u00bb<\/b> durante el incidente, en un avistamiento en el que cooper\u00f3 con las Fuerzas Armadas. Por su parte, el Comando de Defensa de Dinamarca ha confirmado en un mensaje a la misma agencia que el viernes por la noche se hab\u00edan observado drones en \u00abvarios emplazamientos de las Fuerzas de Defensa de Dinamarca\u00bb, sin proporcionar m\u00e1s detalles. Las autoridades no han determinado todav\u00eda qui\u00e9n est\u00e1 detr\u00e1s, aunque hablan de <b>un \u00abactor profesional\u00bb y de \u00abataque h\u00edbrido\u00bb<\/b> y han expresado la sospecha de una posible vinculaci\u00f3n con Rusia.<\/p>\n<p>12:2227\/09\/2025<\/p>\n<p>Dinamarca vuelve a denunciar la presencia de drones<\/p>\n<p class=\"c-paragraph\">El Ej\u00e9rcito de Dinamarca ha informado este s\u00e1bado de que se han detectado <b>nuevos sobrevuelos de drones<\/b> durante la noche sobre varias bases e instalaciones militares, entre ellas la de Karup, la m\u00e1s grande del pa\u00eds. Los drones, que a\u00fan <b>no han sido identificados<\/b>, forman parte de lo que las fuerzas danesas han calificado como <b>\u00abataque h\u00edbrido\u00bb<\/b>, y su presencia se enmarca en una serie de incidentes que han llevado a cerrar los principales aeropuertos del pa\u00eds escandinavo a lo largo de la semana.<\/p>\n<p>12:0227\/09\/2025<\/p>\n<p>Las elecciones moldavas preocupan en Ucrania<\/p>\n<p class=\"c-paragraph\">Ucrania est\u00e1 siguiendo de cerca las elecciones parlamentarias en Moldavia este domingo, preocupada por la posibilidad de que una victoria de las fuerzas prorrusas, lideradas por el expresidente Igor Dodon, haga surgir una nueva amenaza en su frontera suroeste. El presidente Volod\u00edmir Zelenski enfatiz\u00f3 <b>la importancia de Moldavia para Ucrania<\/b> en su discurso ante la Asamblea General de Naciones Unidas esta semana, al instar a la comunidad internacional a impedir que Rusia se haga con el control de ese pa\u00eds. Bajo el Gobierno proeuropeo de la presidenta Maia Sandu, Ucrania se ha beneficiado de una <b>seguridad fronteriza estable<\/b> y de un comercio ininterrumpido con el pa\u00eds vecino, mientras que Chisinau ha agradecido a Ucrania su defensa contra la invasi\u00f3n rusa y su papel para la seguridad de la propia Moldavia. Sin embargo, los analistas advierten de que una mayor\u00eda prorrusa en el parlamento moldavo podr\u00eda poner en riesgo la seguridad del sur de Ucrania.<\/p>\n<p>Cargar m\u00e1s<\/p>\n<p>11:4727\/09\/2025<\/p>\n<p>Elecciones en Moldavia ante el temor a una injerencia rusa<\/p>\n<p class=\"c-paragraph\">Moldavia es escenario este domingo de una contienda electoral que trasciende m\u00e1s all\u00e1 de sus fronteras. El partido proeuropeo de la presidenta Maia Sandu pelea por mantener su mayor\u00eda parlamentaria ante la <b>uni\u00f3n de fuerzas prorrusas<\/b>, en medio de una campa\u00f1a electoral marcada por las denuncias de injerencia del Kremlin. Se trata de unas elecciones cruciales para el devenir a medio plazo de esta peque\u00f1a naci\u00f3n de apenas 2,4 millones de habitantes con aspiraciones europe\u00edstas, ubicada en un contexto regional bajo la guerra de Ucrania y los intentos sin precedentes de injerencia de Mosc\u00fa, aunque no exclusivos de estos \u00faltimos a\u00f1os. \u00abEsta injerencia rusa es algo que no hemos visto nunca y mira que hemos vivido bajo la sombra de Rusia. Siempre estuvieron ah\u00ed, pero esta vez es incre\u00edble lo que est\u00e1 pasando\u00bb, valora a Europa Press Anastasia Condruc, periodista moldava y antigua trabajadora de comunicaci\u00f3n del Gobierno en 2019. Las autoridades moldavas denuncian desde <b>hace tiempo que Mosc\u00fa intenta influir<\/b> en estas elecciones financiando la compra de votos y campa\u00f1as de desinformaci\u00f3n en redes sociales, pero tambi\u00e9n con <b>disturbios y ciberataques<\/b>. \u00abLa Comisi\u00f3n Electoral Central sabe que hay esfuerzos para manipular estas elecciones\u00bb, relata Condruc.<\/p>\n<p>11:2427\/09\/2025<\/p>\n<p>Rusia derriba 55 drones ucranianos durante la noche<\/p>\n<p class=\"c-paragraph\">Seg\u00fan ha informado este s\u00e1bado el Ministerio de Defensa de Rusia, las defensas antia\u00e9reas han derribado la pasada noche 55 drones ucranianos de ala fija sobre siete regiones del pa\u00eds. En esta ocasi\u00f3n, 27 aparatos no tripulados han sido neutralizados en la regi\u00f3n de Rostov, donde han causado un incendio en un centro de distribuci\u00f3n de gas. Tambi\u00e9n hubo drones destruidos en Briansk, Astrac\u00e1n, Vor\u00f3nezh, Volgogrado, Kursk y B\u00e9lgorod.\u00a0Ante la intensificaci\u00f3n de los ataques ucranianos, el gobernador de Crimea, Sergu\u00e9i Aksi\u00f3nov, admiti\u00f3 esta semana la escasez de combustible en las gasolineras, pero asegur\u00f3 que el abastecimiento se normalizar\u00e1n en dos semanas.<\/p>\n<p>10:5127\/09\/2025<\/p>\n<p>Ucrania ataca instalaciones petroleras rusas<\/p>\n<p class=\"c-paragraph\">Una estaci\u00f3n petrolera de la regi\u00f3n rusa de Chuvasia, situada en el suroeste del pa\u00eds, ha sido objetivo este s\u00e1bado de un <b>ataque con drones<\/b> de las Fuerzas Armadas de Ucrania, lo que ha provocado la suspensi\u00f3n de todas las actividades en las instalaciones. El gobernador de la regi\u00f3n, Oleg Nikolaev, ha indicado en un comunicado que la estaci\u00f3n afectada se encuentra cerca del r\u00edo Volga y a la altura de la localidad de Konar, si bien no ha apuntado a da\u00f1os de gran envergadura. Este ataque se enmarca en el aumento de los bombardeos perpetrados por las tropas ucranianas <b>contra refiner\u00edas e instalaciones petroqu\u00edmicas rusas<\/b> durante los \u00faltimos meses, especialmente en el sur del pa\u00eds.<\/p>\n<p>10:1027\/09\/2025<\/p>\n<p>Rusia supone \u00abuna amenaza a la seguridad euroatl\u00e1ntica\u00bb<\/p>\n<p class=\"c-paragraph\">Durante la\u00a0reuni\u00f3n del Comit\u00e9 Militar de la OTAN en Riga, el presidente let\u00f3n, Edgars Rinkevics, ha dicho a los l\u00edderes militares reunidos que, desde la perspectiva de Riga, la evaluaci\u00f3n de la situaci\u00f3n es \u00abclara\u00bb y Rusia supone \u00abuna <b>amenaza a largo plazo a la seguridad euroatl\u00e1ntica<\/b>\u00ab. Por su parte, el mayor general Kaspars Pudans, comandante en jefe de las Fuerzas Armadas de Letonia, ha afirmado que <b>la agresi\u00f3n rusa se extiende m\u00e1s all\u00e1 de Ucrania<\/b> y que es \u00abparte de una campa\u00f1a m\u00e1s amplia contra nuestro continente, cuyo impacto se nota a nivel global\u00bb, y ha citado como ejemplos los intentos de coerci\u00f3n energ\u00e9tica y econ\u00f3mica y los esfuerzos por remodelar las normas internacionales. \u00abEstamos siendo testigos de amenazas de 360 grados que abarcan intrusiones en el espacio a\u00e9reo, campa\u00f1as de desinformaci\u00f3n, ciberataques y la manipulaci\u00f3n de instituciones democr\u00e1ticas\u00bb, ha afirmado Pudans.<\/p>\n<p>09:4027\/09\/2025<\/p>\n<p>Reuni\u00f3n en Riga de los l\u00edderes militares de la OTAN<\/p>\n<p class=\"c-paragraph\">El m\u00e1ximo responsable militar de la OTAN, el almirante italiano Giuseppe Cavo Dragone, ha comparado este s\u00e1bado las violaciones sovi\u00e9ticas del espacio a\u00e9reo b\u00e1ltico hace 86 a\u00f1os con las intrusiones por drones y aviones rusos en los \u00faltimos d\u00edas, al inaugurar en Riga una reuni\u00f3n del Comit\u00e9 Militar de la Alianza Atl\u00e1ntica. \u00abEl 25 de septiembre de 1939, los bombarderos y aviones de reconocimiento sovi\u00e9ticos violaron el espacio a\u00e9reo de los tres Estados b\u00e1lticos: Letonia, Lituania y Estonia. Estas incursiones eran m\u00e1s que una mera provocaci\u00f3n. Eran la se\u00f1al inicial de la determinaci\u00f3n de Mosc\u00fa de imponer su voluntad\u00bb, ha dicho Cavo Dragone a los m\u00e1ximos comandantes militares de los 32 pa\u00edses de la OTAN. La reuni\u00f3n del Comit\u00e9 Militar de la OTAN, la m\u00e1xima autoridad militar de la Alianza, llega en plena escalada de tensiones con Rusia y tiene como objetivo retomar los temas que ya se plantearon en la cumbre de l\u00edderes de La Haya, en particular el fortalecimiento de la disuasi\u00f3n y defensa colectivas, de acuerdo con un comunicado de la instituci\u00f3n.<\/p>\n<p>09:3227\/09\/2025<\/p>\n<p>Ataque nocturno ruso en Ucrania<\/p>\n<p class=\"c-paragraph\">La Fuerza A\u00e9rea ucraniana ha informado este s\u00e1bado en su parte matinal de que durante la noche han sido\u00a0<b>neutralizados 97 de los 115 drones<\/b> de diversos tipos lanzados por Rusia contra el territorio del pa\u00eds invadido. Entre los dispositivos no tripulados hab\u00eda <b>drones kamikaze de tipo Shahed<\/b>, seg\u00fan ha escrito la Fuerza A\u00e9rea en Telegram, aunque tambi\u00e9n hab\u00eda modelos de ataque de tipo Gerbera y otros. Las defensas ucranianas han logrado suprimir 97 de las aeronaves enemigas sobre el <b>norte, sur, este y centro<\/b> del pa\u00eds, pero 17 de los drones de ataque lograron impactar en objetivos en seis emplazamientos distintos, mientras que en dos puntos se registr\u00f3 la ca\u00edda de restos de drones derribados. En la regi\u00f3n meridional de Odesa, en la costa del mar Negro, uno de los ataques ha provocado <b>da\u00f1os en la infraestructura ferroviaria<\/b>, aunque el tr\u00e1fico de trenes ya ha sido restablecido, seg\u00fan ha informado la compa\u00f1\u00eda Ukrzaliznitsia.<\/p>\n<p>09:2427\/09\/2025<\/p>\n<p>Europa avanza en sus planes para su &#8216;muro de drones&#8217;<\/p>\n<p class=\"c-paragraph\">El comisario europeo de Defensa, Andrius Kubilius, afirm\u00f3 este viernes que los pa\u00edses europeos del flanco oriental de la OTAN acordaron que el <b>&#8216;muro antidrones&#8217; sea una prioridad inmediata<\/b> para poner disponer de \u00e9l cuanto antes a la vista de las provocaciones rusas y que forme parte de una arquitectura de defensa m\u00e1s amplia al que se podr\u00e1n sumar otros Estados Miembros. Kubilius insisti\u00f3 en que es necesario desarrollar <b>capacidades adicionales en materia de drones<\/b> y afirm\u00f3 que definir\u00e1 una hoja de ruta t\u00e9cnica detallada con la ayuda de expertos nacionales y el asesoramiento de Ucrania, pa\u00eds que cuenta con una gran experiencia en la lucha contra los drones rusos.<\/p>\n","protected":false},"excerpt":{"rendered":"En medio de las crecientes tensiones con Mosc\u00fa a ra\u00edz de las \u00faltimas violaciones rusas del espacio a\u00e9reo&hellip;\n","protected":false},"author":2,"featured_media":142449,"comment_status":"","ping_status":"","sticky":false,"template":"","format":"standard","meta":{"footnotes":""},"categories":[42],"tags":[17,18,2125,13,14,69,11,61,62,63,64,19,20,9,10,15,16,1614,12,7081,943,21,22,65,66,67],"class_list":{"0":"post-142448","1":"post","2":"type-post","3":"status-publish","4":"format-standard","5":"has-post-thumbnail","7":"category-internacional","8":"tag-breaking-news","9":"tag-breakingnews","10":"tag-directo","11":"tag-featured-news","12":"tag-featurednews","13":"tag-guerra","14":"tag-headlines","15":"tag-internacional","16":"tag-international","17":"tag-international-news","18":"tag-internationalnews","19":"tag-latest-news","20":"tag-latestnews","21":"tag-news","22":"tag-noticias","23":"tag-noticias-destacadas","24":"tag-noticiasdestacadas","25":"tag-rusia","26":"tag-titulares","27":"tag-ucrania","28":"tag-ue","29":"tag-ultimas-noticias","30":"tag-ultimasnoticias","31":"tag-world","32":"tag-world-news","33":"tag-worldnews"},"share_on_mastodon":{"url":"","error":""},"_links":{"self":[{"href":"https:\/\/www.europesays.com\/es\/wp-json\/wp\/v2\/posts\/142448","targetHints":{"allow":["GET"]}}],"collection":[{"href":"https:\/\/www.europesays.com\/es\/wp-json\/wp\/v2\/posts"}],"about":[{"href":"https:\/\/www.europesays.com\/es\/wp-json\/wp\/v2\/types\/post"}],"author":[{"embeddable":true,"href":"https:\/\/www.europesays.com\/es\/wp-json\/wp\/v2\/users\/2"}],"replies":[{"embeddable":true,"href":"https:\/\/www.europesays.com\/es\/wp-json\/wp\/v2\/comments?post=142448"}],"version-history":[{"count":0,"href":"https:\/\/www.europesays.com\/es\/wp-json\/wp\/v2\/posts\/142448\/revisions"}],"wp:featuredmedia":[{"embeddable":true,"href":"https:\/\/www.europesays.com\/es\/wp-json\/wp\/v2\/media\/142449"}],"wp:attachment":[{"href":"https:\/\/www.europesays.com\/es\/wp-json\/wp\/v2\/media?parent=142448"}],"wp:term":[{"taxonomy":"category","embeddable":true,"href":"https:\/\/www.europesays.com\/es\/wp-json\/wp\/v2\/categories?post=142448"},{"taxonomy":"post_tag","embeddable":true,"href":"https:\/\/www.europesays.com\/es\/wp-json\/wp\/v2\/tags?post=142448"}],"curies":[{"name":"wp","href":"https:\/\/api.w.org\/{rel}","templated":true}]}}