{"id":142450,"date":"2025-09-27T15:02:06","date_gmt":"2025-09-27T15:02:06","guid":{"rendered":"https:\/\/www.europesays.com\/es\/142450\/"},"modified":"2025-09-27T15:02:06","modified_gmt":"2025-09-27T15:02:06","slug":"detenido-por-la-presunta-agresion-sexual-a-una-joven-de-19-anos-a-la-salida-de-un-after-en-vigo","status":"publish","type":"post","link":"https:\/\/www.europesays.com\/es\/142450\/","title":{"rendered":"Detenido por\u00a0la presunta agresi\u00f3n sexual a una joven de 19 a\u00f1os a la salida de un \u00abafter\u00bb en Vigo"},"content":{"rendered":"<p>\t\t\t \t\t \t\t\t\t\t\t\tImagen de archivo de la polic\u00eda local de Vigo <strong class=\"pd-l\">M.MORALEJO  <\/strong><\/p>\n<p>\t\t\t\t\t\tLos\u00a0clientes de un pub pillaron al implicado tumbado encima de la v\u00edctima, que estaba semiinconsciente, en plena calle y manteniendo relaciones sexuales no consentidas. La joven fue hospitalizada<br \/>\n\t\t\t\t\t\t\t\t\t\t\t\t<strong>27 sep 2025<\/strong> . Actualizado a las 14:30 h.\t\t\t\t\t\t<\/p>\n<p class=\"first-paragraph txt\">La <strong>Polic\u00eda Local de Vigo<\/strong> ha detenido en la ma\u00f1ana de este s\u00e1bado a un joven de 19 a\u00f1os como supuesto <strong>agresor sexual<\/strong>\u00a0de\u00a0una mujer\u00a0de la misma edad y en estado de semiinconsciencia con la que mantuvo relaciones sexuales no consentidas\u00a0en la v\u00eda p\u00fablica, <strong>a la<\/strong> <strong>salida de un after<\/strong>. La v\u00edctima fue <strong>hospitalizada<\/strong>.\u00a0<\/p>\n<p class=\"txt\">La presunta agresi\u00f3n sexual\u00a0la descubrieron cuatro clientes que volv\u00edan a casa\u00a0a las siete y diez de la ma\u00f1ana en las inmediaciones de un pub y local de conciertos situado en el cruce de la Ronda de Don Bosco con la calle Joaqu\u00edn Loriga, en el <strong>centro de Vigo<\/strong>.\u00a0<\/p>\n<p class=\"txt\">Cuatro\u00a0clientes que\u00a0salieron del after vieron al agresor y la v\u00edctima tumbados sobre una acera\u00a0e inicialmente creyeron que se trataba de una pareja manteniendo relaciones sexuales en la v\u00eda p\u00fablica. Sin embargo,\u00a0la joven apenas pod\u00eda balbucear unas palabras y, debido a su estado de semiinconsciencia,<strong> fue trasladada en ambulancia al Hospital \u00c1lvaro Cunqueiro de Vigo<\/strong>, donde est\u00e1 a la espera de recuperar el sentido y contar su versi\u00f3n a la polic\u00eda.<\/p>\n<p class=\"txt\">La Polic\u00eda Local de Vigo activ\u00f3 el<strong> protocolo para v\u00edctimas de agresi\u00f3n sexual<\/strong>. Los agentes detuvieron al\u00a0joven porque, en el estado\u00a0en el que se encontraba\u00a0la v\u00edctima, no pod\u00eda haber dado su consentimiento para practicar dichas relaciones sexuales, que todo apunta a que fueron completas. Adem\u00e1s, el implicado se apropi\u00f3 del tel\u00e9fono m\u00f3vil de la v\u00edctima. Podr\u00eda\u00a0tratarse de\u00a0compa\u00f1eros o conocidos,\u00a0ya que ambos son naturales y pertenecen a otra provincia gallega.<\/p>\n<p class=\"txt\">La polic\u00eda basa el arresto en los testimonios de clientes y peatones que\u00a0vieron en plena v\u00eda p\u00fablica a un joven con los pantalones bajados y colocado encima de una chica tumbada y semiinconsciente en el suelo con las piernas abiertas y haciendo \u00e9l unos movimientos p\u00e9lvicos de penetraci\u00f3n. Todo aquello les caus\u00f3 extra\u00f1eza a\u00a0cuatro amigos que acababan de salir del after y volv\u00edan a casa. El grupo se acerc\u00f3 a\u00a0pedir explicaciones, pero el hombre se encar\u00f3 con ellos, se levant\u00f3 y sali\u00f3 corriendo calle abajo. Llevaba el pantal\u00f3n con <strong>manchas de sangre<\/strong>.<\/p>\n<p class=\"txt\">Los testigos alertaron a un <strong>coche patrulla del 092<\/strong>\u00a0que, a esa misma hora, hac\u00eda\u00a0su ronda habitual por esa zona ya que los fines de semana suele haber incidencias por el cierre de horario de locales o el bullicio de clientes que molestan al vecindario. Los agentes encontraron a la mujer tendida en el suelo, en estado semiinconsciente y\u00a0la cual\u00a0<strong>solo acertaba a balbucear unas palabras<\/strong>.<\/p>\n<p class=\"txt\">Varias patrullas peinaron el barrio hasta que encontraron al sospechoso en la Ronda de Don Bosco, cerca del pub. Este <strong>reconoci\u00f3 que hab\u00eda mantenido relaciones con la joven<\/strong>. Los agentes lo cachearon y hallaron <strong>un tel\u00e9fono m\u00f3vil que pertenec\u00eda a la v\u00edctima,<\/strong> por lo que fue inmediatamente detenido. Respecto a las manchas de sangre, la polic\u00eda ignora la procedencia.<\/p>\n<p>&#13;<br \/>\n\tArchivado en:&#13;<br \/>\n\t\t\t\t\t<a href=\"https:\/\/www.lavozdegalicia.es\/temas\/vigo-ciudad\/\" target=\"_blank\" class=\"mg-l\" rel=\"nofollow noopener\">Vigo ciudad<\/a>&#13;<br \/>\n\t\t\t\t\t<a href=\"https:\/\/www.lavozdegalicia.es\/temas\/abusos-sexuales\/\" target=\"_blank\" class=\"mg-l\" rel=\"nofollow noopener\">Abusos sexuales<\/a>&#13;<br \/>\n\t&#13;<\/p>\n","protected":false},"excerpt":{"rendered":"Imagen de archivo de la polic\u00eda local de Vigo M.MORALEJO Los\u00a0clientes de un pub pillaron al implicado tumbado&hellip;\n","protected":false},"author":2,"featured_media":142451,"comment_status":"","ping_status":"","sticky":false,"template":"","format":"standard","meta":{"footnotes":""},"categories":[8],"tags":[13810,17,18,25,24,13,14,11,19,20,9,10,15,16,23,12,21,22,3518],"class_list":{"0":"post-142450","1":"post","2":"type-post","3":"status-publish","4":"format-standard","5":"has-post-thumbnail","7":"category-espana","8":"tag-abusos-sexuales","9":"tag-breaking-news","10":"tag-breakingnews","11":"tag-es","12":"tag-espana","13":"tag-featured-news","14":"tag-featurednews","15":"tag-headlines","16":"tag-latest-news","17":"tag-latestnews","18":"tag-news","19":"tag-noticias","20":"tag-noticias-destacadas","21":"tag-noticiasdestacadas","22":"tag-spain","23":"tag-titulares","24":"tag-ultimas-noticias","25":"tag-ultimasnoticias","26":"tag-vigo-ciudad"},"share_on_mastodon":{"url":"","error":""},"_links":{"self":[{"href":"https:\/\/www.europesays.com\/es\/wp-json\/wp\/v2\/posts\/142450","targetHints":{"allow":["GET"]}}],"collection":[{"href":"https:\/\/www.europesays.com\/es\/wp-json\/wp\/v2\/posts"}],"about":[{"href":"https:\/\/www.europesays.com\/es\/wp-json\/wp\/v2\/types\/post"}],"author":[{"embeddable":true,"href":"https:\/\/www.europesays.com\/es\/wp-json\/wp\/v2\/users\/2"}],"replies":[{"embeddable":true,"href":"https:\/\/www.europesays.com\/es\/wp-json\/wp\/v2\/comments?post=142450"}],"version-history":[{"count":0,"href":"https:\/\/www.europesays.com\/es\/wp-json\/wp\/v2\/posts\/142450\/revisions"}],"wp:featuredmedia":[{"embeddable":true,"href":"https:\/\/www.europesays.com\/es\/wp-json\/wp\/v2\/media\/142451"}],"wp:attachment":[{"href":"https:\/\/www.europesays.com\/es\/wp-json\/wp\/v2\/media?parent=142450"}],"wp:term":[{"taxonomy":"category","embeddable":true,"href":"https:\/\/www.europesays.com\/es\/wp-json\/wp\/v2\/categories?post=142450"},{"taxonomy":"post_tag","embeddable":true,"href":"https:\/\/www.europesays.com\/es\/wp-json\/wp\/v2\/tags?post=142450"}],"curies":[{"name":"wp","href":"https:\/\/api.w.org\/{rel}","templated":true}]}}