{"id":142458,"date":"2025-09-27T15:13:16","date_gmt":"2025-09-27T15:13:16","guid":{"rendered":"https:\/\/www.europesays.com\/es\/142458\/"},"modified":"2025-09-27T15:13:16","modified_gmt":"2025-09-27T15:13:16","slug":"amalia-alexia-y-ariane-el-rompedor-estilo-de-las-hijas-de-maxima-de-holanda","status":"publish","type":"post","link":"https:\/\/www.europesays.com\/es\/142458\/","title":{"rendered":"Amalia, Alexia y Ariane, el rompedor estilo de las hijas de M\u00e1xima de Holanda"},"content":{"rendered":"<p class=\"voc-author__name\">\nLola Ag\u00fcero Mohino\n<\/p>\n<p class=\"voc-author__special\">Madrid<\/p>\n<p>27\/09\/2025<br \/>\n<br \/><strong><br \/>\nActualizado a las 05:33h.<br \/>\n<\/strong><\/p>\n<p class=\"voc-p\" style=\"\">Algunas &#8216;royals&#8217; actuales se han convertido en aut\u00e9nticas &#8216;influencers&#8217; del mundo de la moda. Antes, todas las tendencias se ve\u00edan reflejadas en las mujeres de la realeza, como es el claro ejemplo de <a href=\"https:\/\/www.abc.es\/estilo\/moda\/looks-convirtieron-diana-gales-icono-moda-eterno-20250831175252-nt.html\" target=\"_blank\" data-voc-vtm-id=\"in-text-traffic\" title=\"Diana de Gales\" data-mrf-link=\"www.abc.es\" rel=\"nofollow noopener\">Diana de Gales<\/a>. A d\u00eda de hoy, la <strong>Reina Letizia<\/strong> o <strong>Rania de Jordania <\/strong>son nombres que tambi\u00e9n destacan por su estilo; incorporando al listado nuevas caras que est\u00e1n empezando a destacar, como es el caso de las tres hijas de los reyes de Holanda. <strong>Amalia, Alexia y Ariane<\/strong> est\u00e1n siguiendo el legado estil\u00edstico de su madre, M\u00e1xima de Holanda, una de las monarcas m\u00e1s destacadas en cuanto a su armario se refiere.<\/p>\n<p class=\"voc-p\" style=\"\">La<strong> reina de los Pa\u00edses Bajos<\/strong> es aclamada constantemente por su elegancia con un estilo atemporal que sabe compaginar con las modas que se convierten en tendencias. Capaz de comunicarse con sus estilismos, aprovecha sus looks para lanzar mensajes, siendo consciente de la importancia de la moda. Su uso de color o de las formas convierten su estilo en \u00fanico, siendo sus hijas grandes herederas de \u00e9l. En <a href=\"https:\/\/www.abc.es\/estilo\/\" target=\"_blank\" data-voc-vtm-id=\"in-text-traffic\" title=\"ABC Estilo\" data-mrf-link=\"www.abc.es\" rel=\"nofollow noopener\">ABC Estilo<\/a> hacemos un an\u00e1lisis de la forma de vestir de las nuevas caras de moda de la monarqu\u00eda holandesa. <\/p>\n<p><img decoding=\"async\" loading=\"lazy\" src=\"https:\/\/www.europesays.com\/es\/wp-content\/uploads\/2025\/09\/acto-apertura-U02405044876NOc-760x500@diario_abc.jpg\" class=\"voc-img\" width=\"760\" height=\"500\" alt=\"Las tres j\u00f3venes en el acto de inauguraci\u00f3n del a\u00f1o parlamentario\" data-voc-vtm-id=\"in-text-traffic\"\/><\/p>\n<p>Las tres j\u00f3venes en el acto de inauguraci\u00f3n del a\u00f1o parlamentario<\/p>\n<p>gtres<\/p>\n<p class=\"voc-p\" style=\"\">El pasado 16 de septiembre, como cada tercer martes de septiembre, las tres j\u00f3venes asistieron al <strong>acto de inauguraci\u00f3n del a\u00f1o parlamentario holand\u00e9s<\/strong>. Aqu\u00ed pudimos ver a <strong>Amalia de Holanda<\/strong> con un gran tocado muy parecido a los que suele llevar su madre. <strong>Alexia de Holanda<\/strong> escogi\u00f3 un bolso de Zara (39,95 euros) para completar su look y la peque\u00f1a de las tres,<strong> Ariane de Holanda<\/strong>, luci\u00f3 un vestido de color azul de Victoria Beckham. <\/p>\n<p class=\"voc-p\" style=\"\">Cabe destacar que <strong>su madre<\/strong> est\u00e1 muy presente en los estilos de cada una de sus hijas. Los colores vibrantes y destacados son una de las elecciones m\u00e1s seguras, al igual que las prendas. <\/p>\n<p>\nAmalia, la mayor y la m\u00e1s discreta\n<\/p>\n<p><img decoding=\"async\" loading=\"lazy\" src=\"https:\/\/www.europesays.com\/es\/wp-content\/uploads\/2025\/09\/amalia-1-U54746517140qvP-758x470@diario_abc.jpg\" class=\"voc-d-c-combo-3__img\" width=\"758\" height=\"470\" alt=\"Imagen principal - Amalia de Holanda en algunas de sus apariciones p\u00fablicas\"\/><\/p>\n<p><img decoding=\"async\" loading=\"lazy\" src=\"https:\/\/www.europesays.com\/es\/wp-content\/uploads\/2025\/09\/amalia-2-U60583081283gQd-464x329@diario_abc.jpg\" class=\"voc-d-c-combo-3__img\" width=\"464\" height=\"329\" alt=\"Imagen secundaria 1 - Amalia de Holanda en algunas de sus apariciones p\u00fablicas\"\/><\/p>\n<p><img decoding=\"async\" loading=\"lazy\" src=\"https:\/\/www.europesays.com\/es\/wp-content\/uploads\/2025\/09\/amalia-3-U85783752055qPh-278x329@diario_abc.jpg\" class=\"voc-d-c-combo-3__img\" width=\"278\" height=\"329\" alt=\"Imagen secundaria 2 - Amalia de Holanda en algunas de sus apariciones p\u00fablicas\"\/><\/p>\n<p>Amalia de Holanda en algunas de sus apariciones p\u00fablicas<br \/>\nGTRES<\/p>\n<p class=\"voc-p\" style=\"\">Amalia, como heredera, tiene un estilo<strong> m\u00e1s cl\u00e1sico y contempor\u00e1neo<\/strong>, con looks que mandan mensajes de liderazgo y sofisticaci\u00f3n, siempre con la discreci\u00f3n propia de su cargo. A sus <strong>21 a\u00f1os<\/strong>, la joven utiliza <strong>estampados que no pasan desapercibidos, <\/strong>al igual que los<strong> colores m\u00e1s brillantes<\/strong>.<\/p>\n<p class=\"voc-p\" style=\"\">En la \u00faltima aparici\u00f3n de la princesa, la hemos podido ver <strong>junto a su madre<\/strong> en Nueva York. M\u00e1xima de Holanda es Asesora Especial del Secretario General para la Financiaci\u00f3n Inclusiva para el Desarrollo de la ONU y ha llevado a la mayor de sus hijas para este evento como acompa\u00f1ante.<\/p>\n<p><img decoding=\"async\" loading=\"lazy\" src=\"https:\/\/www.europesays.com\/es\/wp-content\/uploads\/2025\/09\/amalia-maxima-U06266721876Oaw-760x1000@diario_abc.jpg\" class=\"voc-img\" width=\"760\" height=\"1000\" alt=\"M\u00e1xima de Holanda junto a Amalia de Holanda en Nueva York\" data-voc-vtm-id=\"in-text-traffic\"\/><\/p>\n<p>M\u00e1xima de Holanda junto a Amalia de Holanda en Nueva York<\/p>\n<p>gtres<\/p>\n<p class=\"voc-p\" style=\"\">Amalia ha lucido <strong>un conjunto de Max Mara<\/strong> de color beige con estampado de rayas. Lo ha complementado con unos salones negros, muy acorde con el dos piezas escogido para la ocasi\u00f3n. <\/p>\n<p>\nAlexia, la m\u00e1s moderna\n<\/p>\n<p class=\"voc-p\" style=\"\">Alexia, la mediana de 20 a\u00f1os, es la que est\u00e9ticamente <strong>arriesga m\u00e1s<\/strong>, atrevi\u00e9ndose con un estilo m\u00e1s urbano pero sin perder la elegancia. Tiene una <strong>gran personalidad<\/strong> a la hora de vestir, con prendas m\u00e1s atrevidas con las que no se ve a sus hermanas y demostrando que est\u00e1 muy al d\u00eda en cuanto a las \u00faltimas tendencias. <\/p>\n<p>\nAriane, en busca de su estilo propio\n<\/p>\n<p><img decoding=\"async\" loading=\"lazy\" src=\"https:\/\/www.europesays.com\/es\/wp-content\/uploads\/2025\/09\/pequena-1-U64147168841VkB-760x427@diario_abc.jpg\" class=\"voc-img\" width=\"760\" height=\"427\" alt=\"La m\u00e1s peque\u00f1a, Ariane de Holanda\" data-voc-vtm-id=\"in-text-traffic\"\/><\/p>\n<p>La m\u00e1s peque\u00f1a, Ariane de Holanda<\/p>\n<p>gtres<\/p>\n<p class=\"voc-p\" style=\"\">Y Ariane de 18 a\u00f1os, est\u00e1 <strong>en b\u00fasqueda de un estilo propio<\/strong>. Tiene aires parecidos a su hermana mayor, con una elecci\u00f3n m\u00e1s cl\u00e1sica y atemporal como su madre. Busca lo sencillo, colores menos llamativos y algo que pase m\u00e1s desapercibido. A\u00fan as\u00ed, la joven est\u00e1 en pleno crecimiento y cada vez se la ve m\u00e1s en eventos y actividades p\u00fablicas. <\/p>\n<p><img decoding=\"async\" loading=\"lazy\" src=\"https:\/\/www.europesays.com\/es\/wp-content\/uploads\/2025\/09\/todas-final-U01471522446eSt-760x500@diario_abc.jpg\" class=\"voc-img\" width=\"760\" height=\"500\" alt=\"Cada una tiene un estilo propio\" data-voc-vtm-id=\"in-text-traffic\"\/><\/p>\n<p>Cada una tiene un estilo propio<\/p>\n<p>gtres<\/p>\n<p class=\"voc-p\" style=\"\">Las tres mujeres destacan por tener estilos completamente distintos pero complementarios, con toques propios de su madre, y cada una de ellas est\u00e1 creando su <strong>propia imagen.<\/strong><\/p>\n<p>Reportar un error<\/p>\n","protected":false},"excerpt":{"rendered":"Lola Ag\u00fcero Mohino Madrid 27\/09\/2025 Actualizado a las 05:33h. Algunas &#8216;royals&#8217; actuales se han convertido en aut\u00e9nticas &#8216;influencers&#8217;&hellip;\n","protected":false},"author":2,"featured_media":142459,"comment_status":"","ping_status":"","sticky":false,"template":"","format":"standard","meta":{"footnotes":""},"categories":[174],"tags":[34831,44183,44184,255,146,147,25,24,10386,256,1642,26681,6659,44185,23],"class_list":{"0":"post-142458","1":"post","2":"type-post","3":"status-publish","4":"format-standard","5":"has-post-thumbnail","7":"category-famosos","8":"tag-alexia","9":"tag-amalia","10":"tag-ariane","11":"tag-celebrities","12":"tag-entertainment","13":"tag-entretenimiento","14":"tag-es","15":"tag-espana","16":"tag-estilo","17":"tag-famosos","18":"tag-hijas","19":"tag-holanda","20":"tag-maxima","21":"tag-rompedor","22":"tag-spain"},"share_on_mastodon":{"url":"","error":""},"_links":{"self":[{"href":"https:\/\/www.europesays.com\/es\/wp-json\/wp\/v2\/posts\/142458","targetHints":{"allow":["GET"]}}],"collection":[{"href":"https:\/\/www.europesays.com\/es\/wp-json\/wp\/v2\/posts"}],"about":[{"href":"https:\/\/www.europesays.com\/es\/wp-json\/wp\/v2\/types\/post"}],"author":[{"embeddable":true,"href":"https:\/\/www.europesays.com\/es\/wp-json\/wp\/v2\/users\/2"}],"replies":[{"embeddable":true,"href":"https:\/\/www.europesays.com\/es\/wp-json\/wp\/v2\/comments?post=142458"}],"version-history":[{"count":0,"href":"https:\/\/www.europesays.com\/es\/wp-json\/wp\/v2\/posts\/142458\/revisions"}],"wp:featuredmedia":[{"embeddable":true,"href":"https:\/\/www.europesays.com\/es\/wp-json\/wp\/v2\/media\/142459"}],"wp:attachment":[{"href":"https:\/\/www.europesays.com\/es\/wp-json\/wp\/v2\/media?parent=142458"}],"wp:term":[{"taxonomy":"category","embeddable":true,"href":"https:\/\/www.europesays.com\/es\/wp-json\/wp\/v2\/categories?post=142458"},{"taxonomy":"post_tag","embeddable":true,"href":"https:\/\/www.europesays.com\/es\/wp-json\/wp\/v2\/tags?post=142458"}],"curies":[{"name":"wp","href":"https:\/\/api.w.org\/{rel}","templated":true}]}}