{"id":142474,"date":"2025-09-27T15:23:09","date_gmt":"2025-09-27T15:23:09","guid":{"rendered":"https:\/\/www.europesays.com\/es\/142474\/"},"modified":"2025-09-27T15:23:09","modified_gmt":"2025-09-27T15:23:09","slug":"el-03-740-primer-premio-de-la-loteria-nacional-deja-60-000-euros-por-decimo","status":"publish","type":"post","link":"https:\/\/www.europesays.com\/es\/142474\/","title":{"rendered":"el 03.740, primer premio de la Loter\u00eda Nacional, deja 60.000 euros por d\u00e9cimo"},"content":{"rendered":"<p>El estanco de la calle Prim de la localidad toledana ha vendido el n\u00famero. El n\u00famero se ha vendido adem\u00e1s en otras otras trece localidades espa\u00f1olas<\/p>\n<p><img fetchpriority=\"high\" class=\"voc-img\" src=\"https:\/\/www.europesays.com\/es\/wp-content\/uploads\/2025\/09\/EstancoMora-RxcXbgTwHtCP78l6dr5LKDO-1200x840@diario_abc.jpg\" loading=\"eager\" decoding=\"async\" alt=\"Este estanco de Mora ha vendido el 03.740, agraciado con el primer premio de la Loter\u00eda de este s\u00e1bado\" width=\"1200\" height=\"840\"\/><\/p>\n<p>Este estanco de Mora ha vendido el 03.740, agraciado con el primer premio de la Loter\u00eda de este s\u00e1bado      <\/p>\n<p class=\"voc-p\" style=\"\">La suerte ha hecho parada este s\u00e1bado en la localidad toledana de Mora. El n\u00famero 03.740 ha resultado agraciado con el primer premio de la Loter\u00eda Nacional, dotado con<strong> 60.000 euros por d\u00e9cimo.<\/strong><\/p>\n<p class=\"voc-p\" style=\"\">El n\u00famero fue vendido en un estanco situado en la calle Prim, n\u00famero 50 de esta<strong> localidad de la comarca de La Mancha.<\/strong><\/p>\n<p class=\"voc-p\" style=\"\">El 03.740 premiado se ha vendido tambi\u00e9n en administraciones de las <strong>provincias de \u00c1vila, Burgos, \u00c1lava, Asturias, Barcelona, Badajoz, A Coru\u00f1a, Huelva, Islas Baleares, Ja\u00e9n, Madrid, Murcia y Sevil<\/strong>l<strong>a<\/strong>.<\/p>\n<p class=\"voc-p\" style=\"\">Por otro lado, el segundo premio del sorteo, correspondiente al n\u00famero 28.486 y dotado con 120.000 euros a la serie, ha sido vendido en Ja\u00e9n, Madrid, Murcia y Santa Cruz de Tenerife.<\/p>\n<p>Reportar un error<\/p>\n","protected":false},"excerpt":{"rendered":"El estanco de la calle Prim de la localidad toledana ha vendido el n\u00famero. El n\u00famero se ha&hellip;\n","protected":false},"author":2,"featured_media":142475,"comment_status":"","ping_status":"","sticky":false,"template":"","format":"standard","meta":{"footnotes":""},"categories":[80],"tags":[44187,44188,82,31010,51,95,94,25,24,1557,530,12944,813,843,977,23,11057,938],"class_list":{"0":"post-142474","1":"post","2":"type-post","3":"status-publish","4":"format-standard","5":"has-post-thumbnail","7":"category-economia","8":"tag-44187","9":"tag-44188","10":"tag-business","11":"tag-decimo","12":"tag-deja","13":"tag-economia","14":"tag-economy","15":"tag-es","16":"tag-espana","17":"tag-euros","18":"tag-loteria","19":"tag-mora","20":"tag-nacional","21":"tag-premio","22":"tag-primer","23":"tag-spain","24":"tag-suerte","25":"tag-visita"},"share_on_mastodon":{"url":"","error":""},"_links":{"self":[{"href":"https:\/\/www.europesays.com\/es\/wp-json\/wp\/v2\/posts\/142474","targetHints":{"allow":["GET"]}}],"collection":[{"href":"https:\/\/www.europesays.com\/es\/wp-json\/wp\/v2\/posts"}],"about":[{"href":"https:\/\/www.europesays.com\/es\/wp-json\/wp\/v2\/types\/post"}],"author":[{"embeddable":true,"href":"https:\/\/www.europesays.com\/es\/wp-json\/wp\/v2\/users\/2"}],"replies":[{"embeddable":true,"href":"https:\/\/www.europesays.com\/es\/wp-json\/wp\/v2\/comments?post=142474"}],"version-history":[{"count":0,"href":"https:\/\/www.europesays.com\/es\/wp-json\/wp\/v2\/posts\/142474\/revisions"}],"wp:featuredmedia":[{"embeddable":true,"href":"https:\/\/www.europesays.com\/es\/wp-json\/wp\/v2\/media\/142475"}],"wp:attachment":[{"href":"https:\/\/www.europesays.com\/es\/wp-json\/wp\/v2\/media?parent=142474"}],"wp:term":[{"taxonomy":"category","embeddable":true,"href":"https:\/\/www.europesays.com\/es\/wp-json\/wp\/v2\/categories?post=142474"},{"taxonomy":"post_tag","embeddable":true,"href":"https:\/\/www.europesays.com\/es\/wp-json\/wp\/v2\/tags?post=142474"}],"curies":[{"name":"wp","href":"https:\/\/api.w.org\/{rel}","templated":true}]}}