{"id":142478,"date":"2025-09-27T15:25:09","date_gmt":"2025-09-27T15:25:09","guid":{"rendered":"https:\/\/www.europesays.com\/es\/142478\/"},"modified":"2025-09-27T15:25:09","modified_gmt":"2025-09-27T15:25:09","slug":"un-brigadista-atendido-por-cansancio-y-posible-intoxicacion-por-humo-en-el-incendio-del-pico-del-lobo-guadalajara","status":"publish","type":"post","link":"https:\/\/www.europesays.com\/es\/142478\/","title":{"rendered":"Un brigadista atendido por cansancio y posible intoxicaci\u00f3n por humo en el incendio del Pico del Lobo (Guadalajara)"},"content":{"rendered":"<p>Los sanitarios del puesto de mando avanzado lo han asistido en el lugar y, tras la revisi\u00f3n, pudo regresar a la base junto a su brigada para su descanso. Castilla y Le\u00f3n recomienda la suspensi\u00f3n de actividades al aire libre en la zona de La Pinilla (Segovia)<\/p>\n<p><img fetchpriority=\"high\" class=\"voc-img\" src=\"https:\/\/www.europesays.com\/es\/wp-content\/uploads\/2025\/09\/puestomandoPicodelLobo-R5Kt6Zjg7LJ3WRV0P66KWLK-1200x840@diario_abc.jpg\" loading=\"eager\" decoding=\"async\" alt=\"Los servicios sanitarios del puesto de mando avanzado han atendido al brigadista\" width=\"1200\" height=\"840\"\/><\/p>\n<p>Los servicios sanitarios del puesto de mando avanzado han atendido al brigadista    plan infocam  <\/p>\n<p>27\/09\/2025<br \/>\n<br \/><strong><br \/>\nActualizado a las 14:57h.<br \/>\n<\/strong><\/p>\n<p class=\"voc-p\" style=\"\">Un brigadista ha sido atendido por el operativo sanitario del Plan INFOCAM durante las labores de extinci\u00f3n del incendio declarado en la zona del Pico del Lobo, en el t\u00e9rmino municipal de Pe\u00f1alba de la Sierra (Guadalajara). El integrante de las brigadas de refuerzo contra incendios forestales (BBFF) presentaba<strong> s\u00edntomas de cansancio y posible intoxicaci\u00f3n por humo.<\/strong><\/p>\n<p class=\"voc-p\" style=\"\">El equipo de sanitarios integrado en el puesto de mando avanzado lo asisti\u00f3 en el lugar y, tras la revisi\u00f3n, pudo regresar a base junto a su brigada para su descanso.<\/p>\n<p class=\"voc-p\" style=\"\">El incendio se mantiene en nivel 2 de emergencia, con una superficie estimada de 2.000 hect\u00e1reas calcinadas. <strong>En la zona trabajan a mediod\u00eda 25 medios a\u00e9reos y 40 terrestres, con un despliegue total de 304 efectivos<\/strong> entre bomberos forestales, agentes medioambientales y personal t\u00e9cnico del Infocam. En las tareas participan tambi\u00e9n medios del Ministerio para la Transici\u00f3n Ecol\u00f3gica y el Reto Demogr\u00e1fico, la Unidad Militar de Emergencias (UME), efectivos de Castilla y Le\u00f3n y del 112 de la Comunidad de Madrid.<\/p>\n<p class=\"voc-p\" style=\"\">Debido al humo generado por el incendio este s\u00e1bado se han<strong> restringido los accesos al hayedo de la Tejera Negra<\/strong>. Las autoridades han recomendado tambi\u00e9n evitar la circulaci\u00f3n en el entorno del Parque Natural de la Sierra Norte para facilitar las labores de extinci\u00f3n.<\/p>\n<p class=\"voc-p\" style=\"\">Asimismo, Protecci\u00f3n civil y Emergencias de la Junta de Castilla y Le\u00f3n ha enviado un mensaje a tel\u00e9fonos m\u00f3viles a trav\u00e9s del sistema ES-Alert para <strong>recomendar la suspensi\u00f3n de actividades al aire libre en la zona de La Pinilla (Segovia)<\/strong> a causa del incendio forestal de Pe\u00f1alba de la Sierra (Guadalajara). \u00abAbandone toda actividad recreativa y deportiva en el medio natural. Evite el tr\u00e1nsito en todo el \u00e1rea. Siga las instrucciones de las autoridades\u00bb, reza el mensaje de la alerta.<\/p>\n<p>Reportar un error<\/p>\n","protected":false},"excerpt":{"rendered":"Los sanitarios del puesto de mando avanzado lo han asistido en el lugar y, tras la revisi\u00f3n, pudo&hellip;\n","protected":false},"author":2,"featured_media":142479,"comment_status":"","ping_status":"","sticky":false,"template":"","format":"standard","meta":{"footnotes":""},"categories":[8],"tags":[44191,17,18,44190,44192,25,24,13,14,439,11,48,7730,19,20,11458,9,10,15,16,11658,2397,23,12,21,22],"class_list":{"0":"post-142478","1":"post","2":"type-post","3":"status-publish","4":"format-standard","5":"has-post-thumbnail","7":"category-espana","8":"tag-atendido","9":"tag-breaking-news","10":"tag-breakingnews","11":"tag-brigadista","12":"tag-cansancio","13":"tag-es","14":"tag-espana","15":"tag-featured-news","16":"tag-featurednews","17":"tag-guadalajara","18":"tag-headlines","19":"tag-incendio","20":"tag-intoxicacion","21":"tag-latest-news","22":"tag-latestnews","23":"tag-lobo","24":"tag-news","25":"tag-noticias","26":"tag-noticias-destacadas","27":"tag-noticiasdestacadas","28":"tag-pico","29":"tag-posible","30":"tag-spain","31":"tag-titulares","32":"tag-ultimas-noticias","33":"tag-ultimasnoticias"},"share_on_mastodon":{"url":"","error":""},"_links":{"self":[{"href":"https:\/\/www.europesays.com\/es\/wp-json\/wp\/v2\/posts\/142478","targetHints":{"allow":["GET"]}}],"collection":[{"href":"https:\/\/www.europesays.com\/es\/wp-json\/wp\/v2\/posts"}],"about":[{"href":"https:\/\/www.europesays.com\/es\/wp-json\/wp\/v2\/types\/post"}],"author":[{"embeddable":true,"href":"https:\/\/www.europesays.com\/es\/wp-json\/wp\/v2\/users\/2"}],"replies":[{"embeddable":true,"href":"https:\/\/www.europesays.com\/es\/wp-json\/wp\/v2\/comments?post=142478"}],"version-history":[{"count":0,"href":"https:\/\/www.europesays.com\/es\/wp-json\/wp\/v2\/posts\/142478\/revisions"}],"wp:featuredmedia":[{"embeddable":true,"href":"https:\/\/www.europesays.com\/es\/wp-json\/wp\/v2\/media\/142479"}],"wp:attachment":[{"href":"https:\/\/www.europesays.com\/es\/wp-json\/wp\/v2\/media?parent=142478"}],"wp:term":[{"taxonomy":"category","embeddable":true,"href":"https:\/\/www.europesays.com\/es\/wp-json\/wp\/v2\/categories?post=142478"},{"taxonomy":"post_tag","embeddable":true,"href":"https:\/\/www.europesays.com\/es\/wp-json\/wp\/v2\/tags?post=142478"}],"curies":[{"name":"wp","href":"https:\/\/api.w.org\/{rel}","templated":true}]}}